{"id":43445,"date":"2021-12-14T16:10:49","date_gmt":"2021-12-14T22:10:49","guid":{"rendered":"https:\/\/redsemlac.com\/semmexico\/?p=43445"},"modified":"2023-07-21T18:54:39","modified_gmt":"2023-07-21T23:54:39","slug":"el-49-de-las-familias-monomarentales-en-situacion-de-riesgo-de-pobreza","status":"publish","type":"post","link":"https:\/\/redsemlac.com\/semmexico\/el-49-de-las-familias-monomarentales-en-situacion-de-riesgo-de-pobreza\/","title":{"rendered":"El 49 % de las familias monomarentales en situaci\u00f3n de riesgo de pobreza"},"content":{"rendered":"\n<ul class=\"wp-block-list\"><li><strong>81 % de estas familias est\u00e1n encabezadas por una mujer<\/strong><\/li><\/ul>\n\n\n\n<ul class=\"wp-block-list\"><li><strong>Situaci\u00f3n sanitaria y crisis econ\u00f3mica-social una dura prueba para este modelo familiar<br><br><\/strong><\/li><\/ul>\n\n\n\n<p class=\"wp-block-paragraph\"><strong>Jos\u00e9 Antonio S\u00e1nchez G\u00f3mez<\/strong><\/p>\n\n\n\n<p class=\"wp-block-paragraph\">SemM\u00e9xico\/AmecoPress, Madrid. 14 de diciembre, 2021.-&nbsp;El IV congreso sobre familias monomarentales realizado por la&nbsp;<a href=\"https:\/\/familiasmonomarentales.es\/\">Federaci\u00f3n de Asociaciones de Madres Solteras<\/a>&nbsp;se ha celebrado de forma online debido a la situaci\u00f3n sanitaria. En este evento se ha presentado el estudio \u2018\u2019Historias que Cambian. Vulnerabilidad de las familias frente a la Covid19\u2019\u2019.<\/p>\n\n\n\n<p class=\"wp-block-paragraph\">Las familias monomarentales se enfrentan todav\u00eda a la estigmatizaci\u00f3n social. Tampoco escapan a la discriminaci\u00f3n por motivos de g\u00e9nero. De hecho, a pesar de que el 81 por ciento de estas familias est\u00e1n encabezadas por una mujer, la sociedad sigue utilizando el t\u00e9rmino monoparental y no habla de familias monomarentales para dar una correcta visibilidad a las familias con un \u00fanico progenitor.<\/p>\n\n\n\n<p class=\"wp-block-paragraph\">Patricia Bezunartea Barrio, directora general de Diversidad Familiar y Servicios Sociales, ha se\u00f1alado el gran reto que es dar a conocer el modelo de familia monomarental, en el que las mujeres tienen un protagonismo \u00fanico e inigualable y reivindicar el reconocimiento de las familias que no se ajustan a los est\u00e1ndares familiares cl\u00e1sicos. Bezunartea ha se\u00f1alado que a menudo las familias monomarentales se consideran desestructuradas por no contar con todos los elementos cl\u00e1sicos de familia: \u2018\u2019No hay familias peque\u00f1as, no hay modelos de familias mejores o peores. No se puede hablar de familia desestructurada por no ajustarse al modelo de familia tradicional\u2019\u2019.<\/p>\n\n\n\n<p class=\"wp-block-paragraph\">Un 10 por ciento del total de las familias en Espa\u00f1a tiene una estructura monomarental, lo que corresponde a casi 2 millones. Sin embargo, este modelo de familia se encuentra expuesto a mucha m\u00e1s vulnerabilidad y exclusi\u00f3n social. La tasa de riego de pobreza es del 49,1 por ciento para los hogares que \u00fanicamente cuentan con un progenitor, es decir que casi la mitad de este tipo de familia se encuentra en esta situaci\u00f3n.<\/p>\n\n\n\n<p class=\"wp-block-paragraph\">La situaci\u00f3n sanitaria y la crisis econ\u00f3mica y social en relaci\u00f3n a la Covid 19 han sido una dura prueba para este modelo familiar. La brecha de g\u00e9nero se ha incrementado y en materias de conciliaci\u00f3n y cuidados se ha dejado ver la falta de medios y herramientas de las que se disponen.<\/p>\n\n\n\n<p class=\"wp-block-paragraph\">En el a\u00f1o 2019 el gobierno comenz\u00f3 a ofrecer diversas ayudas para las familias monomarentales como el ingreso m\u00ednimo vital o los incrementos en las becas y subvenciones. Se ha se\u00f1alado que son grandes avances en la regulaci\u00f3n de las familias monomarentales, pero una de las principales reclamaciones en este congreso ha sido la mejor\u00eda de los apoyos p\u00fablicos, la necesidad de generar herramientas institucionales para la corresponsabilidad e implementar las ayudas fiscales y econ\u00f3micas que ayuden a desarrollar un marco general para este tipo de familias.<\/p>\n\n\n\n<p class=\"wp-block-paragraph\">En la presentaci\u00f3n del estudio \u2018\u2019Historias que Cambian. Vulnerabilidad de las familias frente a la Covid19\u2019\u2019 han participado Paloma de Uribe Gil y Hebe Bonilla Rodr\u00edguez, ambas del equipo de FAMS. En este estudio han se\u00f1alado que hay cuatro factores que indicen directamente en las familias: la econom\u00eda, la pol\u00edtica, el orden simb\u00f3lico y la sexualidad, sobre los que se ha basado la investigaci\u00f3n.<\/p>\n\n\n\n<p class=\"wp-block-paragraph\">Las comunidades aut\u00f3nomas tienen diferentes regulaciones en torno a este tipo de familias. Desde FAMS creen que es necesario una ley \u00fanica a nivel nacional que permita identificar a las familias monomarentales, darles visibilidad y a su vez clasificar a las familias con distintos grados dando prioridad a las que tengan dos o m\u00e1s hijos, aquellas que cuenten con un miembro con diversidad funcional o incapacidad laboral y aquellas con dificultades econ\u00f3micas.<\/p>\n\n\n\n<p class=\"wp-block-paragraph\">Con la crisis de la Covid 19 la tasa de riesgo de pobreza crece un 21 por ciento para las familias monomarentales y un 0,3 por ciento para las familias biparentales<\/p>\n\n\n\n<p class=\"wp-block-paragraph\">Desde este estudio tambi\u00e9n han se\u00f1alado que hay una falta de protecci\u00f3n social frente a la Covid 19. El 80 por ciento de las mujeres que lideran familias monomarentales ha visto empeorar su situaci\u00f3n laboral durante la pandemia. Y pese a haber un 42 por ciento de las madres que poseen estudios universitarios, el 56 por ciento viven con menos de mil euros al mes. La ausencia de una ley estatal monoparental provoca que se incorpore la monomarentalidad como criterio de exclusi\u00f3n.<\/p>\n\n\n\n<p class=\"wp-block-paragraph\">En base a los datos del estudio realizado por la Federaci\u00f3n se han propuesto diferentes medidas empezando por la vivienda, dado que, como ha se\u00f1alado Carmen Flores Rodr\u00edguez, presidenta de FAMS \u00abes el pilar fundamental para cualquier familia\u2019\u2019. Estas propuestas pasan por agilizar los tr\u00e1mites y requisitos para la concesi\u00f3n de ayudas e Incrementar los mecanismos de tramitaci\u00f3n urgentes para atender e informar de los derechos que tienen estas familias porque la dificultad de acceso a la tecnolog\u00eda merma el conocimiento de estos derechos. En lo correspondiente al empleo se ha propuesto mantener medidas espec\u00edficas de empleo y conciliaci\u00f3n, permisos retribuidos para el cuidado y el autocuidado y flexibilizar horarios laborales y la posibilidad del teletrabajo.<\/p>\n\n\n\n<p class=\"wp-block-paragraph\">Elvira M\u00e9ndez, directora de la Asociaci\u00f3n Salud y Familia y Graciela Malgesini, responsable de Incidencia Pol\u00edtica de EAPN, han participado en el debate que ha tenido lugar despu\u00e9s de la presentaci\u00f3n del estudio intentado aportar soluciones que puedan realizarse a corto y medio plazo para la mejora de la calidad de vida de las familias monomarentales como: prestaciones por nacimiento no contributivas, escuelas infantiles de 0 a 3 a\u00f1os gratuitas y la reforma horaria para terminar las jornadas laborales como tarde a las 20:00.<\/p>\n\n\n\n<p class=\"wp-block-paragraph\">SEM-AmecoPress\/jasg<\/p>\n","protected":false},"excerpt":{"rendered":"<p>El IV congreso sobre familias monomarentales realizado por la\u00a0Federaci\u00f3n de Asociaciones de Madres Solteras\u00a0se ha celebrado de forma online debido a la situaci\u00f3n sanitaria.<\/p>\n","protected":false},"author":3,"featured_media":43446,"comment_status":"open","ping_status":"open","sticky":false,"template":"","format":"standard","meta":{"_monsterinsights_skip_tracking":false,"footnotes":""},"categories":[692,53],"tags":[],"class_list":["post-43445","post","type-post","status-publish","format-standard","has-post-thumbnail","category-692","category-internacional"],"_links":{"self":[{"href":"https:\/\/redsemlac.com\/semmexico\/wp-json\/wp\/v2\/posts\/43445","targetHints":{"allow":["GET"]}}],"collection":[{"href":"https:\/\/redsemlac.com\/semmexico\/wp-json\/wp\/v2\/posts"}],"about":[{"href":"https:\/\/redsemlac.com\/semmexico\/wp-json\/wp\/v2\/types\/post"}],"author":[{"embeddable":true,"href":"https:\/\/redsemlac.com\/semmexico\/wp-json\/wp\/v2\/users\/3"}],"replies":[{"embeddable":true,"href":"https:\/\/redsemlac.com\/semmexico\/wp-json\/wp\/v2\/comments?post=43445"}],"version-history":[{"count":0,"href":"https:\/\/redsemlac.com\/semmexico\/wp-json\/wp\/v2\/posts\/43445\/revisions"}],"wp:featuredmedia":[{"embeddable":true,"href":"https:\/\/redsemlac.com\/semmexico\/wp-json\/wp\/v2\/media\/43446"}],"wp:attachment":[{"href":"https:\/\/redsemlac.com\/semmexico\/wp-json\/wp\/v2\/media?parent=43445"}],"wp:term":[{"taxonomy":"category","embeddable":true,"href":"https:\/\/redsemlac.com\/semmexico\/wp-json\/wp\/v2\/categories?post=43445"},{"taxonomy":"post_tag","embeddable":true,"href":"https:\/\/redsemlac.com\/semmexico\/wp-json\/wp\/v2\/tags?post=43445"}],"curies":[{"name":"wp","href":"https:\/\/api.w.org\/{rel}","templated":true}]}}