{"id":4341,"date":"2016-11-07T22:06:18","date_gmt":"2016-11-07T22:06:18","guid":{"rendered":"https:\/\/redsemlac.com\/semmexico\/?p=4341"},"modified":"2023-07-21T14:23:44","modified_gmt":"2023-07-21T19:23:44","slug":"los-prostituyentes","status":"publish","type":"post","link":"https:\/\/redsemlac.com\/semmexico\/los-prostituyentes\/","title":{"rendered":"Los prostituyentes"},"content":{"rendered":"\n<p class=\"wp-block-paragraph\">Mujeres y Pol\u00edtica<\/p>\n\n\n\n<h5 class=\"wp-block-heading\"> Mujeres y pol\u00edtica<\/h5>\n\n\n\n<p class=\"wp-block-paragraph\"><a href=\"https:\/\/semmexico.com\/gallery-post.php?id=282#\">Soledad Jarqu\u00edn Edgar<\/a><\/p>\n\n\n\n<p class=\"wp-block-paragraph\">Soledad Jarqu\u00edn Edgar<br><br>SemM\u00e9xico, 7 noviembre 2016.- \u201cSer cliente te hace parte de la cadena de trata\u201d, esta frase la hemos visto infinidad de veces.<br><br>Muchas veces las campa\u00f1as van dirigidas a los j\u00f3venes y tal parece que se nos olvidan los mayorcitos, como los dos senadores del PRD, Luis S\u00e1nchez Jim\u00e9nez y Fernando Mayans Canabal, quienes dieron muestra de lo que son cuando fueron escuchados \u201cbromeando\u201d sobre \u201csus derechos como usuarios de trata\u201d, dijeron con su cara dura despu\u00e9s, De verdad no imagino la cara de verg\u00fcenza de sus madres, hermanas, parejas e hijas, si es que las tuvieran.<br><br>S\u00e1nchez Jim\u00e9nez militante del PRD ha sido presidente municipal en Netzahualc\u00f3yotl, diputado local, federal y ahora Senador, am\u00e9n de otros cargos p\u00fablicos. Y como cereza del pastel fue en sus principios, dirigente del Movimiento de Vida Digna. L\u00e1stima que este personaje pol\u00edtico solo utilice el membrete y no lo entienda. Incluso es \u201cpluma invitada\u201d de algunos importantes diarios. O sea un se\u00f1or de la Opini\u00f3n P\u00fablica.<br><br>Fernando Mayans Canabal es un senador tabasque\u00f1o y como S\u00e1nchez Jim\u00e9nez, es un cincuent\u00f3n como se dice entre la vox populi a las personas que han rebasado el medio siglo. Curiosamente es m\u00e9dico egresado de La Salle. A diferencia de su amigo S\u00e1nchez, Mayans perdi\u00f3 la elecci\u00f3n por la capital tabasque\u00f1a y bueno, podr\u00eda parecer de la clase intelectual, tiene un libro en su haber : La medicina en Tabasco a trav\u00e9s del Tiempo, que hizo junto con Di\u00f3genes de la Cruz Pereyra.<br><br>La \u201cbroma\u201d de los Senadores nos hablan de c\u00f3mo todo pol\u00edtico var\u00f3n, mexicano o de cualquier otro lado del mundo, tienen su macho adentro. Estas personas, que de acuerdo con su curr\u00edculum podr\u00edan parecer hombres honestos, correctos, seguramente proclives \u201cal g\u00e9nero\u201d, como luego dicen, son de esos se\u00f1ores que expresan \u201camo a todas las mujeres\u201d pero luego piensan (y me atengo a todas las consecuencias) que todas las mujeres son putas, menos las de su familia. Mal por ellos.<br><br>Un asunto fundamental, sin duda, es el problema de trata en M\u00e9xico, que genera prostituci\u00f3n, que reduce a las mujeres a objetos, a cosas que a cambio de dinero pueden ser usadas para placer de los con poder, al menos econ\u00f3mico y aun cuando sea moment\u00e1neo. El invento de que las mujeres somos cuerpos-cosas y que podemos ser vendidas como mercanc\u00edas tiene origen en el principio de la definici\u00f3n del poder en manos de los hombres. Como se\u00f1ala la historiadora feminista Gelda Lerner las mujeres fueron las primeras esclavas de la humanidad desde tiempos remotos, una esclavitud atravesada por el racismo y el sexismo, vendidas o intercambiadas como fuerza de trabajo, esclavas sexuales y como reproductoras.<br><br>Y seguimos en la misma condici\u00f3n de los tiempos remotos. Las mujeres en general tenemos miedo de vivir en este pa\u00eds y todos aquellos donde el derecho a la vida libre de violencia de g\u00e9nero es una leyenda inscrita pero no es un hecho sustantivo; donde las hijas desaparecen y nadie vuelve a saber nada de de ellas, donde las instituciones siguen sin poder encontrar la punta de la hebra, sin que la justicia ate cabos. La explicaci\u00f3n es simple: a nadie le interesan las mujeres, el poder es patriarcal.<br><br>Los senadores del PRD ser\u00e1n amonestados o sancionados, tal vez por su partido. La Comisi\u00f3n Contra la Trata de Personas del Senado ha reprobado los dichos de los senadores prostituyentes y lo califica \u201cen\u00e9rgicamente\u201d como desafortunado e insensible. Bueno\u2026bueno.<br><br>Sin duda, los Senadores prostituyentes, declarados y confesos usuarios de mujeres a quienes ven como cuerpos objeto, merecen mas que sanciones de su partido, m\u00e1s que reclamos de sus compa\u00f1eros y compa\u00f1eras legisladoras, la sociedad y en espec\u00edfico las feministas los quieren fuera del circulo del poder. Porque si toleramos esto, toleramos todo.<br><br>Me pregunto si sus disculpas en twitter las habr\u00e1n visto las v\u00edctimas de trata, obligadas a tener sexo con una veintena o treintena de hombres por d\u00eda, si no es que m\u00e1s; si las ni\u00f1as a las que se les rob\u00f3 todo tendr\u00e1n twitter para aceptar que los Senadores estaban, como dicen, bromeando nada m\u00e1s. Si las madres y familias de las v\u00edctimas de trata, que incluyen a ni\u00f1as, ni\u00f1os, adolescentes, j\u00f3venes, mujeres de todas las edades, habr\u00e1n visto semejantes disculpas, el \u201custedes perdonen\u2026\u201d. Yo y seguramente ustedes, simplemente, piensan que no.<br><br>Como dicen las feministas consultadas por SemM\u00e9xico (goo.gl\/BHQVMK), no se acabar\u00e1 con la trata de mujeres y ni\u00f1as mientras \u201ctipos\u201d con poder sigan acudiendo a los burdeles y a las calles a comprar sexo (Norma Reyes Ter\u00e1n\/Oaxaca). De sus palabras se infiere que estos mentados senadores no se han dado cuenta del grave problema que tiene M\u00e9xico (Alma Irma Ochoa Trevi\u00f1o\/Monterrey); machos disfrazados de personas decentes\u2026 confesos usuarios de mujeres v\u00edctimas de trata (B\u00e1rbara Garc\u00eda Ch\u00e1vez\/Oaxaca); La postura de los perredistas en la m\u00e1xima tribuna de la Naci\u00f3n es una visi\u00f3n cotidiana, multiplicada en los pensamientos de quienes toman las decisiones (Carolina Ram\u00edrez\/Veracruz).<br><br>Es importante y urgente que este pa\u00eds cambie de verdad y eso demanda gobernantes, mujeres y hombres, creyentes de los derechos humanos y de la igualdad m\u00e1s que de otra cosa.<br><br>Seguramente nunca escucharemos \u2013ni de broma- a las mujeres (Senadoras, diputadas, gobernadoras y funcionarias p\u00fablicas) declararse usuarias de la trata y por ello reclamar ese derecho y eso hace la diferencia.<br><br>Qu\u00e9 los Senadores se reeduquen y luego vuelvan a sus curules, eso ser\u00eda bueno, ben\u00e9fico para el pa\u00eds. Ser\u00eda una lecci\u00f3n para quienes no acaban de aprender, de lo contrario estaremos frente a la misma pel\u00edcula de siempre: la impunidad. Quiero ver que M\u00e9xico ya cambi\u00f3.<br><br>@jarquinedgar<br><\/p>\n","protected":false},"excerpt":{"rendered":"<p>Mujeres y Pol\u00edtica Mujeres y pol\u00edtica Soledad Jarqu\u00edn Edgar Soledad Jarqu\u00edn Edgar SemM\u00e9xico, 7 noviembre 2016.- \u201cSer cliente te hace parte de la cadena de trata\u201d, esta frase la hemos visto infinidad de veces. Muchas veces las campa\u00f1as van dirigidas a los j\u00f3venes y tal parece que se nos olvidan los mayorcitos, como los dos [&hellip;]<\/p>\n","protected":false},"author":3,"featured_media":4108,"comment_status":"open","ping_status":"open","sticky":false,"template":"","format":"standard","meta":{"_monsterinsights_skip_tracking":false,"footnotes":""},"categories":[688,75,1],"tags":[],"class_list":["post-4341","post","type-post","status-publish","format-standard","has-post-thumbnail","category-688","category-soledad-jarquin-edgar","category-uncategorized"],"_links":{"self":[{"href":"https:\/\/redsemlac.com\/semmexico\/wp-json\/wp\/v2\/posts\/4341","targetHints":{"allow":["GET"]}}],"collection":[{"href":"https:\/\/redsemlac.com\/semmexico\/wp-json\/wp\/v2\/posts"}],"about":[{"href":"https:\/\/redsemlac.com\/semmexico\/wp-json\/wp\/v2\/types\/post"}],"author":[{"embeddable":true,"href":"https:\/\/redsemlac.com\/semmexico\/wp-json\/wp\/v2\/users\/3"}],"replies":[{"embeddable":true,"href":"https:\/\/redsemlac.com\/semmexico\/wp-json\/wp\/v2\/comments?post=4341"}],"version-history":[{"count":0,"href":"https:\/\/redsemlac.com\/semmexico\/wp-json\/wp\/v2\/posts\/4341\/revisions"}],"wp:featuredmedia":[{"embeddable":true,"href":"https:\/\/redsemlac.com\/semmexico\/wp-json\/wp\/v2\/media\/4108"}],"wp:attachment":[{"href":"https:\/\/redsemlac.com\/semmexico\/wp-json\/wp\/v2\/media?parent=4341"}],"wp:term":[{"taxonomy":"category","embeddable":true,"href":"https:\/\/redsemlac.com\/semmexico\/wp-json\/wp\/v2\/categories?post=4341"},{"taxonomy":"post_tag","embeddable":true,"href":"https:\/\/redsemlac.com\/semmexico\/wp-json\/wp\/v2\/tags?post=4341"}],"curies":[{"name":"wp","href":"https:\/\/api.w.org\/{rel}","templated":true}]}}