{"id":43396,"date":"2021-12-13T12:26:44","date_gmt":"2021-12-13T18:26:44","guid":{"rendered":"https:\/\/redsemlac.com\/semmexico\/?p=43396"},"modified":"2023-07-21T18:54:41","modified_gmt":"2023-07-21T23:54:41","slug":"cuba-miradas-multiples-a-la-violencia-de-genero-comparten-espacio-virtual","status":"publish","type":"post","link":"https:\/\/redsemlac.com\/semmexico\/cuba-miradas-multiples-a-la-violencia-de-genero-comparten-espacio-virtual\/","title":{"rendered":"Cuba: Miradas m\u00faltiples a la violencia de g\u00e9nero comparten espacio virtual"},"content":{"rendered":"\n<ul class=\"wp-block-list\"><li><strong>Profesionales de distintas disciplinas sistematizan avances y brechas para la atenci\u00f3n de la violencia<\/strong><\/li><\/ul>\n\n\n\n<ul class=\"wp-block-list\"><li><strong>Confirman permanencia de la violencia en el noviazgo<\/strong><\/li><\/ul>\n\n\n\n<p class=\"wp-block-paragraph\"><strong>Dixie Edith<\/strong><strong><\/strong><\/p>\n\n\n\n<p class=\"wp-block-paragraph\">SemM\u00e9xico\/ SEMlac. La Habana, Cuba. 13 de diciembre 2021. &#8211; Un desaf\u00edo esencial para la atenci\u00f3n de la violencia de g\u00e9nero en Cuba pasa por contar con un levantamiento que mapee y sistematice todas las acciones que se realizan en el pa\u00eds, en busca de articular una ruta m\u00e1s integral para la prevenci\u00f3n, acompa\u00f1amiento y atenci\u00f3n de esa problem\u00e1tica.<\/p>\n\n\n\n<p class=\"wp-block-paragraph\"><br>Posicionada por la soci\u00f3loga Clotilde Proveyer Cervantes, tal urgencia qued\u00f3 recogida como una de las principales conclusiones del primer taller nacional del Cap\u00edtulo Cubano de la Red Regional de Estudios sobre la Violencia Basada en G\u00e9nero (RREVB) en el Caribe Insular, celebrado el 10 de diciembre entre especialistas de todo el pa\u00eds.<\/p>\n\n\n\n<p class=\"wp-block-paragraph\"><br>Nombrado \u00abDialogando desde los territorios en torno a la violencia basada en g\u00e9nero\u00bb, el encuentro virtual, desarrollado v\u00eda Google Meet, reuni\u00f3 a profesionales de la pedagog\u00eda, la comunicaci\u00f3n, el derecho, la sociolog\u00eda, la psicolog\u00eda y las ciencias de la salud, entre otros perfiles, en busca de sistematizar avances y brechas para la atenci\u00f3n a la violencia a nivel territorial.<\/p>\n\n\n\n<p class=\"wp-block-paragraph\"><br>La permanencia de estereotipos y roles en la socializaci\u00f3n de g\u00e9nero, vista desde diferentes aristas, capitaliz\u00f3 muchos de los acercamientos investigativos presentados y confirm\u00f3 a las poblaciones j\u00f3venes como demandantes de atenci\u00f3n particular, desde la prevenci\u00f3n de las desigualdades que originan la violencia de g\u00e9nero.<\/p>\n\n\n\n<p class=\"wp-block-paragraph\"><br>Estudios realizados en la Universidad de Ciencias M\u00e9dicas de Cienfuegos, provincia central localizada a unos 250 kil\u00f3metros de La Habana, confirman la violencia en el noviazgo como \u00abmuy frecuente\u00bb entre j\u00f3venes universitarios, lo cual demanda estudios m\u00e1s profundos y generalizados en todo el pa\u00eds e intervenci\u00f3n urgente.<\/p>\n\n\n\n<p class=\"wp-block-paragraph\"><br>El 55,40 por ciento de 74 estudiantes de Medicina de ambos sexos entrevistados para la indagaci\u00f3n confes\u00f3 \u00abhaber vivido situaciones de violencia en casi todas sus tipolog\u00edas\u00bb, confirm\u00f3 el poster presentado por Yamila Ramos Rangel, Laura Magda L\u00f3pez Angulo, Mar\u00eda Suz Pompa y Daniela Garc\u00eda Ramos.<\/p>\n\n\n\n<p class=\"wp-block-paragraph\"><br>La violencia m\u00e1s experimentada por ambos sexos es la psicol\u00f3gica, en particular la derivada del control y de los celos. Entre las muchachas, las manifestaciones menos identificadas fueron la humillaci\u00f3n y la coerci\u00f3n, pero reconocieron en mayo grado la violencia sexual. En tanto, los muchachos refirieron recibir, mayormente, celos y control.<\/p>\n\n\n\n<p class=\"wp-block-paragraph\"><br>Sin embargo, al indagar sobre qui\u00e9nes y c\u00f3mo se ejerce la violencia, ellas admitieron practicar m\u00e1s violencia psicol\u00f3gica asociada a los celos, seguida de la humillaci\u00f3n y la coerci\u00f3n. En tanto, ellos perpetraron m\u00e1s todos los tipos de violencia psicol\u00f3gica.<\/p>\n\n\n\n<p class=\"wp-block-paragraph\"><br>Resulta parad\u00f3jico que, aunque m\u00e1s de la mitad de los hombres entrevistados dijo haber ejercido violencia f\u00edsica, esta forma de maltrato fue la que report\u00f3 las puntuaciones m\u00e1s bajas, precisaron las investigadoras.<\/p>\n\n\n\n<p class=\"wp-block-paragraph\"><br>Para este equipo de trabajo es particularmente preocupante que estas formas de maltrato ocurran con esos niveles de frecuencia, justamente entre estudiantes de Medicina. A la par, destacaron su car\u00e1cter bidireccional y c\u00f3mo muchachas y muchachos act\u00faan indistintamente como receptores y perpetradores.<\/p>\n\n\n\n<p class=\"wp-block-paragraph\"><br>En el extremo este del pa\u00eds, en la provincia de Guant\u00e1namo, a m\u00e1s de 900 kil\u00f3metros de la capital, otra investigaci\u00f3n posicion\u00f3 la violencia en el escenario familiar, particularmente entre mujeres j\u00f3venes, entre 25 y 35 a\u00f1os, la mayor\u00eda amas de casa.<\/p>\n\n\n\n<p class=\"wp-block-paragraph\"><br>Las investigadoras Meglis Rivero Favier y Nayra Mart\u00ednez Manzanares, de la Universidad de Guant\u00e1namo, precisaron que estas mujeres j\u00f3venes han sufrido principalmente violencia f\u00edsica por parte de sus ex parejas.<\/p>\n\n\n\n<p class=\"wp-block-paragraph\"><br>Sin embargo, el hecho de considerarse como lesiones no graves y no tener a\u00fan la violencia de g\u00e9nero un reconocimiento expl\u00edcito en el C\u00f3digo Penal vigente, ha dejado a estas mujeres, en muchas ocasiones, en situaci\u00f3n de mayor vulnerabilidad.<\/p>\n\n\n\n<p class=\"wp-block-paragraph\"><br>Al respecto, Proveyer coment\u00f3 el valor de la reci\u00e9n aprobada Estrategia integral de prevenci\u00f3n y atenci\u00f3n a la violencia de g\u00e9nero y la violencia en el escenario familiar publicada el 9 de diciembre en la Gaceta Oficial de la Rep\u00fablica, como norma vinculante para la atenci\u00f3n a las violencias desde todas las instituciones y organismos del Estado.<\/p>\n\n\n\n<p class=\"wp-block-paragraph\"><br>El taller tambi\u00e9n incorpor\u00f3 an\u00e1lisis sobre las brechas para la atenci\u00f3n a la violencia de g\u00e9nero en la legislaci\u00f3n cubana actual, el maltrato asociado a la pr\u00e1ctica de sexo transaccional, el\u00a0<em>bullying<\/em>\u00a0escolar, el empoderamiento femenino en el \u00e1mbito laboral y las violencias en los espacios digitales, entre otros.<\/p>\n\n\n\n<p class=\"wp-block-paragraph\"><br>La Red Regional de Estudios sobre la Violencia Basada en G\u00e9nero est\u00e1 integrada por profesionales de Hait\u00ed, Cuba y Rep\u00fablica Dominicana, con el objetivo de fortalecer las estrategias regionales destinadas a eliminar la violencia basada en g\u00e9nero, a trav\u00e9s de diferentes procesos investigativos de enfoque interseccional, que apoyen la construcci\u00f3n de un marco te\u00f3rico, conceptual y jur\u00eddico.<\/p>\n\n\n\n<p class=\"wp-block-paragraph\">SEM-SEMlac<\/p>\n","protected":false},"excerpt":{"rendered":"<p>Confirman permanencia de la violencia en el noviazgo<\/p>\n","protected":false},"author":3,"featured_media":43397,"comment_status":"open","ping_status":"open","sticky":false,"template":"","format":"standard","meta":{"_monsterinsights_skip_tracking":false,"footnotes":""},"categories":[692,53],"tags":[],"class_list":["post-43396","post","type-post","status-publish","format-standard","has-post-thumbnail","category-692","category-internacional"],"_links":{"self":[{"href":"https:\/\/redsemlac.com\/semmexico\/wp-json\/wp\/v2\/posts\/43396","targetHints":{"allow":["GET"]}}],"collection":[{"href":"https:\/\/redsemlac.com\/semmexico\/wp-json\/wp\/v2\/posts"}],"about":[{"href":"https:\/\/redsemlac.com\/semmexico\/wp-json\/wp\/v2\/types\/post"}],"author":[{"embeddable":true,"href":"https:\/\/redsemlac.com\/semmexico\/wp-json\/wp\/v2\/users\/3"}],"replies":[{"embeddable":true,"href":"https:\/\/redsemlac.com\/semmexico\/wp-json\/wp\/v2\/comments?post=43396"}],"version-history":[{"count":0,"href":"https:\/\/redsemlac.com\/semmexico\/wp-json\/wp\/v2\/posts\/43396\/revisions"}],"wp:featuredmedia":[{"embeddable":true,"href":"https:\/\/redsemlac.com\/semmexico\/wp-json\/wp\/v2\/media\/43397"}],"wp:attachment":[{"href":"https:\/\/redsemlac.com\/semmexico\/wp-json\/wp\/v2\/media?parent=43396"}],"wp:term":[{"taxonomy":"category","embeddable":true,"href":"https:\/\/redsemlac.com\/semmexico\/wp-json\/wp\/v2\/categories?post=43396"},{"taxonomy":"post_tag","embeddable":true,"href":"https:\/\/redsemlac.com\/semmexico\/wp-json\/wp\/v2\/tags?post=43396"}],"curies":[{"name":"wp","href":"https:\/\/api.w.org\/{rel}","templated":true}]}}