{"id":43389,"date":"2021-12-13T12:20:49","date_gmt":"2021-12-13T18:20:49","guid":{"rendered":"https:\/\/redsemlac.com\/semmexico\/?p=43389"},"modified":"2023-07-21T18:54:42","modified_gmt":"2023-07-21T23:54:42","slug":"cndh-emite-recomendacion-por-violaciones-graves-a-semar-y-fge-nayarit","status":"publish","type":"post","link":"https:\/\/redsemlac.com\/semmexico\/cndh-emite-recomendacion-por-violaciones-graves-a-semar-y-fge-nayarit\/","title":{"rendered":"CNDH emite recomendaci\u00f3n por violaciones graves de SEMAR y FGE-Nayarit"},"content":{"rendered":"\n<ul class=\"wp-block-list\"><li><strong>Por uso excesivo de la fuerza y privaci\u00f3n de la vida de cuatro personas&nbsp;en 2017<\/strong><\/li><\/ul>\n\n\n\n<ul class=\"wp-block-list\"><li><strong>Pide Defensor\u00eda del Pueblo atenci\u00f3n a v\u00edctimas y reparaci\u00f3n integral del da\u00f1o<\/strong><\/li><\/ul>\n\n\n\n<p class=\"wp-block-paragraph\"><strong>Redacci\u00f3n<\/strong><strong><\/strong><\/p>\n\n\n\n<p class=\"wp-block-paragraph\">SemM\u00e9xico, Cd. de M\u00e9xico, 13 de diciembre, 2021.- Por el uso excesivo de la fuerza que deriv\u00f3 en la privaci\u00f3n de la vida de tres personas &#8211; una de ellas con seis meses de embarazo-&nbsp;&nbsp;en abril de 2017 en Tepic, Nayarit, as\u00ed como violaciones al derecho a la verdad y acceso a la justicia, atribuibles a elementos de la SEMAR y de dicha Fiscal\u00eda, la CNDH emiti\u00f3 la Recomendaci\u00f3n por Violaciones Graves 47VG\/2021.<\/p>\n\n\n\n<p class=\"wp-block-paragraph\">Esta recomendaci\u00f3n va dirigida a los titulares de la Secretar\u00eda de Marina (SEMAR), almirante Jos\u00e9 Rafael Ojeda Dur\u00e1n, y de la Fiscal\u00eda General del Estado (FGR) de Nayarit, Petronilo D\u00edaz Ponce Medrano.<\/p>\n\n\n\n<p class=\"wp-block-paragraph\">El 3 de mayo de 2017, la CNDH recibi\u00f3, por raz\u00f3n de competencia, la queja iniciada por la Comisi\u00f3n Estatal, por lo que se abri\u00f3 el expediente CNDH\/2\/2017\/3259\/Q y se solicit\u00f3 informaci\u00f3n tanto a la SEMAR como a las FGE, se recabaron pruebas y se realiz\u00f3 el an\u00e1lisis l\u00f3gico-jur\u00eddico del caso.&nbsp;<\/p>\n\n\n\n<p class=\"wp-block-paragraph\">De la informaci\u00f3n proporcionada por elementos de la SEMAR, la Comisi\u00f3n Nacional pudo saber que el d\u00eda de los hechos, elementos de la Marina fueron alertados (mientras realizaban actividades de patrullaje) de la presencia de personas con armas de fuego que ingresaban a un domicilio.<\/p>\n\n\n\n<p class=\"wp-block-paragraph\">Al dirigirse a la casa se\u00f1alada, los elementos de la SEMAR fueron \u00abrecibidos con disparos de arma de fuego efectuados desde el interior\u00bb del domicilio, por lo cual \u00abse utiliz\u00f3 la fuerza letal\u00bb como medio disuasivo, \u00abdando como resultado tres personas civiles sin vida\u00bb, una de ellas embarazada. &nbsp;<\/p>\n\n\n\n<p class=\"wp-block-paragraph\">Del an\u00e1lisis de las evidencias recabadas por esta Comisi\u00f3n Nacional, se acreditaron violaciones a los derechos humanos a la seguridad jur\u00eddica y a la vida, con motivo del uso excesivo de la fuerza por parte de elementos de la SEMAR que deriv\u00f3 en la ejecuci\u00f3n arbitraria de cuatro personas, as\u00ed como violaciones al derecho a la verdad y acceso a la justicia, en su modalidad de procuraci\u00f3n de justicia por falta de exhaustiva y debida diligencia de las investigaciones, atribuibles a la FGE.&nbsp;<\/p>\n\n\n\n<p class=\"wp-block-paragraph\">Por lo anterior, la CNDH emiti\u00f3 una serie de puntos recomendatorios en los que solicita:<\/p>\n\n\n\n<p class=\"wp-block-paragraph\">Al titular de la SEMAR que, en coordinaci\u00f3n con la Comisi\u00f3n Ejecutiva de Atenci\u00f3n a V\u00edctimas, proceda a la reparaci\u00f3n integral del da\u00f1o provocado a las y los familiares de las v\u00edctimas.<\/p>\n\n\n\n<p class=\"wp-block-paragraph\">Que incluya atenci\u00f3n psicol\u00f3gica y tanatol\u00f3gica, as\u00ed como una compensaci\u00f3n justa en t\u00e9rmino de la Ley General de V\u00edctimas y se les inscriba en el Registro Nacional de V\u00edctimas; colaborar en el tr\u00e1mite de la queja que se realice ante el \u00d3rgano Interno de Control por las acciones y omisiones en que hayan incurrido los elementos de la SEMAR involucrados en el caso.&nbsp;<\/p>\n\n\n\n<p class=\"wp-block-paragraph\">Asimismo, se imparta un curso de integral en materia de derechos humanos, a los servidores p\u00fablicos que realicen labores de patrullaje en la Ciudad de Tepic, Nayarit, con \u00e9nfasis en las disposiciones contenidas en el Manual del Uso de la Fuerza de aplicaci\u00f3n com\u00fan a las tres Fuerzas Armadas.<\/p>\n\n\n\n<p class=\"wp-block-paragraph\">Dotar con equipo de video-grabaci\u00f3n, a las unidades utilizadas para la realizaci\u00f3n de operativos, en los que exista contacto con la poblaci\u00f3n civil, a efecto que, en todo momento, se pueda verificar si su actuar se lleva a cabo de acuerdo a los principios de legalidad, la congruencia, la oportunidad y la proporcionalidad, bajo los que debe regirse el uso de la fuerza.&nbsp;<\/p>\n\n\n\n<p class=\"wp-block-paragraph\">Al titular de la FGE le solicita analizar las constancias de la Carpeta de Investigaci\u00f3n 1 y se realicen las actuaciones necesarias con la debida diligencia, con las que se logre una investigaci\u00f3n exhaustiva de los hechos.<\/p>\n\n\n\n<p class=\"wp-block-paragraph\">Colaborar ampliamente en las quejas que esta Comisi\u00f3n Nacional formule ante el Consejo T\u00e9cnico de Carrera Policial por las acciones y omisiones en que incurrieron personas servidoras p\u00fablicas de la FGE en el desempe\u00f1o de sus funciones.<\/p>\n\n\n\n<p class=\"wp-block-paragraph\">Se imparta un curso integral en materia de derechos humanos, al personal del \u00e1rea de investigaci\u00f3n de homicidios, con \u00e9nfasis en las disposiciones contenidas en el Protocolo Minnesota, sobre la investigaci\u00f3n de muertes potencialmente il\u00edcitas.&nbsp;<\/p>\n\n\n\n<p class=\"wp-block-paragraph\">La Recomendaci\u00f3n 47VG\/2021 ya fue debidamente notificada a su destinatario y puede consultarse en la p\u00e1gina web&nbsp;<a href=\"http:\/\/cndh.org.mx\/\" target=\"_blank\" rel=\"noreferrer noopener\">cndh.org.mx<\/a>.&nbsp;<\/p>\n\n\n\n<p class=\"wp-block-paragraph\">SEM\/sj<\/p>\n","protected":false},"excerpt":{"rendered":"<p>Pide Defensor\u00eda del Pueblo atenci\u00f3n a v\u00edctimas y reparaci\u00f3n integral del da\u00f1o<\/p>\n","protected":false},"author":3,"featured_media":21906,"comment_status":"open","ping_status":"open","sticky":false,"template":"","format":"standard","meta":{"_monsterinsights_skip_tracking":false,"footnotes":""},"categories":[692,51],"tags":[],"class_list":["post-43389","post","type-post","status-publish","format-standard","has-post-thumbnail","category-692","category-ejecutivo"],"_links":{"self":[{"href":"https:\/\/redsemlac.com\/semmexico\/wp-json\/wp\/v2\/posts\/43389","targetHints":{"allow":["GET"]}}],"collection":[{"href":"https:\/\/redsemlac.com\/semmexico\/wp-json\/wp\/v2\/posts"}],"about":[{"href":"https:\/\/redsemlac.com\/semmexico\/wp-json\/wp\/v2\/types\/post"}],"author":[{"embeddable":true,"href":"https:\/\/redsemlac.com\/semmexico\/wp-json\/wp\/v2\/users\/3"}],"replies":[{"embeddable":true,"href":"https:\/\/redsemlac.com\/semmexico\/wp-json\/wp\/v2\/comments?post=43389"}],"version-history":[{"count":0,"href":"https:\/\/redsemlac.com\/semmexico\/wp-json\/wp\/v2\/posts\/43389\/revisions"}],"wp:featuredmedia":[{"embeddable":true,"href":"https:\/\/redsemlac.com\/semmexico\/wp-json\/wp\/v2\/media\/21906"}],"wp:attachment":[{"href":"https:\/\/redsemlac.com\/semmexico\/wp-json\/wp\/v2\/media?parent=43389"}],"wp:term":[{"taxonomy":"category","embeddable":true,"href":"https:\/\/redsemlac.com\/semmexico\/wp-json\/wp\/v2\/categories?post=43389"},{"taxonomy":"post_tag","embeddable":true,"href":"https:\/\/redsemlac.com\/semmexico\/wp-json\/wp\/v2\/tags?post=43389"}],"curies":[{"name":"wp","href":"https:\/\/api.w.org\/{rel}","templated":true}]}}