{"id":43348,"date":"2021-12-11T15:25:07","date_gmt":"2021-12-11T21:25:07","guid":{"rendered":"https:\/\/redsemlac.com\/semmexico\/?p=43348"},"modified":"2023-07-21T18:54:44","modified_gmt":"2023-07-21T23:54:44","slug":"mexico-vive-una-crisis-humanitaria-congreso-de-la-union","status":"publish","type":"post","link":"https:\/\/redsemlac.com\/semmexico\/mexico-vive-una-crisis-humanitaria-congreso-de-la-union\/","title":{"rendered":"M\u00e9xico vive una crisis humanitaria: Congreso de la Uni\u00f3n"},"content":{"rendered":"\n<p class=\"wp-block-paragraph\">Persisten las desapariciones y los desplazamientos forzados, las ejecuciones y la violencia de g\u00e9nero<\/p>\n\n\n\n<p class=\"wp-block-paragraph\">Examinan en la diputaci\u00f3n y el senado el estado de los derechos humanos: que la CNDH diga qu\u00e9 hace<\/p>\n\n\n\n<p class=\"wp-block-paragraph\">Libertad L\u00f3pez<\/p>\n\n\n\n<p class=\"wp-block-paragraph\">SemM\u00e9xico, Cd. de M\u00e9xico, 11 de diciembre, 2021.-M\u00e9xico vive una crisis humanitaria; se desconocen los compromisos y acci\u00f3n de la Comisi\u00f3n Nacional de Derechos Humanos ante abusos, intimidaciones y s amenazas, asuntos que quedan impunes y las v\u00edctimas nunca recibir\u00e1n justicia. Por ello urge fortalecer el marco normativo.<\/p>\n\n\n\n<p class=\"wp-block-paragraph\">En nuestro pa\u00eds son comunes las desapariciones y los desplazamientos forzados, las ejecuciones y la violencia de g\u00e9nero y no disminuye el asesinato y el feminicidio contra las mujeres, por lo que urge que la Comisi\u00f3n Nacional de Derechos Humanos informe al poder legislativo qu\u00e9 hace. Llaman a su titular a comparecer.&nbsp;<\/p>\n\n\n\n<p class=\"wp-block-paragraph\">En el marco de la conmemoraci\u00f3n del D\u00eda de los Derechos Humanos, este 10 de diciembre, 73 aniversario de la Carta Universal por los Derechos Humanos, en el Congreso, Senado y C\u00e1mara de Diputados menudearon los pronunciamientos por la defensa de los derechos humanos donde reconocieron que son permanentemente violados.<\/p>\n\n\n\n<p class=\"wp-block-paragraph\">En el Senado integrantes de la Comisi\u00f3n de Derechos Humanos, que preside la senadora panista Kenia L\u00f3pez Rabad\u00e1n, refrendaron su compromiso para fortalecer el marco normativo y garantizar, promover y proteger los derechos humanos de todas las personas. Las y los senadores afirmaron que mantienen su corresponsabilidad para garantizar los derechos y libertades fundamentales de las personas, as\u00ed como para que cuenten con los mecanismos jur\u00eddicos necesarios para su defensa.<\/p>\n\n\n\n<p class=\"wp-block-paragraph\">En una sesi\u00f3n semipresencial, diputadas y diputados hablaron de las distintas formas y hechos como en M\u00e9xico se violan los derechos humanos y sostuvieron, entre otras cosas que los derechos humanos son irrenunciables, son derechos de todas las personas y en nuestro pa\u00eds se vive una crisis de derechos humanos que empeora con el paso del tiempo, advirtieron.&nbsp;<\/p>\n\n\n\n<p class=\"wp-block-paragraph\">El senado hizo un pronunciamiento suscrito por L\u00f3pez Rabad\u00e1n, as\u00ed como las y los senadores Gina Andrea Cruz Blackledge y Jos\u00e9 Alfredo Botello Montes, del PAN; Sylvana Beltrones S\u00e1nchez, del PRI; Mar\u00eda Graciela Gait\u00e1n D\u00edaz, del PVEM; y Emilio \u00c1lvarez Icaza Longoria.&nbsp;<\/p>\n\n\n\n<p class=\"wp-block-paragraph\">Asentaron que el fortalecimiento de las instituciones, obligan al Senado de la Rep\u00fablica a construir los acuerdos necesarios, con los mejores perfiles para erradicar la violaci\u00f3n de derechos humanos que lacera a las naciones.&nbsp;<\/p>\n\n\n\n<p class=\"wp-block-paragraph\">Las y los legisladores expresaron que, en conjunto con las instituciones, \u00f3rdenes de gobierno y los dem\u00e1s poderes del Estado mexicano, es fundamental enfocar y dirigir esfuerzos y acciones tendientes a generar un escenario nacional donde la protecci\u00f3n y el respeto irrestricto de los derechos humanos sea siempre la regla y no la excepci\u00f3n.&nbsp;<\/p>\n\n\n\n<p class=\"wp-block-paragraph\">Refirieron que esta semana, la C\u00e1mara de Senadores aprob\u00f3 el nombramiento de la titular de la Comisi\u00f3n Ejecutiva de Atenci\u00f3n a V\u00edctimas; a un integrante del Consejo Nacional Ciudadano del Sistema Nacional de B\u00fasqueda de Personas; y a nueve integrantes del Consejo Consultivo de la Comisi\u00f3n Nacional de los Derechos Humanos.&nbsp;&nbsp;<\/p>\n\n\n\n<p class=\"wp-block-paragraph\">\u201cHoy se conmemoran 73 a\u00f1os de la Declaraci\u00f3n Universal de los Derechos Humanos, \u201clo que nos impulsa a seguir trabajando desde este cuerpo colegiado a favor de M\u00e9xico\u201d.&nbsp;<\/p>\n\n\n\n<p class=\"wp-block-paragraph\">Recordaron que un d\u00eda como hoy, -10 de diciembre &#8211; pero de 1948, la Asamblea General de la Organizaci\u00f3n de las Naciones Unidas, adopt\u00f3 la Declaraci\u00f3n Universal de los Derechos Humanos, un d\u00eda, para refrendar el compromiso que tienen todos los Estados con el respeto, garant\u00eda, promoci\u00f3n y protecci\u00f3n de los derechos inherentes de todas las personas.<\/p>\n\n\n\n<p class=\"wp-block-paragraph\"><strong><em>Promover agenda en favor de la dignidad de las personas<\/em><\/strong><\/p>\n\n\n\n<p class=\"wp-block-paragraph\">La diputada Nelly Minerva Carrasco God\u00ednez (Morena) extern\u00f3 el compromiso de promover una agenda en favor de la dignidad de las personas en todas las dimensiones de su desarrollo, as\u00ed como favorecer la participaci\u00f3n, inclusi\u00f3n y consulta con la poblaci\u00f3n que ha sido hist\u00f3ricamente vulnerada.&nbsp;<\/p>\n\n\n\n<p class=\"wp-block-paragraph\">Consider\u00f3 necesario el esfuerzo colectivo de los representantes populares para asumir el compromiso de la defensa de los derechos humanos; por ello, dijo, \u201cde la mano del Gobierno Federal se da puntual cumplimiento a las pol\u00edticas p\u00fablicas, desde una perspectiva de derechos humanos\u201d.&nbsp;<\/p>\n\n\n\n<p class=\"wp-block-paragraph\"><strong><em>Nuestro pa\u00eds vive hoy una crisis de derechos humanos&nbsp;<\/em><\/strong><\/p>\n\n\n\n<p class=\"wp-block-paragraph\">Por el PAN, la diputada Alma Rosa Hern\u00e1ndez Escobar se\u00f1al\u00f3 que los derechos humanos permiten construir sociedades m\u00e1s justas y equitativas. Son derechos irrenunciables que tienen todas las personas y \u201cnuestro pa\u00eds vive hoy una crisis de derechos humanos que empeora con el paso del tiempo\u201d.&nbsp;<\/p>\n\n\n\n<p class=\"wp-block-paragraph\">Resalt\u00f3 que en M\u00e9xico son constantes las violaciones a los derechos humanos, los abusos, las intimidaciones, las amenazas y \u201cla mayor\u00eda de los casos quedan impunes y las v\u00edctimas nunca recibir\u00e1n justicia. En nuestro pa\u00eds son comunes las desapariciones y los desplazamientos forzados, las ejecuciones y la violencia de g\u00e9nero\u201d.&nbsp;<\/p>\n\n\n\n<p class=\"wp-block-paragraph\"><strong><em>Urgente terminar con todas las barreras<\/em><\/strong>&nbsp;<\/p>\n\n\n\n<p class=\"wp-block-paragraph\">La diputada Sue Ellen Bernal Bolnik (PRI) destac\u00f3 que a 73 a\u00f1os de la Proclamaci\u00f3n Universal de los Derechos Humanos hay avances; sin embargo, a\u00fan hay un camino largo por recorrer en la protecci\u00f3n de derechos de las mujeres, de las y los ni\u00f1os, de las personas con discapacidad, de los pueblos ind\u00edgenas, de los migrantes y de la comunidad LGBTIQ+.&nbsp;<\/p>\n\n\n\n<p class=\"wp-block-paragraph\">Afirm\u00f3 que la esencia de los derechos humanos es el principio de igualdad y el de no discriminaci\u00f3n, por lo que es urgente terminar con todas las barreras sociales, culturales y econ\u00f3micas que impiden alcanzar el objetivo de vivir sin discriminaci\u00f3n. \u201cReafirmamos nuestro compromiso con la protecci\u00f3n y promoci\u00f3n de los derechos humanos\u201d.<\/p>\n\n\n\n<p class=\"wp-block-paragraph\"><strong><em>A\u00fan persisten casos de violaciones graves<\/em><\/strong>&nbsp;<\/p>\n\n\n\n<p class=\"wp-block-paragraph\">Del PVEM, la diputada Mar\u00eda del Roc\u00edo Corona Nakamura afirm\u00f3 que indudablemente hay avances significativos en materia de derechos y libertades; sin embargo, a\u00fan hay casos de violaciones graves. \u201cNi todas las declaraciones internacionales, ni todas las leyes son suficientes para garantizar el respeto de los derechos humanos\u201d.&nbsp;<\/p>\n\n\n\n<p class=\"wp-block-paragraph\">Refrend\u00f3 el compromiso para sumar esfuerzos a favor del respeto y ejercicio pleno de los derechos, y confi\u00f3 en que esta conmemoraci\u00f3n sirva de autocr\u00edtica sobre el quehacer legislativo y permita encontrar espacios de oportunidad para garantizar derechos como la educaci\u00f3n, salud, igualdad, trabajo, acceso al agua, justicia y el derecho a un medio ambiente sano que permita avanzar adecuadamente a las generaciones presentes y futuras.&nbsp;<\/p>\n\n\n\n<p class=\"wp-block-paragraph\"><strong><em>M\u00e9xico va en la ruta para consolidar los derechos humanos<\/em><\/strong>&nbsp;<\/p>\n\n\n\n<p class=\"wp-block-paragraph\">Jaime Baltierra Garc\u00eda, diputado del PT, dijo estar convencido de que cada paso hacia la igualdad, la dignidad y el reconocimiento de los derechos humanos que se han dado en los \u00faltimos a\u00f1os, es gracias a la lucha y el esfuerzo realizado por los defensores de los derechos humanos, \u201cmuchos de ellos, con nombre y apellido y otros m\u00e1s an\u00f3nimos\u201d.&nbsp;<\/p>\n\n\n\n<p class=\"wp-block-paragraph\">En este 73 aniversario de los derechos humanos, \u201cpodemos afirmar que en M\u00e9xico no s\u00f3lo se ha enmendado el camino, sino que se va en la ruta de consolidar los derechos para todas y todos. Hacemos un leg\u00edtimo reconocimiento a quienes han pagado el precio m\u00e1s alto por defender sus ideales: su propia vida. Por ello, desde esta m\u00e1xima tribuna los honramos a todas y a todos para que siga viva su memoria\u201d.&nbsp;<\/p>\n\n\n\n<p class=\"wp-block-paragraph\"><strong><em>El Estado mexicano no ha cumplido en todo en algunas agendas<\/em><\/strong>&nbsp;<\/p>\n\n\n\n<p class=\"wp-block-paragraph\">La diputada Mar\u00eda Elena Lim\u00f3n Garc\u00eda (MC) sostuvo que, a pesar de los esfuerzos realizados en los \u00faltimos a\u00f1os, el Estado mexicano no ha cumplido con algunas agendas en derechos que son emergentes y que requieren de todo un esfuerzo institucional, particularmente la de personas desaparecidas, para lo cual se requiere una f\u00e9rrea vinculaci\u00f3n e inteligencia concertada entre la Federaci\u00f3n y los gobiernos de los estados, as\u00ed como de los municipales.&nbsp;<\/p>\n\n\n\n<p class=\"wp-block-paragraph\">Resalt\u00f3 que hoy en d\u00eda hablar de derechos humanos es tambi\u00e9n incluir una perspectiva ambiental que involucra derechos a la salud, a la alimentaci\u00f3n, al agua e, incluso, a la vivienda; \u201cbusquemos construir una sociedad mejor, m\u00e1s justa, m\u00e1s incluyente, m\u00e1s igualitaria y m\u00e1s resiliente\u201d.<\/p>\n\n\n\n<p class=\"wp-block-paragraph\"><strong><em>Derechos humanos son esenciales para la democracia<\/em><\/strong>&nbsp;<\/p>\n\n\n\n<p class=\"wp-block-paragraph\">Mar\u00eda del Roc\u00edo Banquells N\u00fa\u00f1ez, diputada del PRD, se\u00f1al\u00f3 que los derechos materializan los sue\u00f1os de libertad, dignidad, equidad, y justicia para todas las personas, y como integrantes del Poder Legislativo, se tiene la obligaci\u00f3n de promover, respetar y proteger los derechos humanos, as\u00ed como garantizar que la voz de las personas siempre sea el instrumento m\u00e1s poderoso para exigir su reconocimiento.&nbsp;<\/p>\n\n\n\n<p class=\"wp-block-paragraph\">Llam\u00f3 a abonar a la construcci\u00f3n de una sociedad sin autoritarismos, eludir los egos, rechazar las apolog\u00edas de odio y la construcci\u00f3n del miedo. \u201cDecir no a la polarizaci\u00f3n y a todo aquello que atente contra los valores de libertad y respeto por los derechos humanos, porque son elementos esenciales de la democracia y esta se construye d\u00eda a d\u00eda.&nbsp;&nbsp;<\/p>\n\n\n\n<p class=\"wp-block-paragraph\">La CNDH DEBE INFORMAR<\/p>\n\n\n\n<p class=\"wp-block-paragraph\">El derecho a salud, medio ambiente, trabajo, seguridad, educaci\u00f3n y a una vida libre de violencia, se han visto transgredidos en esta pandemia de Covid-19, asegur\u00f3 la senadora del Partido Verde, Mar\u00eda Graciela Gait\u00e1n D\u00edaz, en el marco del D\u00eda Internacional de los Derechos Humanos.<\/p>\n\n\n\n<p class=\"wp-block-paragraph\">Por ello, present\u00f3 un exhorto para que la Comisi\u00f3n Nacional de los Derechos Humanos (CNDH) informe detalladamente al Senado de la Rep\u00fablica qu\u00e9 acciones ha realizado para salvaguardar los derechos de la poblaci\u00f3n mexicana durante esta pandemia de COVID-19.<\/p>\n\n\n\n<p class=\"wp-block-paragraph\">Asegur\u00f3 que dicha informaci\u00f3n permitir\u00e1 conocer con certeza los avances y retrocesos que se han logrado para garantizar que las y los mexicanos gocen de una vida plena y que la CNDH contin\u00fae, en el \u00e1mbito de sus atribuciones, vigilando y protegiendo el respeto a la dignidad humana como m\u00e1ximo valor de una persona.<\/p>\n\n\n\n<p class=\"wp-block-paragraph\">Dijo que, si bien, M\u00e9xico ha logrado importantes metas en materia de derechos humanos que alienta a la progresividad del buen gobierno, la pandemia se ha posicionado como un gran reto para continuar con el respeto y protecci\u00f3n de los derechos m\u00e1s elementales.<\/p>\n\n\n\n<p class=\"wp-block-paragraph\">\u201cEs a causa de esta situaci\u00f3n que derechos como la salud, el medio ambiente, el trabajo, la seguridad p\u00fablica, la cultura, la educaci\u00f3n, la libertad de tr\u00e1nsito, la no violencia familiar se han visto transgredidos y que indudablemente afectan a la poblaci\u00f3n mexicana en el desarrollo de su vida cotidiana.&nbsp; De igual forma, fen\u00f3menos sociales como la discriminaci\u00f3n, el rechazo, la xenofobia, la violencia dom\u00e9stica y en todas sus expresiones, han vulnerado la dignidad humana de las personas, las cuales no deben normalizarse ni justificarse en virtud de la crisis sanitaria por la que transita el mundo.<\/p>\n\n\n\n<p class=\"wp-block-paragraph\">Finalmente dijo que el t\u00e9rmino de la pandemia no se ve muy pronto, por lo que no se debe bajar la guardia y continuar con las medidas de prevenci\u00f3n del contagio, pues a pesar de tener un alto \u00edndice de vacunaci\u00f3n y una disminuci\u00f3n hospitalaria, a\u00fan contin\u00faan los contagios y defunciones por COVID-19, al igual que las violaciones a derechos humanos, esencialmente de trabajadores, personal m\u00e9dico y mujeres, ni\u00f1as, ni\u00f1os y adolescentes, personas adultas mayores y comunidades originarias.<\/p>\n","protected":false},"excerpt":{"rendered":"<p>M\u00e9xico vive una crisis humanitaria; se desconocen los compromisos y acci\u00f3n de la Comisi\u00f3n Nacional de Derechos Humanos ante abusos, intimidaciones y s amenazas, asuntos que quedan impunes y las v\u00edctimas nunca recibir\u00e1n justicia. Por ello urge fortalecer el marco normativo.<\/p>\n","protected":false},"author":3,"featured_media":43349,"comment_status":"open","ping_status":"open","sticky":false,"template":"","format":"standard","meta":{"_monsterinsights_skip_tracking":false,"footnotes":""},"categories":[692,50],"tags":[],"class_list":["post-43348","post","type-post","status-publish","format-standard","has-post-thumbnail","category-692","category-congreso"],"_links":{"self":[{"href":"https:\/\/redsemlac.com\/semmexico\/wp-json\/wp\/v2\/posts\/43348","targetHints":{"allow":["GET"]}}],"collection":[{"href":"https:\/\/redsemlac.com\/semmexico\/wp-json\/wp\/v2\/posts"}],"about":[{"href":"https:\/\/redsemlac.com\/semmexico\/wp-json\/wp\/v2\/types\/post"}],"author":[{"embeddable":true,"href":"https:\/\/redsemlac.com\/semmexico\/wp-json\/wp\/v2\/users\/3"}],"replies":[{"embeddable":true,"href":"https:\/\/redsemlac.com\/semmexico\/wp-json\/wp\/v2\/comments?post=43348"}],"version-history":[{"count":0,"href":"https:\/\/redsemlac.com\/semmexico\/wp-json\/wp\/v2\/posts\/43348\/revisions"}],"wp:featuredmedia":[{"embeddable":true,"href":"https:\/\/redsemlac.com\/semmexico\/wp-json\/wp\/v2\/media\/43349"}],"wp:attachment":[{"href":"https:\/\/redsemlac.com\/semmexico\/wp-json\/wp\/v2\/media?parent=43348"}],"wp:term":[{"taxonomy":"category","embeddable":true,"href":"https:\/\/redsemlac.com\/semmexico\/wp-json\/wp\/v2\/categories?post=43348"},{"taxonomy":"post_tag","embeddable":true,"href":"https:\/\/redsemlac.com\/semmexico\/wp-json\/wp\/v2\/tags?post=43348"}],"curies":[{"name":"wp","href":"https:\/\/api.w.org\/{rel}","templated":true}]}}