{"id":43309,"date":"2021-12-10T18:17:12","date_gmt":"2021-12-11T00:17:12","guid":{"rendered":"https:\/\/redsemlac.com\/semmexico\/?p=43309"},"modified":"2023-07-21T18:54:44","modified_gmt":"2023-07-21T23:54:44","slug":"dia-16-16-dias-de-activismo-muertes-violentas-de-mujeres-registrar-datos-es-un-paso-para-prevenir","status":"publish","type":"post","link":"https:\/\/redsemlac.com\/semmexico\/dia-16-16-dias-de-activismo-muertes-violentas-de-mujeres-registrar-datos-es-un-paso-para-prevenir\/","title":{"rendered":"D\u00eda 16, 16 d\u00edas de activismo| Muertes violentas de mujeres: registrar datos es un paso para prevenir"},"content":{"rendered":"\n<ul class=\"wp-block-list\"><li><strong>Se necesita voluntad pol\u00edtica del Estado en acciones para el feminicidio<\/strong><\/li><li><strong>Delia Rosa Su\u00e1rez Socarr\u00e1s, especialista del Centro Nacional de Educaci\u00f3n Sexual de Cuba<\/strong><\/li><\/ul>\n\n\n\n<p class=\"wp-block-paragraph\">SemM\u00e9xico\/SEMlac, La Habana, Cubra, 10 de diciembre, 2021.-Registrar las muertes violentas de mujeres permite, en primera instancia, visibilizar un fen\u00f3meno que se suele asociar con algo que sucede en la esfera privada y que, por tanto, \u201cdebe mantenerse en ese \u00e1mbito de lo privado\u201d, que es a su vez lo silenciado, lo oculto y refuerza la idea de que no existe. La realidad nos dice que esas muertes s\u00ed ocurren y la ausencia de datos publicados, el espacio que estos ocupan en los distintos canales de informaci\u00f3n, es lo que refuerza esta invisibilizaci\u00f3n. As\u00ed lo asegura Delia Rosa Su\u00e1rez Socarr\u00e1s, especialista del Centro Nacional de Educaci\u00f3n Sexual (Cenesex), al comentar sobre un fen\u00f3meno que no es posible caracterizar en el pa\u00eds en toda su dimensi\u00f3n, ante la carencia de datos p\u00fablicos.<\/p>\n\n\n\n<p class=\"wp-block-paragraph\"><strong>\u00bfPor qu\u00e9 distinguir entre feminicidio y feminicidio en Cuba?<\/strong><\/p>\n\n\n\n<p class=\"wp-block-paragraph\">Es necesario establecer las distinciones conceptuales que existen entre un t\u00e9rmino y otro. Es tan relevante establecer esas distinciones porque implica, a su vez, colocar cu\u00e1l es la posici\u00f3n que tiene el Estado cubano respecto a las muertes de mujeres por razones de g\u00e9nero. No es una cuesti\u00f3n menor poder tener una aproximaci\u00f3n te\u00f3rica en el pa\u00eds y, entre las personas que nos dedicamos a los estudios de g\u00e9nero y de violencia basada en g\u00e9nero, tener claro qu\u00e9 entendemos por feminicidio y qu\u00e9 estamos entendiendo por feminicidio, pues adem\u00e1s permitir\u00e1 una mayor claridad y eficiencia en las futuras pol\u00edticas p\u00fablicas que se establezcan a nivel nacional para abordar la tem\u00e1tica.<\/p>\n\n\n\n<p class=\"wp-block-paragraph\"><strong>\u00bfQu\u00e9 importancia tiene registrar las muertes violentas de mujeres y visibilizarlas?<\/strong><\/p>\n\n\n\n<p class=\"wp-block-paragraph\">Es la forma de conocer su incidencia y de poder caracterizar el fen\u00f3meno. Caracterizarlo nos permite, en alguna medida, generar estrategias para la identificaci\u00f3n, prevenci\u00f3n y el abordaje, de modo que puedan ser m\u00e1s efectivos.<\/p>\n\n\n\n<div class=\"wp-block-image\"><figure class=\"alignleft size-full is-resized\"><a href=\"https:\/\/redsemlac.com\/semmexico\/wp-content\/uploads\/2021\/12\/cuba.gif\"><img loading=\"lazy\" decoding=\"async\" src=\"https:\/\/redsemlac.com\/semmexico\/wp-content\/uploads\/2021\/12\/cuba.gif\" alt=\"\" class=\"wp-image-43310\" width=\"175\" height=\"261\"\/><\/a><\/figure><\/div>\n\n\n\n<p class=\"wp-block-paragraph\">Uno de los principales desaf\u00edos es, en principio, poder contar con toda la informaci\u00f3n posible. La data que est\u00e1 disponible se centra en la mortalidad por causas violentas que recogen los anuarios estad\u00edsticos de salud, lo cual, si bien s\u00ed est\u00e1 desagregado por sexo, no permite hacer un an\u00e1lisis de los microdatos, ni permite saber cu\u00e1l de esta mortalidad femenina por causas violentas tiene su base en g\u00e9nero. Ah\u00ed hay un primer desaf\u00edo, poder develar m\u00e1s informaci\u00f3n al respecto.<\/p>\n\n\n\n<p class=\"wp-block-paragraph\"><strong>\u00bfOtros desaf\u00edos para registrar la muerte violenta de mujeres?<\/strong><\/p>\n\n\n\n<p class=\"wp-block-paragraph\">Un segundo desaf\u00edo es la necesidad de un registro \u00fanico de violencias basadas en g\u00e9nero para Cuba, que articule de manera eficiente los esfuerzos que se hacen desde diferentes instituciones y organizaciones de la sociedad civil para abordar la tem\u00e1tica de las violencias basadas en g\u00e9nero y, de forma espec\u00edfica, la mortalidad femenina por causas violentas.<\/p>\n\n\n\n<p class=\"wp-block-paragraph\">Asimismo, la formaci\u00f3n de los y las profesionales que se encargan de la recopilaci\u00f3n de los datos y el posterior procesamiento. Lo que nos hemos encontrado es una ausencia de esa sensibilidad de g\u00e9nero para la recogida de la informaci\u00f3n y su procesamiento, lo cual condiciona que los datos que encontremos carezcan de una perspectiva integral, para posteriormente poder abordar las situaciones de violencia.<\/p>\n\n\n\n<p class=\"wp-block-paragraph\">Otro desaf\u00edo es la publicaci\u00f3n misma que se hace en redes sociales sobre situaciones de muertes violentas basadas en g\u00e9nero y su presunci\u00f3n. Digo presunci\u00f3n porque muchas veces no existe claridad sobre toda la informaci\u00f3n, pero igual se publica en redes sociales, igual se viraliza, en muchas ocasiones violando c\u00f3digos de \u00e9tica y privacidad de las mujeres v\u00edctimas y de las familias de esas mujeres.<\/p>\n\n\n\n<p class=\"wp-block-paragraph\"><strong>\u00bfQu\u00e9 rol tiene la ciudadan\u00eda, los especialistas, las instituciones en recopilar todos esos datos?<\/strong><\/p>\n\n\n\n<p class=\"wp-block-paragraph\">Respecto al rol que tenemos como ciudadan\u00eda para este asunto, dir\u00eda que es fundamental que todas las personas estemos formadas, al menos para poder identificar y orientar respecto a qu\u00e9 hacer en situaciones de violencia basada en g\u00e9nero. Sin embargo, hay que se\u00f1alar que esta es una responsabilidad estatal a la que, como ciudadanos, podemos contribuir, pero sin olvidar lo primero.<\/p>\n\n\n\n<p class=\"wp-block-paragraph\">Esa necesidad del sistema de registro \u00fanico es algo que, si bien puede ser propuesto por organizaciones e instituciones, tiene que emerger de la voluntad pol\u00edtica del Estado, que ha sido expl\u00edcita en cuanto a una posici\u00f3n de tolerancia cero respecto a todas las formas violencia de g\u00e9nero. Ah\u00ed tendr\u00edamos un punto de inicio, la posibilidad real de establecer ese sistema de registro \u00fanico, que condense toda la informaci\u00f3n, que sea lo suficientemente extenso para poder hablar de la mortalidad femenina por causas violentas de todas las mujeres y que sea basada en g\u00e9nero. Y cuando digo de todas las mujeres insisto en que no desconozca la realidad de mujeres lesbianas y mujeres trans, que tambi\u00e9n son v\u00edctimas de violencia de g\u00e9nero y mueren por situaciones de violencia de g\u00e9nero.<\/p>\n\n\n\n<p class=\"wp-block-paragraph\">Para m\u00ed lo fundamental es eso, que la voluntad pol\u00edtica del Estado se exprese de manera concisa en acciones, a las que luego todos podremos contribuir, pero que tienen que partir de ese lugar.<\/p>\n\n\n\n<p class=\"wp-block-paragraph\">Las instituciones tenemos un rol fundamental en la generaci\u00f3n de resultados cient\u00edficos, en su socializaci\u00f3n, en estos procesos de ejercer presi\u00f3n para que la ciencia sea escuchada, para que el conocimiento cient\u00edfico sirva para la toma de decisiones pol\u00edticas, e impulsar estrategias como esta, una entre muchas otras que podemos impulsar.<\/p>\n\n\n\n<p class=\"wp-block-paragraph\">Las organizaciones y grupos que forman parte de la sociedad civil, aunque no cuenten con personalidad jur\u00eddica, tambi\u00e9n tenemos una responsabilidad grande en la recopilaci\u00f3n de datos, en realizar un proceso de auditor\u00eda de c\u00f3mo se est\u00e1n recogiendo; de c\u00f3mo algunas mujeres estamos quedando visibilizadas, perdidas all\u00e1 dentro; de c\u00f3mo el microdato est\u00e1 siendo algo tan necesario para poder llevar a cabo pol\u00edticas a un nivel micro y, sin embargo, no contamos con \u00e9l.<\/p>\n\n\n\n<p class=\"wp-block-paragraph\">A ello se suma la necesidad de contar con profesionales formados para el registro de la informaci\u00f3n y su procesamiento. Eso tambi\u00e9n nos corresponde a las instituciones, organizaciones y a la ciudadan\u00eda de manera general; contribuir a esos procesos de formaci\u00f3n y capacitaci\u00f3n de profesionales para que realmente los datos que recojamos y procesemos sean luego de posible utilizaci\u00f3n para la toma de decisiones pol\u00edticas.<\/p>\n\n\n\n<p class=\"wp-block-paragraph\">Hay una agenda legislativa que incluye el PAM, el C\u00f3digo de las Familias, el programa de atenci\u00f3n integral a la violencia de g\u00e9nero. \u00bfC\u00f3mo podr\u00eda contribuir al registro de estos casos y sobre todo a la prevenci\u00f3n y protecci\u00f3n oportuna de las v\u00edctimas?<\/p>\n\n\n\n<p class=\"wp-block-paragraph\">Este cuerpo legislativo est\u00e1 dando cuenta de que, efectivamente, existe una voluntad pol\u00edtica por parte del Estado para abordar las violencias basadas en g\u00e9nero. Sin embargo, ya estamos en el punto de empezar a aterrizar esta voluntad pol\u00edtica en acciones concretas. El Programa nacional para el adelanto de las mujeres (PAM), por ejemplo, tiene un \u00e1rea referida a investigaci\u00f3n y producci\u00f3n de datos en la que hay que incidir, sin lugar a dudas. Eso es algo en lo que tenemos que volcarnos tanto instituciones como sociedad civil y ciudadan\u00eda, para retribuir esa informaci\u00f3n. La Federaci\u00f3n de Mujeres Cubanas tiene un rol esencial en la recopilaci\u00f3n de datos, en entrar en di\u00e1logo cient\u00edfico y acad\u00e9mico con quienes nos estamos dedicando a estos estudios y con las personas que, desde sus historias de vida, es mucha la riqueza que pueden compartir al respecto.<\/p>\n\n\n\n<p class=\"wp-block-paragraph\">Estamos hablando de un asunto que es prevenible, como son prevenibles otras situaciones de desigualdades sociales en el pa\u00eds, y eso tenemos que revisarlo. Hay que ver esa estructura que existe y opera para la identificaci\u00f3n y prevenci\u00f3n de las situaciones de violencias basadas en g\u00e9nero, d\u00f3nde se est\u00e1 quebrando para que la mortalidad femenina por causas violentas basadas en g\u00e9nero llegue a ocurrir. Es algo que hay que revisar tanto a nivel nacional como local, identificar d\u00f3nde est\u00e1n esas brechas para poder transformarlas de una manera cr\u00edtica y que, a la larga, ello redunde en un beneficio para las mujeres, lo que significa un beneficio para la sociedad de manera general.<\/p>\n","protected":false},"excerpt":{"rendered":"<p>Se necesita voluntad pol\u00edtica del Estado en acciones para el feminicidio<\/p>\n","protected":false},"author":3,"featured_media":43311,"comment_status":"open","ping_status":"open","sticky":false,"template":"","format":"standard","meta":{"_monsterinsights_skip_tracking":false,"footnotes":""},"categories":[626,692],"tags":[],"class_list":["post-43309","post","type-post","status-publish","format-standard","has-post-thumbnail","category-16-dias","category-692"],"_links":{"self":[{"href":"https:\/\/redsemlac.com\/semmexico\/wp-json\/wp\/v2\/posts\/43309","targetHints":{"allow":["GET"]}}],"collection":[{"href":"https:\/\/redsemlac.com\/semmexico\/wp-json\/wp\/v2\/posts"}],"about":[{"href":"https:\/\/redsemlac.com\/semmexico\/wp-json\/wp\/v2\/types\/post"}],"author":[{"embeddable":true,"href":"https:\/\/redsemlac.com\/semmexico\/wp-json\/wp\/v2\/users\/3"}],"replies":[{"embeddable":true,"href":"https:\/\/redsemlac.com\/semmexico\/wp-json\/wp\/v2\/comments?post=43309"}],"version-history":[{"count":0,"href":"https:\/\/redsemlac.com\/semmexico\/wp-json\/wp\/v2\/posts\/43309\/revisions"}],"wp:featuredmedia":[{"embeddable":true,"href":"https:\/\/redsemlac.com\/semmexico\/wp-json\/wp\/v2\/media\/43311"}],"wp:attachment":[{"href":"https:\/\/redsemlac.com\/semmexico\/wp-json\/wp\/v2\/media?parent=43309"}],"wp:term":[{"taxonomy":"category","embeddable":true,"href":"https:\/\/redsemlac.com\/semmexico\/wp-json\/wp\/v2\/categories?post=43309"},{"taxonomy":"post_tag","embeddable":true,"href":"https:\/\/redsemlac.com\/semmexico\/wp-json\/wp\/v2\/tags?post=43309"}],"curies":[{"name":"wp","href":"https:\/\/api.w.org\/{rel}","templated":true}]}}