{"id":43301,"date":"2021-12-10T17:55:55","date_gmt":"2021-12-10T23:55:55","guid":{"rendered":"https:\/\/redsemlac.com\/semmexico\/?p=43301"},"modified":"2023-07-21T18:54:45","modified_gmt":"2023-07-21T23:54:45","slug":"agreden-y-amenazan-a-activistas-integrantes-de-cladem","status":"publish","type":"post","link":"https:\/\/redsemlac.com\/semmexico\/agreden-y-amenazan-a-activistas-integrantes-de-cladem\/","title":{"rendered":"Agreden y amenazan a activistas integrantes de CLADEM"},"content":{"rendered":"\n<ul class=\"wp-block-list\"><li><strong>Las amenazas se intensificaron desde el pasado 25 de noviembre<\/strong><\/li><\/ul>\n\n\n\n<ul class=\"wp-block-list\"><li><strong>Exigen una investigaci\u00f3n Exhaustiva, pronta e imparcial<\/strong><\/li><\/ul>\n\n\n\n<p class=\"wp-block-paragraph\"><strong>Analy Nu\u00f1o y Micaela M\u00e1rquez<\/strong><\/p>\n\n\n\n<p class=\"wp-block-paragraph\">SemM\u00e9xico, 10 de diciembre de 2021, Guadalajara, Jalisco. &#8211; En las \u00faltimas dos semanas, integrantes del Comit\u00e9 de Am\u00e9rica Latina y el Caribe para la Defensa de los Derechos de las Mujeres (CLADEM), cap\u00edtulo Jalisco, han sufrido intentos de secuestro y amenazadas de muertes por su activismo a favor de los derechos de las mujeres, desde intento de secuestro, este 9 de diciembre a una de ellas, y amenazas de muerte con pistola el pasado 25 de noviembre, a otra defensora.<\/p>\n\n\n\n<p class=\"wp-block-paragraph\">La agresi\u00f3n m\u00e1s reciente se registr\u00f3 el d\u00eda de ayer, cuando una de las activistas fue abordada en la calle por desconocidos, quienes intentaron subirla a un veh\u00edculo por la fuerza. La feminista logr\u00f3 escapar y resguardarse en un comercio hasta que recibi\u00f3 ayuda.<\/p>\n\n\n\n<p class=\"wp-block-paragraph\">Sin embargo, las agresiones y amenazas se han registrado con mayor intensidad a partir del 25 de noviembre, durante los eventos en conmemoraci\u00f3n por el D\u00eda Internacional contra la Eliminaci\u00f3n de todos los tipos de violencia contra las Mujeres.<\/p>\n\n\n\n<p class=\"wp-block-paragraph\">Ese d\u00eda, una de las integrantes de CLADEM fue amenazada de muerte por un sujeto desconocido cuando conduc\u00eda a baja velocidad. \u201cFue interceptada y enca\u00f1onada por un sujeto que conduc\u00eda una motocicleta, quien le dijo \u2018te est\u00e1s metiendo con el hombre equivocado\u2019, antes de alejarse r\u00e1pidamente\u201d, se\u00f1al\u00f3 el Comit\u00e9 a trav\u00e9s de un comunicado de prensa en el que da a conocer los hechos.<\/p>\n\n\n\n<p class=\"wp-block-paragraph\">El Comit\u00e9 exige al Estado Mexicano y al gobierno de Jalisco que cumplan con el deber de debida diligencia para proteger e investigar los hechos de violencia contra las integrantes de CLADEM, en el marco de los 16 d\u00edas de activismo contra la violencia de g\u00e9nero.<\/p>\n\n\n\n<figure class=\"wp-block-gallery columns-2 is-cropped wp-block-gallery-1 is-layout-flex wp-block-gallery-is-layout-flex\"><ul class=\"blocks-gallery-grid\"><li class=\"blocks-gallery-item\"><figure><a href=\"https:\/\/redsemlac.com\/semmexico\/wp-content\/uploads\/2021\/12\/WhatsApp-Image-2021-12-10-at-4.49.28-PM.jpeg\"><img decoding=\"async\" src=\"https:\/\/redsemlac.com\/semmexico\/wp-content\/uploads\/2021\/12\/WhatsApp-Image-2021-12-10-at-4.49.28-PM-1024x1024.jpeg\" alt=\"\" data-id=\"43303\" data-full-url=\"https:\/\/redsemlac.com\/semmexico\/wp-content\/uploads\/2021\/12\/WhatsApp-Image-2021-12-10-at-4.49.28-PM.jpeg\" data-link=\"https:\/\/redsemlac.com\/semmexico\/?attachment_id=43303\" class=\"wp-image-43303\"\/><\/a><\/figure><\/li><li class=\"blocks-gallery-item\"><figure><a href=\"https:\/\/redsemlac.com\/semmexico\/wp-content\/uploads\/2021\/12\/WhatsApp-Image-2021-12-10-at-4.49.18-PM.jpeg\"><img decoding=\"async\" src=\"https:\/\/redsemlac.com\/semmexico\/wp-content\/uploads\/2021\/12\/WhatsApp-Image-2021-12-10-at-4.49.18-PM-1024x1024.jpeg\" alt=\"\" data-id=\"43302\" data-full-url=\"https:\/\/redsemlac.com\/semmexico\/wp-content\/uploads\/2021\/12\/WhatsApp-Image-2021-12-10-at-4.49.18-PM.jpeg\" data-link=\"https:\/\/redsemlac.com\/semmexico\/?attachment_id=43302\" class=\"wp-image-43302\"\/><\/a><\/figure><\/li><\/ul><\/figure>\n\n\n\n<p class=\"wp-block-paragraph\">En un comunicado el organismo internacional de defensa de las mujeres hace un llamado a la comunidad nacional e internacional y a los colectivos a solidarizarse con las defensoras agredidas que tienen m\u00e1s de una d\u00e9cada de realizar su trabajo en un contexto de m\u00faltiples violencias ejercidas por una multiplicidad de actores.<\/p>\n\n\n\n<p class=\"wp-block-paragraph\">Demandan a las autoridades federales y locales una investigaci\u00f3n exhaustiva, imparcial y pronta que permita identificar a todos los responsables intelectuales y materiales de las agresiones que sufrieron las integrantes de CLADEM.<\/p>\n\n\n\n<p class=\"wp-block-paragraph\">La Red CLADEM que integra a 15 pa\u00edses abraza a las compa\u00f1eras agredidas y afirman que no pararan hasta que no exista un alto total a las violencias contra las mujeres. Reiteran \u00a1Nuestras voces no ser\u00e1n silenciadas! \u00a1Si nos tocan a una respondemos todas!<\/p>\n\n\n\n<p class=\"wp-block-paragraph\">Especifican que el trabajo de los derechos humanos en M\u00e9xico y muchos pa\u00edses de la regi\u00f3n est\u00e1 en riesgo porque la vida de las y los defensores de derechos humanos est\u00e1 en peligro.<\/p>\n\n\n\n<p class=\"wp-block-paragraph\">Manifestaron que \u201cExpresamos nuestro repudio, indignaci\u00f3n y preocupaci\u00f3n por estos grav\u00edsimos hechos de intimidaci\u00f3n y amenazas. En el marco de los 16 d\u00edas de activismo contra la violencia hacia las mujeres, le exigimos al Estado Mexicano que cumpla con su deber de debida diligencia para proteger e investigar los hechos de violencia y agresi\u00f3n contra nuestras compa\u00f1eras de CLADEM Jalisco\u201d, se\u00f1al\u00f3 B\u00e1rbara Jim\u00e9nez Santiago, integrante del consejo directivo de CLADEM regional.<\/p>\n","protected":false},"excerpt":{"rendered":"<p>Las amenazas se intensificaron desde el pasado 25 de noviembre<\/p>\n","protected":false},"author":3,"featured_media":43304,"comment_status":"open","ping_status":"open","sticky":false,"template":"","format":"standard","meta":{"_monsterinsights_skip_tracking":false,"footnotes":""},"categories":[692,54],"tags":[149],"class_list":["post-43301","post","type-post","status-publish","format-standard","has-post-thumbnail","category-692","category-mujeres","tag-mujeres"],"_links":{"self":[{"href":"https:\/\/redsemlac.com\/semmexico\/wp-json\/wp\/v2\/posts\/43301","targetHints":{"allow":["GET"]}}],"collection":[{"href":"https:\/\/redsemlac.com\/semmexico\/wp-json\/wp\/v2\/posts"}],"about":[{"href":"https:\/\/redsemlac.com\/semmexico\/wp-json\/wp\/v2\/types\/post"}],"author":[{"embeddable":true,"href":"https:\/\/redsemlac.com\/semmexico\/wp-json\/wp\/v2\/users\/3"}],"replies":[{"embeddable":true,"href":"https:\/\/redsemlac.com\/semmexico\/wp-json\/wp\/v2\/comments?post=43301"}],"version-history":[{"count":0,"href":"https:\/\/redsemlac.com\/semmexico\/wp-json\/wp\/v2\/posts\/43301\/revisions"}],"wp:featuredmedia":[{"embeddable":true,"href":"https:\/\/redsemlac.com\/semmexico\/wp-json\/wp\/v2\/media\/43304"}],"wp:attachment":[{"href":"https:\/\/redsemlac.com\/semmexico\/wp-json\/wp\/v2\/media?parent=43301"}],"wp:term":[{"taxonomy":"category","embeddable":true,"href":"https:\/\/redsemlac.com\/semmexico\/wp-json\/wp\/v2\/categories?post=43301"},{"taxonomy":"post_tag","embeddable":true,"href":"https:\/\/redsemlac.com\/semmexico\/wp-json\/wp\/v2\/tags?post=43301"}],"curies":[{"name":"wp","href":"https:\/\/api.w.org\/{rel}","templated":true}]}}