{"id":43227,"date":"2021-12-09T10:55:27","date_gmt":"2021-12-09T16:55:27","guid":{"rendered":"https:\/\/redsemlac.com\/semmexico\/?p=43227"},"modified":"2023-07-21T18:53:18","modified_gmt":"2023-07-21T23:53:18","slug":"dia-15-sam-olazabal-tener-derechos-sin-leyes-nos-desprotege","status":"publish","type":"post","link":"https:\/\/redsemlac.com\/semmexico\/dia-15-sam-olazabal-tener-derechos-sin-leyes-nos-desprotege\/","title":{"rendered":"D\u00eda 15. Sam Olaz\u00e1bal: tener \u201cderechos\u201d sin leyes nos desprotege"},"content":{"rendered":"\n<p class=\"wp-block-paragraph\">Esta entrevista forma parte de una serie de IPS Cuba por los 16 d\u00edas de activismo mundial por la no violencia hacia las mujeres y las ni\u00f1as.<\/p>\n\n\n\n<p class=\"wp-block-paragraph\">SemM\u00e9xico\/IPS, La Habana, Cuba, 9 de diciembre, 2021.-&nbsp;&nbsp;Samantha Olaz\u00e1bal es feminista, es creadora, es joven. Feminista sin duda de primera y la m\u00e1s importante. Feminista desde que era ni\u00f1a, aun cuando no sab\u00eda que lo era. Desde que su madre le ense\u00f1\u00f3 que la emancipaci\u00f3n de la mujer es m\u00e1s que votar, estudiar, trabajar o ganar dinero propio.<\/p>\n\n\n\n<p class=\"wp-block-paragraph\">La independencia va m\u00e1s m\u00e1s all\u00e1. Es decisi\u00f3n sobre el cuerpo, poder ser sin cortapisas y hablar sin cubrebocas ni omisiones. Y Sam lo ha aprendido poco a poco, en sus 23 a\u00f1os.<\/p>\n\n\n\n<p class=\"wp-block-paragraph\">Para ella el feminismo significa una fe de vida que acompa\u00f1a su todav\u00eda corta existencia. Que aunque corta le ha alcanzado para fundar el proyecto&nbsp;<a href=\"https:\/\/www.facebook.com\/uVe.Cuba\">uVe<\/a>, que acompa\u00f1a y empodera a mujeres j\u00f3venes, estudiar Comunicaci\u00f3n Audiovisual en la Facultad de las Artes de los Medios de Comunicaci\u00f3n Audiovisual, organizar la&nbsp;<a href=\"https:\/\/www.youtube.com\/watch?v=rIFV0wQWYVU&amp;feature=youtu.be\">r\u00e9plica<\/a>&nbsp;cubana del performance \u201cEl violador eres t\u00fa\u201d en la Universidad de las Artes o posicionarse desde un activismo&nbsp;&nbsp;en las redes sociales.<\/p>\n\n\n\n<p class=\"wp-block-paragraph\"><strong>IPS CUBA:&nbsp;En un escenario de constante debate sobre los feminismos y los estudios de g\u00e9nero \u00bfQu\u00e9 significaci\u00f3n le confiere a los 16 d\u00edas de activismo mundial por la no violencia de g\u00e9nero?<\/strong><\/p>\n\n\n\n<p class=\"wp-block-paragraph\"><a href=\"https:\/\/ipscuba.com\/media\/2020\/12\/00.jpg\"><\/a>El 4 de diciembre de 2019, Sam junto al proyecto art\u00edstico La Manada organizaron la r\u00e9plica cubana del performance \u201cEl violador eres t\u00fa\u201d en la Universidad de las Artes.<\/p>\n\n\n\n<p class=\"wp-block-paragraph\"><strong>SAMANTHA OLAZ\u00c1BAL (SO):&nbsp;<\/strong>Es vital en el contexto actual. Adem\u00e1s, con una significaci\u00f3n por las fechas que marcan el inicio y el final de la jornada: el 25 de noviembre, D\u00eda Internacional de la Eliminaci\u00f3n de la Violencia contra la Mujer; y el 10 de diciembre, D\u00eda de los Derechos Humanos.<\/p>\n\n\n\n<p class=\"wp-block-paragraph\">En este momento se refuerzan las acciones para crear conciencia de la importancia de la erradicaci\u00f3n de la violencia y la necesidad de crear leyes al respecto. Pero debe ser un trabajo de todos los d\u00edas. Una lucha diaria que hay que tener presente todo el tiempo.<\/p>\n\n\n\n<p class=\"wp-block-paragraph\"><strong>IPS CUBA: El movimiento feminista ha sido protagonista de la conceptualizaci\u00f3n, sensibilizaci\u00f3n y respuesta a la violencia machista \u00bfC\u00f3mo ha sucedido en Cuba?<\/strong><\/p>\n\n\n\n<p class=\"wp-block-paragraph\"><strong>SO:<\/strong>\u00a0Analizarlo en el contexto cubano lleva varias miradas. Nos han inculcado que las leyes no son necesarias porque las mujeres est\u00e1n amparadas: tenemos aborto legal, entre otros derechos. Y no es exactamente as\u00ed. De hecho, el mismo tema del aborto est\u00e1 en un vac\u00edo legal, no estamos totalmente protegidas y es un tema muy sensible.<\/p>\n\n\n\n<figure class=\"wp-block-image size-large\"><a href=\"https:\/\/redsemlac.com\/semmexico\/wp-content\/uploads\/2021\/12\/Captura-de-Pantalla-2021-12-09-a-las-10.57.35.png\"><img decoding=\"async\" src=\"https:\/\/redsemlac.com\/semmexico\/wp-content\/uploads\/2021\/12\/Captura-de-Pantalla-2021-12-09-a-las-10.57.35-1024x681.png\" alt=\"\" class=\"wp-image-43229\"\/><\/a><figcaption>16<\/figcaption><\/figure>\n\n\n\n<p class=\"wp-block-paragraph\"><a href=\"https:\/\/ipscuba.com\/media\/2020\/12\/Postal-serie-feminista-no6.jpg\"><\/a><\/p>\n\n\n\n<p class=\"wp-block-paragraph\">Por otro lado, no se acaba de proponer y aprobar una Ley contra la Violencia de G\u00e9nero que se exige desde hace un tiempo. Existe la idea de que \u201cno es algo importante\u201d. Y s\u00ed lo es.<\/p>\n\n\n\n<p class=\"wp-block-paragraph\">En Cuba se vive un machismo sist\u00e9mico y cultural que permite que existan problemas graves como el acoso callejero. Hay campa\u00f1as c\u00f3mo&nbsp;<a href=\"https:\/\/www.facebook.com\/EvolucionaporlaNoViolencia\/\">Evoluciona<\/a>&nbsp;que han logrado insertar sus mensajes, llegar a lugares, intervenir la ciudad con carteles. Pero queda camino por recorrer.<\/p>\n\n\n\n<p class=\"wp-block-paragraph\"><strong>IPS CUBA:\u00a0<\/strong>\u00bf<strong>Cu\u00e1les ser\u00edan las acciones que propondr\u00eda para seguir avanzando en la respuesta a la violencia de g\u00e9nero en Cuba?<\/strong><\/p>\n\n\n\n<figure class=\"wp-block-image size-large\"><a href=\"https:\/\/redsemlac.com\/semmexico\/wp-content\/uploads\/2021\/12\/Captura-de-Pantalla-2021-12-09-a-las-10.57.43.png\"><img decoding=\"async\" src=\"https:\/\/redsemlac.com\/semmexico\/wp-content\/uploads\/2021\/12\/Captura-de-Pantalla-2021-12-09-a-las-10.57.43-1024x660.png\" alt=\"\" class=\"wp-image-43228\"\/><\/a><\/figure>\n\n\n\n<p class=\"wp-block-paragraph\"><strong>SO:<\/strong>&nbsp;Aprobar la Ley contra Violencia de G\u00e9nero ser\u00eda primordial. Tener m\u00e1s programas, acciones y campa\u00f1as de concientizaci\u00f3n efectivas. Incrementar la educaci\u00f3n sobre el problema, con abordajes en las clases sobre aspectos como el acoso y los feminismos. M\u00e1s apoyo del gobierno y del Estado para seguir haciendo conciencia al respecto. Pero lo m\u00e1s importante, sin duda, la aprobaci\u00f3n de leyes.<\/p>\n\n\n\n<figure class=\"wp-block-table\"><table><tbody><tr><td><strong>Para saber m\u00e1s sobre Sam Olaz\u00e1bal:<\/strong>-El 4 de enero de 2020, en California Caf\u00e9, Sam y su proyecto uVe repartieron m\u00e1s de 150 copas menstruales a las mujeres, la mayor\u00eda j\u00f3venes, que acudieron a la actividad. Vea este&nbsp;<a href=\"https:\/\/www.facebook.com\/ipscuba\/videos\/m%C3%A1s-copas-menstruales-en-cuba\/542583583134601\/\">video<\/a>.-El 13 de noviembre de 2020 convers\u00f3 sobre lenguaje inclusivo con el sitio web Tunturuntu, en un&nbsp;<a href=\"https:\/\/www.instagram.com\/tv\/CHitTn5CX5e\/?igshid=mnrrsp757w5a\">video<\/a>&nbsp;disponible en su perfil de Instagram.<\/td><\/tr><\/tbody><\/table><\/figure>\n\n\n\n<p class=\"wp-block-paragraph\"><strong>IPS CUBA: \u00bfCu\u00e1ndo y por qu\u00e9 comenzaste a identificarte c\u00f3mo feminista?<\/strong><\/p>\n\n\n\n<p class=\"wp-block-paragraph\"><strong>SO:<\/strong>&nbsp;Desde peque\u00f1a mi madre me inculc\u00f3 la idea de ser una mujer independiente. Nunca me ense\u00f1\u00f3 creencias de otras generaciones sobre la dependencia a una figura patriarcal. Por eso ella ha sido una de mis primeras influencias.<\/p>\n\n\n\n<p class=\"wp-block-paragraph\">A partir de ah\u00ed, el feminismo ha sido un tema importante para m\u00ed desde ni\u00f1a, sin saber que lo que pensaba se llamaba as\u00ed. Con mi interacci\u00f3n en redes sociales, descubro que defiendo muchas ideas feministas, y mis colegas me definen de esta forma. Mi mayor inspiraci\u00f3n son mis amigas.<\/p>\n\n\n\n<p class=\"wp-block-paragraph\">Empiezo y me empiezan a descubrir c\u00f3mo activista feminista. Aunque es un t\u00e9rmino, el de activista, que respeto mucho. Conozco mujeres que se han dedicado la vida entera a esta lucha y aplaudo todo lo que han hecho.<\/p>\n\n\n\n<p class=\"wp-block-paragraph\">Soy feminista porque creo en la equidad de g\u00e9nero, el derecho de las mujeres a existir y ser sin las amenazas constantes de la violencia patriarcal. Pero no me conformo. Intento estudiar todo el tiempo. Apoyarme en todo lo que pueda. Llevo un grupo de Whatsapp de feministas cubanas que intentamos hacer cosas todo el tiempo y compartimos materiales.<\/p>\n\n\n\n<p class=\"wp-block-paragraph\"><strong>IPS CUBA: \u00bfEn cu\u00e1les espacios, proyectos o \u00e1rea del conocimiento, considera que usted realiza una labor feminista?<\/strong><\/p>\n\n\n\n<p class=\"wp-block-paragraph\"><strong>SO:<\/strong>&nbsp;Me identifico con el feminismo plural, abarcador y lo aplico a mis proyectos. Tengo una iniciativa que se llama uVe, con la cual realic\u00e9 charlas y una donaci\u00f3n de copas menstruales en enero de 2020. Como parte de esta idea creamos conciencia sobre varios temas relacionados con la salud sexual de las mujeres.<\/p>\n\n\n\n<p class=\"wp-block-paragraph\">Pr\u00f3ximamente estaremos lanzando varias campa\u00f1as. Tambi\u00e9n dialogo sobre el lenguaje inclusivo con diversos medios. Hace poco tuve una entrevista con Tunturuntu sobre el empleo del t\u00e9rmino Elle.<\/p>\n\n\n\n<p class=\"wp-block-paragraph\">Intento de que el feminismo est\u00e9 presente en lo que hago. Defiendo la frase que lo personal es pol\u00edtico. Por eso creo que la realidad de las mujeres no debe ser tan torcida. La vamos a cambiar. El patriarcado, #sevaacaer. (2020)<\/p>\n","protected":false},"excerpt":{"rendered":"<p>Esta entrevista forma parte de una serie de IPS Cuba por los 16 d\u00edas de activismo mundial por la no violencia hacia las mujeres y las ni\u00f1as. SemM\u00e9xico\/IPS, La Habana, Cuba, 9 de diciembre, 2021.-&nbsp;&nbsp;Samantha Olaz\u00e1bal es feminista, es creadora, es joven. Feminista sin duda de primera y la m\u00e1s importante. Feminista desde que era [&hellip;]<\/p>\n","protected":false},"author":3,"featured_media":43230,"comment_status":"open","ping_status":"open","sticky":false,"template":"","format":"standard","meta":{"_monsterinsights_skip_tracking":false,"footnotes":""},"categories":[626,28,692],"tags":[],"class_list":["post-43227","post","type-post","status-publish","format-standard","has-post-thumbnail","category-16-dias","category-16-dias-de-activismo","category-692"],"_links":{"self":[{"href":"https:\/\/redsemlac.com\/semmexico\/wp-json\/wp\/v2\/posts\/43227","targetHints":{"allow":["GET"]}}],"collection":[{"href":"https:\/\/redsemlac.com\/semmexico\/wp-json\/wp\/v2\/posts"}],"about":[{"href":"https:\/\/redsemlac.com\/semmexico\/wp-json\/wp\/v2\/types\/post"}],"author":[{"embeddable":true,"href":"https:\/\/redsemlac.com\/semmexico\/wp-json\/wp\/v2\/users\/3"}],"replies":[{"embeddable":true,"href":"https:\/\/redsemlac.com\/semmexico\/wp-json\/wp\/v2\/comments?post=43227"}],"version-history":[{"count":0,"href":"https:\/\/redsemlac.com\/semmexico\/wp-json\/wp\/v2\/posts\/43227\/revisions"}],"wp:featuredmedia":[{"embeddable":true,"href":"https:\/\/redsemlac.com\/semmexico\/wp-json\/wp\/v2\/media\/43230"}],"wp:attachment":[{"href":"https:\/\/redsemlac.com\/semmexico\/wp-json\/wp\/v2\/media?parent=43227"}],"wp:term":[{"taxonomy":"category","embeddable":true,"href":"https:\/\/redsemlac.com\/semmexico\/wp-json\/wp\/v2\/categories?post=43227"},{"taxonomy":"post_tag","embeddable":true,"href":"https:\/\/redsemlac.com\/semmexico\/wp-json\/wp\/v2\/tags?post=43227"}],"curies":[{"name":"wp","href":"https:\/\/api.w.org\/{rel}","templated":true}]}}