{"id":43213,"date":"2021-12-08T17:11:59","date_gmt":"2021-12-08T23:11:59","guid":{"rendered":"https:\/\/redsemlac.com\/semmexico\/?p=43213"},"modified":"2023-07-21T18:53:18","modified_gmt":"2023-07-21T23:53:18","slug":"14-dias-de-accion-revelaciones-de-una-ministra-y-presidenta-del-senado-en-mexico","status":"publish","type":"post","link":"https:\/\/redsemlac.com\/semmexico\/14-dias-de-accion-revelaciones-de-una-ministra-y-presidenta-del-senado-en-mexico\/","title":{"rendered":"14 d\u00edas de acci\u00f3n, revelaciones de una ministra y presidenta del Senado en M\u00e9xico"},"content":{"rendered":"\n<ul class=\"wp-block-list\"><li><strong>La ex secretaria de Gobernaci\u00f3n habla del machismo que sufri\u00f3<\/strong><\/li><li><strong>Olga S\u00e1nchez Cordero habla con el diario El Universal<\/strong><\/li><li><strong>\u201cSufr\u00ed machismo constante de gente cercana a AMLO\u201d<\/strong><\/li><\/ul>\n\n\n\n<p class=\"wp-block-paragraph\">SemM\u00e9xico, Cd. de M\u00e9xico, 8 de diciembre, 2021.- En una entrevista publicada este 8 de diciembre en el diario El Universal la presidenta del&nbsp;Senado&nbsp;de la Rep\u00fablica,&nbsp;<a href=\"https:\/\/www.eluniversal.com.mx\/tag\/olga-sanchez-cordero\" target=\"_blank\" rel=\"noreferrer noopener\">Olga S\u00e1nchez Cordero,<\/a>&nbsp;revel\u00f3 que durante su gesti\u00f3n al frente de la&nbsp;Secretar\u00eda de Gobernaci\u00f3n&nbsp;(Segob), sufri\u00f3 actitudes machistas&nbsp;y patriarcales por parte de&nbsp;gente cercana&nbsp;al&nbsp;presidente Andr\u00e9s Manuel L\u00f3pez Obrador.<\/p>\n\n\n\n<p class=\"wp-block-paragraph\">El 26 de agosto pasado, renunci\u00f3 a Segob para incorporarse al Senado, que dej\u00f3 el 29 de noviembre de 2018, para tomar el cargo de secretaria de Gobernaci\u00f3n, el que dur\u00f3 solamente 3 a\u00f1os.<\/p>\n\n\n\n<p class=\"wp-block-paragraph\">Afirm\u00f3 que esas personas pretendieron \u201cdesvalorizar\u201d su trabajo.<\/p>\n\n\n\n<p class=\"wp-block-paragraph\">Seg\u00fan el diario lo dijo al participar en un foro sobre la Violencia y el Acoso en el Trabajo, y dijo que su caso es un claro ejemplo de que hasta en las m\u00e1s altas posiciones, una mujer sufre acoso y desvalorizaci\u00f3n de su trabajo, \u201cen forma permanente y constante\u201d.<\/p>\n\n\n\n<p class=\"wp-block-paragraph\">Textual: \u201cPermanentemente desvalorizada, a pesar de que yo me esmeraba por cumplir la responsabilidad del cargo de&nbsp;secretaria de Gobernaci\u00f3n, una de las posiciones m\u00e1s importantes y dif\u00edciles tambi\u00e9n para realizar. Pareciera que estas pocas personas, con la desvalorizaci\u00f3n que hac\u00edan de mi trabajo, se retroalimentaban en sus&nbsp;machismos. Pareciera que esa desvalorizaci\u00f3n era como demostrar la superioridad y la alimentaci\u00f3n de ese&nbsp;patriarcado&nbsp;y de ese machismo y de esa obvia desigualdad y desequilibrio; porque quien lo sufre es quien lo est\u00e1 diciendo\u201d, puntualiz\u00f3.<\/p>\n\n\n\n<p class=\"wp-block-paragraph\">La ex ministra de la Suprema Corte de Justicia dijo m\u00e1s. Seg\u00fan el texto&nbsp;dio a conocer que hasta sus colaboradores m\u00e1s cercanos se opon\u00edan a que ocupara la presidencia del Senado de la Rep\u00fablica, con el argumento de que no ten\u00eda experiencia en ese cargo.<\/p>\n\n\n\n<p class=\"wp-block-paragraph\">\u201cIncluso los m\u00e1s cercanos colaboradores, cuando me sugirieron que no aceptara la presidencia del Senado, porque no ten\u00eda la experiencia, despu\u00e9s de haber presidido el Pleno de la Suprema Corte. Y eso consta en un chat, y lo grab\u00e9, y lo tengo guardado para mi memoria. (\u2026) Como si naciera uno ya sabiendo todo; y como si los presidentes y las presidentas hubieran sabido ser presidentas y presidentes cuando llegaron\u201d, se\u00f1al\u00f3.<\/p>\n\n\n\n<p class=\"wp-block-paragraph\">La exsecretaria de Gobernaci\u00f3n indic\u00f3 que mucha gente le aconseja que cure esas heridas, que le d\u00e9 la vuelta a la p\u00e1gina, que cierre el cap\u00edtulo y no contin\u00fae d\u00e1ndole vueltas a lo que fue una experiencia tan negativa para ella, a lo que responde que ya cerr\u00f3 ese cap\u00edtulo en su vida.<\/p>\n\n\n\n<p class=\"wp-block-paragraph\">&nbsp;\u201cPor eso comparto mi historia. Porque ustedes pueden pensar que llegando a las m\u00e1s altas esferas de Poder todo es sencillo, y es mucho muy complicado, es a codazos. Y cuando llegas te minan, y te minan permanentemente tu trabajo todos los que est\u00e1n alrededor de ti\u201d, remarc\u00f3.<\/p>\n\n\n\n<p class=\"wp-block-paragraph\">Enfatiz\u00f3 que la violencia y el acoso en el mundo del trabajo, siguen siendo un problema, por lo que hay que discutir y generar sinergias frente al reto de corregir y revertir los desequilibrios sociales y laborales entre hombres y mujeres.<\/p>\n\n\n\n<p class=\"wp-block-paragraph\">\u201cEs una misi\u00f3n vital en estos tiempos. Y hacerlo a trav\u00e9s de la ratificaci\u00f3n de este Convenio 190 de la Organizaci\u00f3n Internacional del Trabajo, para garantizar el derecho a un mundo del trabajo libre de violencia y acoso, es un mecanismo muy eficaz para lograrlo; pero es tambi\u00e9n un reclamo importante\u201d, sostuvo.<\/p>\n\n\n\n<p class=\"wp-block-paragraph\">La presidenta del Senado asegur\u00f3 que \u201cla primera que se tiene que valorizar es la propia mujer, las propias ni\u00f1as, las propias adolescentes, porque esa autoestima, esa autovaloraci\u00f3n es la que nos va a sacar adelante, a pesar de las desvalorizaciones, de los acosos y de todo lo que hemos estado sufriendo durante tantos y tantos a\u00f1os\u201d.<\/p>\n\n\n\n<p class=\"wp-block-paragraph\">S\u00e1nchez Cordero, 20 a\u00f1os como ministra de la Suprema Corte de Justicia, se destac\u00f3 como una destacada ministra, fue y es una de las primeras notarias p\u00fablicas de M\u00e9xico. Se siente feminista, empuj\u00f3 los protocolos para juzgar los feminicidios, vot\u00f3 a favor de una legislaci\u00f3n favorable a la Interrupci\u00f3n Legal del Embarazo y la \u00fanica oradora en la celebraci\u00f3n de los 50 a\u00f1os del voto.<\/p>\n\n\n\n<p class=\"wp-block-paragraph\">Mujer con cercan\u00edas con el poder, aplaudi\u00f3 el arribo del pluralismo pol\u00edtico, y desde que creci\u00f3 el movimiento del presidente Andr\u00e9s Manuel L\u00f3pez Obrador, se uni\u00f3 a \u00e9l. En el Senado de la Rep\u00fablica ha admitido las directrices presidenciales y contin\u00faa apoyando al r\u00e9gimen actual. Fue encargada de la pol\u00edtica oficial para disminuir la violencia contra las mujeres, actividad disminuida institucional y econ\u00f3micamente en estos primeros tres a\u00f1os.<\/p>\n\n\n\n<p class=\"wp-block-paragraph\">Algunas fuentes afirman que el presidente&nbsp;Andr\u00e9s Manuel L\u00f3pez Obrador&nbsp;le solicit\u00f3 a&nbsp;S\u00e1nchez Cordero&nbsp;apoyar desde el Senado las reformas prioritarias del Gobierno Federal.<\/p>\n\n\n\n<p class=\"wp-block-paragraph\">Ricardo Monreal \u00c1vila, coordinador de los senadores de Morena, inform\u00f3 a trav\u00e9s de su cuenta de Twitter que&nbsp;S\u00e1nchez Cordero&nbsp;present\u00f3 su solicitud de reincorporaci\u00f3n como senadora propietaria, \u201ca lo cual, de acuerdo con la ley, tiene ese derecho\u201d.&nbsp;El senador le expres\u00f3 a&nbsp;S\u00e1nchez Cordero&nbsp;el benepl\u00e1cito por su decisi\u00f3n, y le dio la bienvenida.<\/p>\n\n\n\n<p class=\"wp-block-paragraph\">\u201cLa doctora Olga S\u00e1nchez Cordero es una mujer con prestigio y con talento, que contribuir\u00e1 de manera importante al trabajo legislativo que estamos desarrollando y a concretar el proceso de transformaci\u00f3n que vive el pa\u00eds, v\u00eda la agenda legislativa que nos propusimos\u201d, asever\u00f3 Monreal.<\/p>\n\n\n\n<p class=\"wp-block-paragraph\">\u201cEstamos convencidos que contribuir\u00e1 mucho a mantener la cohesi\u00f3n y la unidad en nuestra fracci\u00f3n parlamentaria, as\u00ed como en el Senado federal, puesto que su actitud abona a la vida democr\u00e1tica y siempre se ha destacado por su actitud progresista\u201d, agreg\u00f3.<\/p>\n","protected":false},"excerpt":{"rendered":"<p>En una entrevista publicada este 8 de diciembre en el diario El Universal la presidenta del\u00a0Senado\u00a0de la Rep\u00fablica,\u00a0Olga S\u00e1nchez Cordero,\u00a0revel\u00f3 que durante su gesti\u00f3n al frente <\/p>\n","protected":false},"author":3,"featured_media":43214,"comment_status":"open","ping_status":"open","sticky":false,"template":"","format":"standard","meta":{"_monsterinsights_skip_tracking":false,"footnotes":""},"categories":[626,692],"tags":[],"class_list":["post-43213","post","type-post","status-publish","format-standard","has-post-thumbnail","category-16-dias","category-692"],"_links":{"self":[{"href":"https:\/\/redsemlac.com\/semmexico\/wp-json\/wp\/v2\/posts\/43213","targetHints":{"allow":["GET"]}}],"collection":[{"href":"https:\/\/redsemlac.com\/semmexico\/wp-json\/wp\/v2\/posts"}],"about":[{"href":"https:\/\/redsemlac.com\/semmexico\/wp-json\/wp\/v2\/types\/post"}],"author":[{"embeddable":true,"href":"https:\/\/redsemlac.com\/semmexico\/wp-json\/wp\/v2\/users\/3"}],"replies":[{"embeddable":true,"href":"https:\/\/redsemlac.com\/semmexico\/wp-json\/wp\/v2\/comments?post=43213"}],"version-history":[{"count":0,"href":"https:\/\/redsemlac.com\/semmexico\/wp-json\/wp\/v2\/posts\/43213\/revisions"}],"wp:featuredmedia":[{"embeddable":true,"href":"https:\/\/redsemlac.com\/semmexico\/wp-json\/wp\/v2\/media\/43214"}],"wp:attachment":[{"href":"https:\/\/redsemlac.com\/semmexico\/wp-json\/wp\/v2\/media?parent=43213"}],"wp:term":[{"taxonomy":"category","embeddable":true,"href":"https:\/\/redsemlac.com\/semmexico\/wp-json\/wp\/v2\/categories?post=43213"},{"taxonomy":"post_tag","embeddable":true,"href":"https:\/\/redsemlac.com\/semmexico\/wp-json\/wp\/v2\/tags?post=43213"}],"curies":[{"name":"wp","href":"https:\/\/api.w.org\/{rel}","templated":true}]}}