{"id":43209,"date":"2021-12-08T14:29:35","date_gmt":"2021-12-08T20:29:35","guid":{"rendered":"https:\/\/redsemlac.com\/semmexico\/?p=43209"},"modified":"2023-07-21T18:53:18","modified_gmt":"2023-07-21T23:53:18","slug":"mirada-violeta-hablemos-de-comunicacion-asertiva-enrique","status":"publish","type":"post","link":"https:\/\/redsemlac.com\/semmexico\/mirada-violeta-hablemos-de-comunicacion-asertiva-enrique\/","title":{"rendered":"Mirada Violeta| Hablemos de Comunicaci\u00f3n asertiva Enrique"},"content":{"rendered":"\n<p class=\"wp-block-paragraph\"><strong>Guadalupe Ramos Ponce<\/strong><\/p>\n\n\n\n<p class=\"wp-block-paragraph\">SemM\u00e9xico, Guadalajara, Jalisco, 8 de diciembre, 2021.-Desde el lunes 29 de noviembre del 2021 una joven de 16 a\u00f1os llamada Paula Petersen Gonz\u00e1lez desapareci\u00f3 en el estado de Jalisco. Se activ\u00f3 el Protocolo Alba y se emiti\u00f3 una ficha de b\u00fasqueda. La alerta Amber detall\u00f3 que la joven podr\u00eda encontrarse probablemente con Otto Zucker Cienfuegos y se a\u00f1adi\u00f3 que la integridad de la adolescente se encontraba en riesgo. Ante esta situaci\u00f3n, fue el viernes 3 de diciembre, cuando el gobernador de Jalisco, Enrique Alfaro Ram\u00edrez inform\u00f3 desde su cuenta de Twitter los supuestos \u201cavances\u201d que han realizado las autoridades estatales para localizar a Paula. \u201cSobre la desaparici\u00f3n de Paula Petersen, la joven de 16 a\u00f1os que fue vista por \u00faltima vez en la colonia San Juan de Ocot\u00e1n, la @FiscaliaJal trabaja permanentemente en su b\u00fasqueda, como en cada caso en nuestro estado, y hay importantes avances\u201d, mencion\u00f3. El gobernador remarc\u00f3 que los primeros datos arrojaron que Petersen se fue por \u201cdecisi\u00f3n personal y se encuentra en compa\u00f1\u00eda de un masculino conocido de ella, a quien tambi\u00e9n se est\u00e1 buscando\u201d. Alfaro a\u00f1adi\u00f3 que la menor no ha estado incomunicada con sus seres queridos y tampoco ha querido volver a su hogar. \u201cLa joven, quien ha mantenido comunicaci\u00f3n constante con su familia, se ha negado a regresar a su casa hasta el momento. Aun as\u00ed, no pararemos hasta que est\u00e9 de vuelta con sus seres queridos. Para finalizar, el gobernador manda ese mensaje: \u201cQuiero aprovechar esta situaci\u00f3n para hacer un llamado a las madres y padres de familia a mantener una comunicaci\u00f3n asertiva con sus hijos para evitar este tipo de situaciones que duelen y que son m\u00e1s comunes de lo que parece\u201d. Evidentemente, el comunicado est\u00e1 plagado de violaciones a los derechos humanos de la ni\u00f1a y de su familia, incluso, podr\u00eda estar violentando las reglas de comunicaci\u00f3n de las redes sociales al difundir informaci\u00f3n sensible que corresponde solo conocer a la v\u00edctima y a su familia.<\/p>\n\n\n\n<p class=\"wp-block-paragraph\">\u00bfQu\u00e9 implica comunicar con perspectiva de g\u00e9nero y de derechos humanos?&nbsp; \u00bfQu\u00e9 implica que un gobernador utilice sus redes sociales para hablar de un tema sensible a la sociedad como lo es la desaparici\u00f3n de ni\u00f1as y mujeres? \u00bfQu\u00e9 implica que el gobernador de Jalisco hable de unos casos de desapariciones y no de todos? \u00bfQu\u00e9 implica que a trav\u00e9s de sus redes sociales el gobernador del estado, \u00bfEnrique Alfaro, dirija un mensaje revictimizante para la familia de una ni\u00f1a desparecida? Sin duda, las implicaciones son muchas, basta recordar \u201cLa Cultura del Feminicidio en Ciudad Ju\u00e1rez\u201d de la investigadora del Colegio de la Frontera Norte Julia Fregoso, para darnos cuenta que estos gobernantes no han entendido nada sobre violencia contra las mujeres. Ahora parece que hay que \u201cser una buena v\u00edctima\u201d, para no ser revictimizada p\u00fablica y medi\u00e1ticamente. El Estado tiene la obligaci\u00f3n de garantizar la seguridad e integridad de todas las personas y en caso de su desaparici\u00f3n, la obligaci\u00f3n de b\u00fasqueda inmediata, sin prejuicios, sin dar a conocer informaci\u00f3n que solo corresponde a la investigaci\u00f3n y, sobre todo, trat\u00e1ndose de una ni\u00f1a, en donde debe prevalecer el inter\u00e9s superior de la ni\u00f1ez.<\/p>\n\n\n\n<p class=\"wp-block-paragraph\">El gobernador cometi\u00f3 graves faltas y violaciones a los derechos humanos de la ni\u00f1a desaparecida y de su familia. Aqu\u00ed se\u00f1alo algunas:<\/p>\n\n\n\n<p class=\"wp-block-paragraph\">Difundir informaci\u00f3n del caso de la forma en la que lo est\u00e1 haciendo el gobernador, solo estigmatiza y prejuzga. Los protocolos de b\u00fasqueda son muy claros, toda la informaci\u00f3n obtenida en la investigaci\u00f3n y b\u00fasqueda de una persona desaparecida solo debe ser utilizada para su localizaci\u00f3n.<\/p>\n\n\n\n<p class=\"wp-block-paragraph\">El gobernador refuerza el discurso mis\u00f3gino y machista repetido desde Ciudad Ju\u00e1rez y sancionado en la sentencia de campo algodonero de la Corte Interamericana de Derechos Humanos desde 2009, que se\u00f1ala que cuando una mujer desaparece, es porque lo hizo \u201cpor su propia voluntad o por irse con el novio\u201d.<\/p>\n\n\n\n<p class=\"wp-block-paragraph\">Se\u00f1alar a la familia como responsable por no comunicarse adecuadamente con la joven e invitarles a \u201ctener una comunicaci\u00f3n asertiva\u201d, es el colmo de las revictimizaciones.<\/p>\n\n\n\n<p class=\"wp-block-paragraph\">A las autoridades del estado les corresponde investigar, dar con el paradero de la ni\u00f1a, verificar que efectivamente no est\u00e1 en una situaci\u00f3n de riesgo y buscar restituirla a su familia. Y a ti Enrique, te toca adem\u00e1s de encontrar a la ni\u00f1a y disculparte con su familia, tener una comunicaci\u00f3n asertiva, con perspectiva de g\u00e9nero y de derechos humanos.<\/p>\n\n\n\n<p class=\"wp-block-paragraph\">medium.com\/dra-lupitaramos<\/p>\n\n\n\n<p class=\"wp-block-paragraph\">@dralupitaramosp<\/p>\n\n\n\n<p class=\"wp-block-paragraph\">lupitaramosponce@gmail.com<\/p>\n\n\n\n<p class=\"wp-block-paragraph\">Canal de Youtoube Dra. Lupita Ramos.<\/p>\n\n\n\n<p class=\"wp-block-paragraph\"><a href=\"https:\/\/www.youtube.com\/channel\/UCQ_bKrt9f4rkb7VST7-sYrg\">https:\/\/www.youtube.com\/channel\/UCQ_bKrt9f4rkb7VST7-sYrg<\/a><\/p>\n","protected":false},"excerpt":{"rendered":"<p>Desde el lunes 29 de noviembre del 2021 una joven de 16 a\u00f1os llamada Paula Petersen Gonz\u00e1lez desapareci\u00f3 en el estado de Jalisco. Se activ\u00f3 el Protocolo Alba y se emiti\u00f3 una ficha de b\u00fasqueda. <\/p>\n","protected":false},"author":3,"featured_media":8967,"comment_status":"open","ping_status":"open","sticky":false,"template":"","format":"standard","meta":{"_monsterinsights_skip_tracking":false,"footnotes":""},"categories":[692,36,91],"tags":[459],"class_list":["post-43209","post","type-post","status-publish","format-standard","has-post-thumbnail","category-692","category-columnistas","category-lupita-ramos-ponce","tag-opinion"],"_links":{"self":[{"href":"https:\/\/redsemlac.com\/semmexico\/wp-json\/wp\/v2\/posts\/43209","targetHints":{"allow":["GET"]}}],"collection":[{"href":"https:\/\/redsemlac.com\/semmexico\/wp-json\/wp\/v2\/posts"}],"about":[{"href":"https:\/\/redsemlac.com\/semmexico\/wp-json\/wp\/v2\/types\/post"}],"author":[{"embeddable":true,"href":"https:\/\/redsemlac.com\/semmexico\/wp-json\/wp\/v2\/users\/3"}],"replies":[{"embeddable":true,"href":"https:\/\/redsemlac.com\/semmexico\/wp-json\/wp\/v2\/comments?post=43209"}],"version-history":[{"count":0,"href":"https:\/\/redsemlac.com\/semmexico\/wp-json\/wp\/v2\/posts\/43209\/revisions"}],"wp:featuredmedia":[{"embeddable":true,"href":"https:\/\/redsemlac.com\/semmexico\/wp-json\/wp\/v2\/media\/8967"}],"wp:attachment":[{"href":"https:\/\/redsemlac.com\/semmexico\/wp-json\/wp\/v2\/media?parent=43209"}],"wp:term":[{"taxonomy":"category","embeddable":true,"href":"https:\/\/redsemlac.com\/semmexico\/wp-json\/wp\/v2\/categories?post=43209"},{"taxonomy":"post_tag","embeddable":true,"href":"https:\/\/redsemlac.com\/semmexico\/wp-json\/wp\/v2\/tags?post=43209"}],"curies":[{"name":"wp","href":"https:\/\/api.w.org\/{rel}","templated":true}]}}