{"id":43198,"date":"2021-12-08T10:27:26","date_gmt":"2021-12-08T16:27:26","guid":{"rendered":"https:\/\/redsemlac.com\/semmexico\/?p=43198"},"modified":"2023-07-21T18:53:19","modified_gmt":"2023-07-21T23:53:19","slug":"necesario-cruzar-las-fronteras-entre-academia-y-activismo","status":"publish","type":"post","link":"https:\/\/redsemlac.com\/semmexico\/necesario-cruzar-las-fronteras-entre-academia-y-activismo\/","title":{"rendered":"Necesario cruzar las fronteras entre academia y activismo"},"content":{"rendered":"\n<ul class=\"wp-block-list\"><li><strong>Se realiza la 2da. Conferencia Anual de la Red LAIGN, organizada por CIEG<\/strong> <strong>UNAM, Yale CLAIS y UNAM BOSTON<\/strong><\/li><\/ul>\n\n\n\n<ul class=\"wp-block-list\"><li><strong>Marisa Belausteguigoitia, Moira Fradinger encabezaron las ceremonias de<\/strong> <strong>inauguraci\u00f3n y clausura<\/strong><\/li><\/ul>\n\n\n\n<p class=\"wp-block-paragraph\">SemM\u00e9xico, Ciudad Universitaria, 8 de diciembre de 2021.- La doctora Marisa Belausteguigoita directora del CIEG UNAM, es necesario transformar el enfrentamiento entre la academia y el activismo, ya que son las colectivas universitarias formadas en las aulas universitarias.<\/p>\n\n\n\n<p class=\"wp-block-paragraph\">&nbsp;Esta transformaci\u00f3n tiene que dar, entre sus resultados, metodolog\u00edas que narren y recojan las voces y formas colectivas de accionar el conocimiento. Sin olvidar que las colectivas y grupos de activistas se han formado en los salones de clases de universidades, como la UNAM, convirti\u00e9ndolos en espacios de conciencia y desarrollo de la imaginaci\u00f3n para accionar desde lo pol\u00edtico y lo pedag\u00f3gico, junto con el trabajo institucional de la Universidad.<\/p>\n\n\n\n<p class=\"wp-block-paragraph\">As\u00ed lo dijo al poner en marcha la segunda Conferencia Anual de la Red Latinoamericana de Estudios Interdisciplinarios de G\u00e9nero Red LAIGN: Cuerpo profesional\/cuerpo pol\u00edtico: Cruzando fronteras entre la Academia y el Activismo feminista, organizada por el CIEG UNAM, el Consejo de Estudios Latinoamericanos e Ib\u00e9ricos de la Universidad de Yale CLAIS y UNAM Boston. En dos mesas de trabajo y una mesa redonda, se cont\u00f3 con la participaci\u00f3n de Luc\u00eda Ciccia, Helena L\u00f3pez, Gabriela M\u00e9ndez Cota, Andrea Vera, Alejandra N\u00fa\u00f1ez de la Mora, Sandra Lorenzano, Moira Fradinger, Karina Maddoni, Lorena Wolffer, \u00c1ngela P\u00e9rez Mej\u00eda, Benjam\u00edn Ju\u00e1rez Echenique e integrantes de las mesas de trabajo de la Red LAIGN, Despu\u00e9s de las palabras de bienvenida a cargo de Amneris Chaparro del CIEG UNAM y Claudia Valeggia, del Consejo de estudios latinoamericanos e ib\u00e9ricos y Antropolog\u00eda, de Yale.<\/p>\n\n\n\n<figure class=\"wp-block-gallery columns-2 is-cropped wp-block-gallery-1 is-layout-flex wp-block-gallery-is-layout-flex\"><ul class=\"blocks-gallery-grid\"><li class=\"blocks-gallery-item\"><figure><a href=\"https:\/\/redsemlac.com\/semmexico\/wp-content\/uploads\/2021\/12\/cieg-2.png\"><img loading=\"lazy\" decoding=\"async\" width=\"878\" height=\"424\" src=\"https:\/\/redsemlac.com\/semmexico\/wp-content\/uploads\/2021\/12\/cieg-2.png\" alt=\"\" data-id=\"43200\" data-full-url=\"https:\/\/redsemlac.com\/semmexico\/wp-content\/uploads\/2021\/12\/cieg-2.png\" data-link=\"https:\/\/redsemlac.com\/semmexico\/?attachment_id=43200\" class=\"wp-image-43200\"\/><\/a><\/figure><\/li><li class=\"blocks-gallery-item\"><figure><a href=\"https:\/\/redsemlac.com\/semmexico\/wp-content\/uploads\/2021\/12\/cieg-1.png\"><img loading=\"lazy\" decoding=\"async\" width=\"878\" height=\"440\" src=\"https:\/\/redsemlac.com\/semmexico\/wp-content\/uploads\/2021\/12\/cieg-1.png\" alt=\"\" data-id=\"43199\" data-full-url=\"https:\/\/redsemlac.com\/semmexico\/wp-content\/uploads\/2021\/12\/cieg-1.png\" data-link=\"https:\/\/redsemlac.com\/semmexico\/?attachment_id=43199\" class=\"wp-image-43199\"\/><\/a><\/figure><\/li><\/ul><\/figure>\n\n\n\n<p class=\"wp-block-paragraph\">La doctora Belausteguigoita, en su Conferencia Magistral, \u201cEscuelas y Secuelas de la Rabia: Signos y Ritmo del Coraje Especulativo Feminista\u201d, habl\u00f3 de la imaginaci\u00f3n feminista necesaria para seguir generando propuestas incandescentes que no se conviertan en un fuego que borre las genealog\u00edas, sino que siga las huellas, ecos y rastros que abonen a la reconstrucci\u00f3n de lo que la violencia deja a su paso.<\/p>\n\n\n\n<p class=\"wp-block-paragraph\">Fue cuando habl\u00f3 de transformar el enfrentamiento entre la academia y el activismo. Esta transformaci\u00f3n, puntualiz\u00f3, debe tener entre sus resultados, metodolog\u00edas que narren y recojan las voces y formas colectivas de accionar el conocimiento. No hay que olvidar que las colectivas y grupos de activistas se han formado en los salones de clases de universidades, como la UNAM, convirti\u00e9ndolos en espacios de conciencia y desarrollo de la imaginaci\u00f3n para accionar desde lo pol\u00edtico y lo pedag\u00f3gico, junto con el trabajo institucional de la Universidad.<\/p>\n\n\n\n<p class=\"wp-block-paragraph\">En la primera mesa: \u201cSaber cient\u00edfico y los estudios de g\u00e9nero\u201d, se dialog\u00f3 sobre las condiciones estructurales, narrativas y el orden simb\u00f3lico que generan la segregaci\u00f3n de las mujeres en las \u00e1reas STEM y su participaci\u00f3n diferencial, que, para Andrea Vera, tiene un correlato econ\u00f3mico. Alejandra N\u00fa\u00f1ez enfatiz\u00f3 el hecho de que menos del 25 por ciento de los estudios cient\u00edficos incorporan las variantes de g\u00e9nero, cuesti\u00f3n que pone el foco en la necesidad de transformar esta realidad y de buscar una ciencia que propicie e incorpore herramientas colectivas m\u00e1s que una ciencia orientada por el lucro.<\/p>\n\n\n\n<p class=\"wp-block-paragraph\">\u201cM\u00e1s all\u00e1 de la violencia: voces y cuerpos tejiendo paz\u201d es el nombre de la mesa en la que Karina Maddoni, Lorena Wolffer, \u00c1ngela P\u00e9rez Mej\u00eda y Sandra Lorenzano, elaboraron reflexiones acerca de los actos de reparaci\u00f3n simb\u00f3lica que grupos y colectivas feministas han trabajado en contextos sociales afectados por la violencia, desde los que se busca reestablecer lazos sociales perdidos, reconstruir el di\u00e1logo y espacios plurales en los que se pueda hablar desde un \u201cnosotras\u201d que se pueda expandir, incluso, a las voces de las infancias.<\/p>\n\n\n\n<p class=\"wp-block-paragraph\">En esta mesa se enfatiz\u00f3 la importancia de la reparaci\u00f3n como continuidad del conocimiento ancestral de las mujeres y de s\u00edmbolos como la vestimenta para desarrollar procesos de sanaci\u00f3n y una cultura de la paz.<\/p>\n\n\n\n<p class=\"wp-block-paragraph\">En la mesa redonda final se presentaron los proyectos y avances vigentes de los grupos de trabajo: All\u00ed Siles (G\u00e9nero y Educaci\u00f3n), Celeste Wager (G\u00e9nero, Econom\u00eda, Pobreza y Salud), Mart\u00edn De Mauro Rucovsky (G\u00e9nero en las Artes y Humanidades), Luc\u00eda Ciccia (G\u00e9nero en la Ciencia, la Tecnolog\u00eda e Innovaci\u00f3n), Gladys Morales (G\u00e9nero y Derechos Humanos), Vanessa Gubbins y Ever Osorio (G\u00e9nero y Teor\u00eda Feminista), e invitaron a la comunidad a integrarse a la Red LAIGN. Las personas interesadas pueden conocer m\u00e1s aqu\u00ed.<\/p>\n\n\n\n<p class=\"wp-block-paragraph\">En la clausura, Moira Fradinger de la Universidad de Yale, subray\u00f3 la urgencia-necesidad de formar y trabajar en red desde lo interdisciplinario, desde el intercambio de saberes entre universidades. Agreg\u00f3 que las problem\u00e1ticas discutidas en esta conferencia anual LAIGN tienen posibilidades de arreglo, siempre y cuando sean decisiones colectivas, pues \u201cno hay arreglo si no es colectivo\u201d.<\/p>\n\n\n\n<p class=\"wp-block-paragraph\">Los videos de la segunda conferencia internacional de la Red LAIGN se encuentran disponibles para su consulta en los canales Facebook y YouTube del CIEG UNAM<\/p>\n","protected":false},"excerpt":{"rendered":"<p>Se realiza la 2da. Conferencia Anual de la Red LAIGN, organizada por CIEG UNAM, Yale CLAIS y UNAM BOSTON<\/p>\n","protected":false},"author":3,"featured_media":43201,"comment_status":"open","ping_status":"open","sticky":false,"template":"","format":"standard","meta":{"_monsterinsights_skip_tracking":false,"footnotes":""},"categories":[692,45,46],"tags":[],"class_list":["post-43198","post","type-post","status-publish","format-standard","has-post-thumbnail","category-692","category-cultura","category-cultura-cultura"],"_links":{"self":[{"href":"https:\/\/redsemlac.com\/semmexico\/wp-json\/wp\/v2\/posts\/43198","targetHints":{"allow":["GET"]}}],"collection":[{"href":"https:\/\/redsemlac.com\/semmexico\/wp-json\/wp\/v2\/posts"}],"about":[{"href":"https:\/\/redsemlac.com\/semmexico\/wp-json\/wp\/v2\/types\/post"}],"author":[{"embeddable":true,"href":"https:\/\/redsemlac.com\/semmexico\/wp-json\/wp\/v2\/users\/3"}],"replies":[{"embeddable":true,"href":"https:\/\/redsemlac.com\/semmexico\/wp-json\/wp\/v2\/comments?post=43198"}],"version-history":[{"count":0,"href":"https:\/\/redsemlac.com\/semmexico\/wp-json\/wp\/v2\/posts\/43198\/revisions"}],"wp:featuredmedia":[{"embeddable":true,"href":"https:\/\/redsemlac.com\/semmexico\/wp-json\/wp\/v2\/media\/43201"}],"wp:attachment":[{"href":"https:\/\/redsemlac.com\/semmexico\/wp-json\/wp\/v2\/media?parent=43198"}],"wp:term":[{"taxonomy":"category","embeddable":true,"href":"https:\/\/redsemlac.com\/semmexico\/wp-json\/wp\/v2\/categories?post=43198"},{"taxonomy":"post_tag","embeddable":true,"href":"https:\/\/redsemlac.com\/semmexico\/wp-json\/wp\/v2\/tags?post=43198"}],"curies":[{"name":"wp","href":"https:\/\/api.w.org\/{rel}","templated":true}]}}