{"id":43190,"date":"2021-12-08T10:10:14","date_gmt":"2021-12-08T16:10:14","guid":{"rendered":"https:\/\/redsemlac.com\/semmexico\/?p=43190"},"modified":"2023-07-21T18:53:19","modified_gmt":"2023-07-21T23:53:19","slug":"letra-clara-la-literatura-tambien-usa-tacones-altos","status":"publish","type":"post","link":"https:\/\/redsemlac.com\/semmexico\/letra-clara-la-literatura-tambien-usa-tacones-altos\/","title":{"rendered":"Letra Clara| La literatura tambi\u00e9n usa tacones altos"},"content":{"rendered":"\n<p class=\"wp-block-paragraph\"><strong>Teresa Vald\u00e9s Betancourt<\/strong><\/p>\n\n\n\n<p class=\"wp-block-paragraph\">SemM\u00e9xico, Colima, 8 de diciembre, 2021.-Con este lema el colectivo feminista Drag Queen Story Hour Jalisco busca remar contracorriente, al present\u00f3 el evento <em>\u201cCuentos en tacones. Lecturas inclusivas\u201d,<\/em> dentro de la edici\u00f3n 35 de la Feria Internacional del Libro de Guadalajara, 2021 dedicada a Per\u00fa como Pa\u00eds Invitado de Honor, que se inaugur\u00f3 con la novedosa modalidad de presencial y en <em>online.&nbsp;<\/em><\/p>\n\n\n\n<p class=\"wp-block-paragraph\">Durante la sesi\u00f3n \u201c<em>Cuentos en tacones\u201d,<\/em> a cargo de Drag Queen Story Hour, en la FIL de Guadalajara se presentaron tres cuentos infantiles, <em>Becky the Bitch, Roja; La de piel azu y Negraconda<\/em>, que tuvieron como su denominador com\u00fan, los temas de la aceptaci\u00f3n, la identidad y la ruptura de estigmas sociales.<\/p>\n\n\n\n<p class=\"wp-block-paragraph\">El primer texto, \u201cBelisario\u201d, corri\u00f3 a cargo de Becky the Bitch. La historia, autor\u00eda de Dor\u00e9mus Ga\u00ebtan, narra las peripecias de un panadero a quien le gustaba convivir con ni\u00f1as y ni\u00f1os, disfrazarse y vender pan.<\/p>\n\n\n\n<p class=\"wp-block-paragraph\">El segundo cuento, \u201c<em>El cazo de Lorenzo\u201d,<\/em> fue narrado por la Roja, \u201cel monstruo de piel azul\u201d, que refiere la hermosa historia de Lorenzo, un ni\u00f1o que no es aceptado porque un d\u00eda, se le peg\u00f3 en la cabeza en un cazo y se le queda pegado.<\/p>\n\n\n\n<p class=\"wp-block-paragraph\">En el tercer texto, Vestida de bruja, <em>Negraconda<\/em> cont\u00f3 la historia de otra bruja del cuento \u201cGuapa\u201d, donde la bruja va a tener una cita con un ogro y como preparaci\u00f3n visita a diferentes amigos animales. Con las opiniones de sus amistades la bruja modifica sus maneras y pierde todas las caracter\u00edsticas de las cuales el ogro, se hab\u00eda enamorado, lo que ocasiona que, al llegar a la cita, el ogro no reconozca a la bruja y se marche. Al final, la bruja regresa a sus facciones viejas y le hace una comida al ogro, pero usa a los animales que la hab\u00edan convencido de cambiar su apariencia.<\/p>\n\n\n\n<p class=\"wp-block-paragraph\">Con un lenguaje fresco y juvenil se reitera la necesidad que cada quien, autodefina su identidad, la acepte y abandone prejuicios o estereotipos que discriminan y violentan especialmente a las mujeres y ni\u00f1as.<\/p>\n\n\n\n<p class=\"wp-block-paragraph\">Vale reconocer en esta 35 edici\u00f3n, que result\u00f3 notable el incremento de la presencia femenina en este encuentro de pensamiento, arte y literatura que representa la FIL de Guadalajara, la Feria del libro m\u00e1s importante de la lengua hispana, incluso en actividades de profesionales que fueron durante mucho tiempo acaparadas por los varones.<\/p>\n\n\n\n<p class=\"wp-block-paragraph\">De esta manera, Adriana Mosquera, <em>Nani<\/em>, recibi\u00f3 el homenaje que cada a\u00f1o entrega el <em>Encuentro Internacional de Caricatura e Historieta 2021,<\/em> con un reconocimiento a<em> Nani,<\/em> que se consider\u00f3 como una distinci\u00f3n a la lucha de miles de mujeres que reclaman porque su trabajo sea reconocido.<\/p>\n\n\n\n<p class=\"wp-block-paragraph\">En sus declaraciones Adriana Mosquera <em>Nani<\/em>, segunda mujer en recibir <em>La Catrina<\/em> en toda la historia del homenaje, reconoci\u00f3 que, con su empe\u00f1o e insistencia logr\u00f3 ingresar a un \u00e1mbito, como muchos otros de sus colegas a una profesi\u00f3n que ha sido monopolizada por los hombres, y pidi\u00f3 que, la pr\u00f3xima <em>Catrina <\/em>tambi\u00e9n fuera para una mujer caricaturista.<\/p>\n\n\n\n<p class=\"wp-block-paragraph\"><em>Nani <\/em>como dibujante colombiana recibi\u00f3 la estatuilla que le reconoce su amplia trayectoria de habla hispana, despu\u00e9s de 25 a\u00f1os de ejercicio profesional, con 16 libros publicados y muchas exposiciones individuales en Brasil, M\u00e9xico y su natal Colombia, entre otros pa\u00edses.<\/p>\n\n\n\n<p class=\"wp-block-paragraph\">Ella explico que a\u00fan, cuando muchas cosas han cambiado, lo cierto es que cada vez que una mujer caricaturista solicita trabajo, digamos, en un diario o revista, muchas veces la respuesta es \u201c<em>ya tenemos una mujer\u201d,<\/em> sin importar que haya otros cuatro caricaturistas hombres. Y es que se creen que todas las mujeres van a hablar del mismo tema, sin importar que esto, no sea ni remotamente cierto, afirm\u00f3 la creadora colombiana.<\/p>\n\n\n\n<p class=\"wp-block-paragraph\">El vicerrector ejecutivo de la Universidad de Guadalajara, H\u00e9ctor Sol\u00eds Gadea, al entregar el reconocimiento dedic\u00f3 unas palabras a hablar de <em>Magola,<\/em> el personaje insignia de, desde cuyas vi\u00f1etas <em>Nani<\/em> reitera \u201cque las mujeres pueden hacer lo que se propongan\u201d. M\u00e1s adelante coment\u00f3 que el trabajo de la caricatura es un ejercicio de cr\u00edtica al poder, y a\u00f1adi\u00f3 que, \u201cmientras tengamos caricatura, tendremos libertad y dijo: \u201c<em>Gracias, Nani, por tu lucha y tu legado. Recibe el reconocimiento y admiraci\u00f3n de la comunidad universitaria\u201d.<\/em><\/p>\n\n\n\n<p class=\"wp-block-paragraph\">La pr\u00f3xima edici\u00f3n de 2022, tendr\u00e1 a Sharjah como Invitado de Honor y a la cultura \u00e1rabe, ser\u00e1n el centro en la Feria Internacional del Libro de Guadalajara. La ciudad de Sharjah, capital del emirato del mismo nombre, fue nombrada la capital cultural y editorial del mundo \u00e1rabe por la UNESCO en 1998, reconocida como editorial l\u00edder por sus iniciativas para promover la lectura con ejemplares que tienen que ver con la fabricaci\u00f3n de los libros m\u00e1s accesibles para adultos j\u00f3venes y las poblaciones migrantes y en otra ocasi\u00f3n argumento.<\/p>\n\n\n\n<p class=\"wp-block-paragraph\">En conferencia de prensa, Ra\u00fal Padilla L\u00f3pez, presidente de la FIL, explic\u00f3 que este emirato llegar\u00e1 a Guadalajara luego de que su participaci\u00f3n, programada originalmente para 2020, que tuvo que ser pospuesta debido al confinamiento sanitario. Como curiosidad se record\u00f3 que <em>\u201cla palabra Guadalajara, que proviene del \u00e1rabe y traducido com\u00fanmente como &#8216;el r\u00edo que corre entre piedras &#8216;<\/em>\u201d<\/p>\n","protected":false},"excerpt":{"rendered":"<p>Con este lema el colectivo feminista Drag Queen Story Hour Jalisco busca remar contracorriente, al present\u00f3 el evento \u201cCuentos en tacones. Lecturas inclusivas\u201d.<\/p>\n","protected":false},"author":3,"featured_media":9180,"comment_status":"open","ping_status":"open","sticky":false,"template":"","format":"standard","meta":{"_monsterinsights_skip_tracking":false,"footnotes":""},"categories":[692,101,35,79],"tags":[459],"class_list":["post-43190","post","type-post","status-publish","format-standard","has-post-thumbnail","category-692","category-letra-clara","category-opinion","category-teresa-valdes-betancourt","tag-opinion"],"_links":{"self":[{"href":"https:\/\/redsemlac.com\/semmexico\/wp-json\/wp\/v2\/posts\/43190","targetHints":{"allow":["GET"]}}],"collection":[{"href":"https:\/\/redsemlac.com\/semmexico\/wp-json\/wp\/v2\/posts"}],"about":[{"href":"https:\/\/redsemlac.com\/semmexico\/wp-json\/wp\/v2\/types\/post"}],"author":[{"embeddable":true,"href":"https:\/\/redsemlac.com\/semmexico\/wp-json\/wp\/v2\/users\/3"}],"replies":[{"embeddable":true,"href":"https:\/\/redsemlac.com\/semmexico\/wp-json\/wp\/v2\/comments?post=43190"}],"version-history":[{"count":0,"href":"https:\/\/redsemlac.com\/semmexico\/wp-json\/wp\/v2\/posts\/43190\/revisions"}],"wp:featuredmedia":[{"embeddable":true,"href":"https:\/\/redsemlac.com\/semmexico\/wp-json\/wp\/v2\/media\/9180"}],"wp:attachment":[{"href":"https:\/\/redsemlac.com\/semmexico\/wp-json\/wp\/v2\/media?parent=43190"}],"wp:term":[{"taxonomy":"category","embeddable":true,"href":"https:\/\/redsemlac.com\/semmexico\/wp-json\/wp\/v2\/categories?post=43190"},{"taxonomy":"post_tag","embeddable":true,"href":"https:\/\/redsemlac.com\/semmexico\/wp-json\/wp\/v2\/tags?post=43190"}],"curies":[{"name":"wp","href":"https:\/\/api.w.org\/{rel}","templated":true}]}}