{"id":43183,"date":"2021-12-07T16:02:25","date_gmt":"2021-12-07T22:02:25","guid":{"rendered":"https:\/\/redsemlac.com\/semmexico\/?p=43183"},"modified":"2023-07-21T18:53:19","modified_gmt":"2023-07-21T23:53:19","slug":"por-que-se-violan-los-derechos-humanos-en-mexico-porque-se-puede","status":"publish","type":"post","link":"https:\/\/redsemlac.com\/semmexico\/por-que-se-violan-los-derechos-humanos-en-mexico-porque-se-puede\/","title":{"rendered":"\u00bfPor qu\u00e9 se violan los derechos humanos en M\u00e9xico? \u00a1Porque se puede!"},"content":{"rendered":"\n<ul class=\"wp-block-list\"><li><strong>No s\u00f3lo se trata de poner mujeres en el gabinete, sino que se respeten sus derechos<\/strong><\/li><\/ul>\n\n\n\n<ul class=\"wp-block-list\"><li><strong>31 millones de mujeres han sido agredidas de alguna manera<\/strong><\/li><\/ul>\n\n\n\n<p class=\"wp-block-paragraph\"><strong>Elda Montiel<\/strong><\/p>\n\n\n\n<p class=\"wp-block-paragraph\">SemM\u00e9xico, Cd. de M\u00e9xico, 7 de diciembre 2021.- No solo se trata de poner mujeres en el gabinete sino de dar derechos a las mujeres, expres\u00f3 Mar\u00eda Elena Morera, presidenta de Causa en Com\u00fan a la pregunta: \u00bfEs cierto que el gobierno actual es feminista?<\/p>\n\n\n\n<p class=\"wp-block-paragraph\">Al inicio de la presente administraci\u00f3n los movimientos feministas estaban muy esperanzados, pero se toparon con pared en Palacio Nacional, agrega.<\/p>\n\n\n\n<p class=\"wp-block-paragraph\">Durante la conferencia de prensa para dar a conocer el 4\u00ba y \u00faltimo reporte de 2021 de Signos Vitales A.C. \u201cBalance Desequilibrado. Los Derechos Humanos en M\u00e9xico\u201d, Mar\u00eda Elena Morera dijo que el derecho a una vida libre de violencia queda en entredicho por las cifras que adem\u00e1s est\u00e1n mal contabilizadas, son mucho m\u00e1s. En violencia familiar no hay pol\u00edticas para su contenci\u00f3n, ni para la desaparici\u00f3n de personas.<\/p>\n\n\n\n<p class=\"wp-block-paragraph\">Dijo que el reporte demuestra que en m\u00e1s de 50 derechos constitucionales fundamentales sufren alg\u00fan tipo de quebrantamiento o incumplimiento y pregunt\u00f3 \u00bfPor qu\u00e9 se violan los derechos humanos en M\u00e9xico?<\/p>\n\n\n\n<p class=\"wp-block-paragraph\">Su respuesta fue contundente:<\/p>\n\n\n\n<p class=\"wp-block-paragraph\">\u00a1Porque se puede y no pasa nada!<\/p>\n\n\n\n<p class=\"wp-block-paragraph\">La violaci\u00f3n a los derechos humanos no es nueva, pero con la pol\u00edtica de \u201cabrazos no balazos\u201d desde el Ejecutivo se claudica y se provoca un vac\u00edo que ocupa el crimen organizado.<\/p>\n\n\n\n<p class=\"wp-block-paragraph\">El Ejecutivo (federal) crea los problemas para luego resolverlos; desapareci\u00f3 la Polic\u00eda Federal crea una Guardia Nacional civil, en papel, y en la pr\u00e1ctica, militar, pero que no ha dado resultados. Lo mismo hizo con los medicamentos crea un caos en la compra y ahora designa a otro.<\/p>\n\n\n\n<p class=\"wp-block-paragraph\">La presidenta de Causa en Com\u00fan afirm\u00f3 que estamos ante un retroceso, una indefensi\u00f3n de nuestros derechos humanos a la merced de instituciones militarizadas.<\/p>\n\n\n\n<p class=\"wp-block-paragraph\">Sergio L\u00f3pez Ayll\u00f3n, catedr\u00e1tico y ex director del CIDE, se\u00f1al\u00f3 que estamos ante un desmantelamiento institucional y sustituci\u00f3n de programas sociales en proceso de despliegue que tienen problemas en su dise\u00f1o y en la operaci\u00f3n.<\/p>\n\n\n\n<p class=\"wp-block-paragraph\">El doctor Enrique C\u00e1rdenas, presidente del Comit\u00e9 Ejecutivo de Signos Vitales precis\u00f3 que no hacen propuestas hacen diagn\u00f3sticos.<\/p>\n\n\n\n<p class=\"wp-block-paragraph\">Mientras que Rogelio G\u00f3mez Hermosillo, coordinador de Acci\u00f3n Ciudadana Frente a la Pobreza, destac\u00f3 que al analizar la acci\u00f3n de gobierno en todos los \u00e1mbitos destaca la reducci\u00f3n al acceso a los servicios de salud y esto es una violaci\u00f3n de derechos humanos que, en caso de pandemia, puede ser considerado como una negligencia grave a la garant\u00eda de progresividad. Precis\u00f3 que en el caso de la salud el acceso no debe ser el diferenciado ni condicionado porque es un derecho humano.<\/p>\n\n\n\n<h2 class=\"wp-block-heading\"><strong>El gobierno ha desaparecido los programas sociales para mujeres<\/strong><\/h2>\n\n\n\n<p class=\"wp-block-paragraph\">En el reporte 2021 se se\u00f1ala que a pesar de las evidencias que atentan contra la seguridad de las mujeres, existe un debilitamiento institucional para la atenci\u00f3n a las mujeres, siendo esto, un sello del actual gobierno federal. Adem\u00e1s del potencial ataque a los \u00f3rganos constitucionalmente aut\u00f3nomos, la reducci\u00f3n de sus presupuestos o su desaparici\u00f3n, as\u00ed como de los constantes intentos por controlar la c\u00fapula del Poder Judicial.<\/p>\n\n\n\n<p class=\"wp-block-paragraph\">La actual administraci\u00f3n ha desaparecido programas sociales enfocados a apoyar, principalmente, a las mujeres como los dos programas que sobresalen por su relevancia; las estancias infantiles y la reducci\u00f3n presupuestal de los refugios para mujeres.<\/p>\n\n\n\n<p class=\"wp-block-paragraph\">Aunque existen leyes que vigilan por este derecho siguen persistiendo acciones que lo violentan poniendo en riesgo a las mujeres.<\/p>\n\n\n\n<h2 class=\"wp-block-heading\"><strong>Seguridad<\/strong><\/h2>\n\n\n\n<p class=\"wp-block-paragraph\">A nivel internacional, M\u00e9xico ocupa el lugar 88 en el \u00edndice de paz y seguridad (GIWPS, 2021) y aunque todos los pa\u00edses tienen un margen de mejora. M\u00e9xico, sin embargo, ocupa por su parte el lugar 43 en la dimensi\u00f3n de justicia y cae hasta el 160 en la dimensi\u00f3n de seguridad, lo que significa que en pleno 2021 solo un tercio de las mujeres se sienten seguras caminar solo en su colonia por la noche, donde adem\u00e1s las tasas de violencia organizada est\u00e1n entre las 10 m\u00e1s altas del mundo sin acceso a instituciones s\u00f3lidas que las protejan.<\/p>\n\n\n\n<p class=\"wp-block-paragraph\">Asimismo, el mismo reporte de GIWPS, indica que en Suecia siete de cada 10 mujeres se sienten seguras en su comunidad (68.9 por ciento), mientras que, en pa\u00edses como M\u00e9xico y Brasil, s\u00f3lo un tercio de ellas se sienten a salvo dentro de su comunidad. Adem\u00e1s, la tasa de violencia organizada la presenta M\u00e9xico con 9.7 muertes por cada cien mil habitantes.<\/p>\n\n\n\n<p class=\"wp-block-paragraph\">En el rubro de seguridad de las mujeres, Signos Vitales recab\u00f3 evidencia que se\u00f1ala que el 66.1 por ciento de las mujeres de 15 a\u00f1os o m\u00e1s han sufrido alg\u00fan tipo de violencia a lo largo de su vida, lo que equivale a que casi 31 millones de mujeres hayan sido agredidas de alguna manera.<\/p>\n\n\n\n<p class=\"wp-block-paragraph\">Del total de agresiones contra mujeres, el 49 por ciento refieren a violencia emocional, el 41.3 por ciento a violencia sexual, el 34 por ciento a violencia f\u00edsica y el 29 por ciento a violencia econ\u00f3mica, patrimonial o discriminaci\u00f3n en el trabajo, datos del INEGI.<\/p>\n\n\n\n<p class=\"wp-block-paragraph\">Asimismo, las mujeres est\u00e1n expuestas a mayores situaciones de violencia en la pareja o incluso dentro de su comunidad. Donde la violencia contra las mujeres se present\u00f3 en mayor proporci\u00f3n fue en los estados de Quer\u00e9taro, Jalisco, Estado de M\u00e9xico, Aguascalientes y Cdmx. Donde al menos tres de cada 10 (26.6 por ciento) reportaron violencia en el trabajo, a lo largo de sus vidas. Donde 2 de cada 10 sufri\u00f3 discriminaci\u00f3n y 1 de cada 10, alg\u00fan tipo de violencia sexual o emocional.<\/p>\n\n\n\n<p class=\"wp-block-paragraph\">Por si fuera poco, entre 2011 y 2016, a una de cada 10 (11.8 por ciento) mujeres que trabajaron les fue solicitada prueba de embarazo. Adem\u00e1s, en tres de cada 10 agresiones a mujeres en el \u00e1mbito laboral (31.8 por ciento) el agresor fue un compa\u00f1ero de trabajo, y dos de cada 10 agresiones fue por el patr\u00f3n o jefe (23.8 por ciento).<\/p>\n\n\n\n<p class=\"wp-block-paragraph\">SEM\/em\/sj<\/p>\n","protected":false},"excerpt":{"rendered":"<p>31 millones de mujeres han sido agredidas de alguna manera<\/p>\n","protected":false},"author":3,"featured_media":43184,"comment_status":"open","ping_status":"open","sticky":false,"template":"","format":"standard","meta":{"_monsterinsights_skip_tracking":false,"footnotes":""},"categories":[692,54],"tags":[],"class_list":["post-43183","post","type-post","status-publish","format-standard","has-post-thumbnail","category-692","category-mujeres"],"_links":{"self":[{"href":"https:\/\/redsemlac.com\/semmexico\/wp-json\/wp\/v2\/posts\/43183","targetHints":{"allow":["GET"]}}],"collection":[{"href":"https:\/\/redsemlac.com\/semmexico\/wp-json\/wp\/v2\/posts"}],"about":[{"href":"https:\/\/redsemlac.com\/semmexico\/wp-json\/wp\/v2\/types\/post"}],"author":[{"embeddable":true,"href":"https:\/\/redsemlac.com\/semmexico\/wp-json\/wp\/v2\/users\/3"}],"replies":[{"embeddable":true,"href":"https:\/\/redsemlac.com\/semmexico\/wp-json\/wp\/v2\/comments?post=43183"}],"version-history":[{"count":0,"href":"https:\/\/redsemlac.com\/semmexico\/wp-json\/wp\/v2\/posts\/43183\/revisions"}],"wp:featuredmedia":[{"embeddable":true,"href":"https:\/\/redsemlac.com\/semmexico\/wp-json\/wp\/v2\/media\/43184"}],"wp:attachment":[{"href":"https:\/\/redsemlac.com\/semmexico\/wp-json\/wp\/v2\/media?parent=43183"}],"wp:term":[{"taxonomy":"category","embeddable":true,"href":"https:\/\/redsemlac.com\/semmexico\/wp-json\/wp\/v2\/categories?post=43183"},{"taxonomy":"post_tag","embeddable":true,"href":"https:\/\/redsemlac.com\/semmexico\/wp-json\/wp\/v2\/tags?post=43183"}],"curies":[{"name":"wp","href":"https:\/\/api.w.org\/{rel}","templated":true}]}}