{"id":43180,"date":"2021-12-07T14:35:09","date_gmt":"2021-12-07T20:35:09","guid":{"rendered":"https:\/\/redsemlac.com\/semmexico\/?p=43180"},"modified":"2023-07-21T18:53:19","modified_gmt":"2023-07-21T23:53:19","slug":"15-5-mujeres-privadas-de-la-libertad-sufrieron-agresion-fisica-o-sexual-durante-su-detencion","status":"publish","type":"post","link":"https:\/\/redsemlac.com\/semmexico\/15-5-mujeres-privadas-de-la-libertad-sufrieron-agresion-fisica-o-sexual-durante-su-detencion\/","title":{"rendered":"15.5 % mujeres privadas de la libertad sufrieron agresi\u00f3n f\u00edsica o sexual durante su detenci\u00f3n"},"content":{"rendered":"\n<ul class=\"wp-block-list\"><li><strong>Revela Encuesta Nacional de Poblaci\u00f3n Privada de la Libertad 2021<\/strong><\/li><\/ul>\n\n\n\n<ul class=\"wp-block-list\"><li><strong>Mujeres el 5.7 % de la poblaci\u00f3n privada de su libertad en penales mexicanos<\/strong><\/li><\/ul>\n\n\n\n<p class=\"wp-block-paragraph\"><strong>Lorena Vaniezcot<\/strong><\/p>\n\n\n\n<p class=\"wp-block-paragraph\">SemM\u00e9xico, Aguascalientes, 7 de diciembre, 2021.- En M\u00e9xico, la pr\u00e1ctica de agresi\u00f3n f\u00edsica o sexual sigue presente al momento de la detenci\u00f3n de mujeres, as\u00ed lo revela los resultados de la Encuesta Nacional de Poblaci\u00f3n Privada de la Libertad (ENPOL 2021), en la que 15.5 por ciento de mujeres denunciaron agresiones f\u00edsicas y sexuales por parte de la polic\u00eda o autoridad que las detuvo.<\/p>\n\n\n\n<p class=\"wp-block-paragraph\">De acuerdo con la informaci\u00f3n de INEGI, aunque las mujeres privadas de su libertad encuestadas representan el 5.7 por ciento de la poblaci\u00f3n privada de su libertad en penales mexicanos, casi cuatro mil mujeres, el cinco por ciento dijo haber sufrido violencia sexual durante la detenci\u00f3n.<\/p>\n\n\n\n<p class=\"wp-block-paragraph\">La ENPOL 2021 se realiz\u00f3 en 203 centros penitenciarios de los \u00e1mbitos federal y estatal en las 32 entidades federativas que concentraron 95.5 por ciento de la poblaci\u00f3n privada de la libertad entre junio y julio de 2021.<\/p>\n\n\n\n<p class=\"wp-block-paragraph\">En t\u00e9rminos generales, el porcentaje de poblaci\u00f3n que fue v\u00edctima de actos de corrupci\u00f3n en al menos una de las etapas del proceso penal desde su detenci\u00f3n hasta la realizaci\u00f3n de su juicio y vida intracarcelaria fue de 36.2 por ciento. La poblaci\u00f3n que sufri\u00f3 actos de corrupci\u00f3n al interior de los centros penitenciarios se ubic\u00f3 en 17.2 por ciento.<\/p>\n\n\n\n<p class=\"wp-block-paragraph\">La encuesta consider\u00f3 entonces una muestra de 678 mil 584 personas mayores de 18 a\u00f1os, privadas de la libertad en centros penitenciarios estatales y federales, la cual incluy\u00f3 a la totalidad de la poblaci\u00f3n femenil, que a junio de 2021 represent\u00f3 5.7 por ciento del total.<br><br>Al incluir a la totalidad de la poblaci\u00f3n de mujeres privadas de la libertad, ser\u00e1 posible realizar an\u00e1lisis para este segmento de la poblaci\u00f3n con un 99 por ciento de precisi\u00f3n estad\u00edstica sobre las variables incluidas en el cuestionario de la encuesta, lo cual permitir\u00e1 reflejar de una manera m\u00e1s clara y detallada sus condiciones de detenci\u00f3n, presentaci\u00f3n ante el Ministerio P\u00fablico, proceso judicial, vida al interior del centro penitenciario y expectativas de reinserci\u00f3n social.<br><br><strong>Otros resultados<\/strong><\/p>\n\n\n\n<p class=\"wp-block-paragraph\"><br>De la poblaci\u00f3n que se encontr\u00f3 privada de la libertad entre junio y julio de 2021 en Centros Penitenciarios Estatales y Federales, 19.1 por ciento fue detenida mediante una orden de detenci\u00f3n, mientras que 9.3 por ciento fue detenida en flagrancia, esto es, durante la comisi\u00f3n del presunto delito.<br><br>La poblaci\u00f3n con cuatro a\u00f1os o menos de haber ingresado al centro penitenciario se ubic\u00f3 en 39.5 por ciento. De igual forma, 36 por ciento de la poblaci\u00f3n privada de la libertad fue detenida por la Polic\u00eda Ministerial o Judicial.<br><br>48.6 por ciento de la poblaci\u00f3n privada de la libertad recibi\u00f3 agresiones f\u00edsicas al momento de su detenci\u00f3n. 38.4 por ciento de quienes sufrieron agresiones f\u00edsicas se\u00f1al\u00f3 haber recibido patadas o pu\u00f1etazos por parte de la polic\u00eda o autoridad que la detuvo, mientras que 23 por ciento mencion\u00f3 haber sido asfixiada o ahorcada.<\/p>\n\n\n\n<p class=\"wp-block-paragraph\">Las mujeres, como ya se indic\u00f3, tambi\u00e9n recibieron agresiones f\u00edsicas y sexuales durante su detenci\u00f3n.<br><\/p>\n\n\n\n<p class=\"wp-block-paragraph\">Solo el 27.8 por ciento de la poblaci\u00f3n privada de la libertad est\u00e1 en proceso de recibir sentencia. De esta poblaci\u00f3n, 39.2 por ciento lleva dos a\u00f1os o m\u00e1s al interior de un centro penitenciario, mientras que 24.8 por ciento ha estado recluida entre uno y dos a\u00f1os.<br><br>De la poblaci\u00f3n privada de la libertad que ha recibido sentencia, 29.8 por ciento fue condenada por homicidio -no se especifica el porcentaje de detenidos por feminicidio-, y 12.2 por ciento por secuestro. Por otro lado, la poblaci\u00f3n sentenciada por robo se ubic\u00f3 en 32.7 por ciento.<br><br>Sin especificar el sexo de las personas, INEGI se\u00f1ala que durante 2021, 25.9 por ciento de la poblaci\u00f3n privada de la libertad se sinti\u00f3 insegura en el centro penitenciario, mientras que 34.1 por ciento de la poblaci\u00f3n fue v\u00edctima de una conducta ilegal al interior del centro penitenciario. De esta poblaci\u00f3n, 87.7 por ciento sufri\u00f3 el robo de objetos personales y 4.6 por ciento fue v\u00edctima de hostigamiento sexual.<br><br>En t\u00e9rminos generales, el porcentaje de poblaci\u00f3n que fue v\u00edctima de actos de corrupci\u00f3n en al menos una de las etapas del proceso penal desde su detenci\u00f3n hasta la realizaci\u00f3n de su juicio y vida intracarcelaria fue de 36.2 por ciento. La poblaci\u00f3n que sufri\u00f3 actos de corrupci\u00f3n al interior de los centros penitenciarios se ubic\u00f3 en 17.2 por ciento.<br><br>Toda la informaci\u00f3n que deriva de la Encuesta Nacional de Poblaci\u00f3n Privada de la Libertad (ENPOL) 2021 se encuentra disponible en la p\u00e1gina de Internet del Instituto:&nbsp;<a href=\"https:\/\/www.inegi.org.mx\/programas\/enpol\/2021\/\">https:\/\/www.inegi.org.mx\/programas\/enpol\/2021\/<\/a><\/p>\n\n\n\n<p class=\"wp-block-paragraph\">SEM\/lv\/sj<\/p>\n","protected":false},"excerpt":{"rendered":"<p>Revela Encuesta Nacional de Poblaci\u00f3n Privada de la Libertad 2021<\/p>\n","protected":false},"author":3,"featured_media":43181,"comment_status":"open","ping_status":"open","sticky":false,"template":"","format":"standard","meta":{"_monsterinsights_skip_tracking":false,"footnotes":""},"categories":[692,51],"tags":[],"class_list":["post-43180","post","type-post","status-publish","format-standard","has-post-thumbnail","category-692","category-ejecutivo"],"_links":{"self":[{"href":"https:\/\/redsemlac.com\/semmexico\/wp-json\/wp\/v2\/posts\/43180","targetHints":{"allow":["GET"]}}],"collection":[{"href":"https:\/\/redsemlac.com\/semmexico\/wp-json\/wp\/v2\/posts"}],"about":[{"href":"https:\/\/redsemlac.com\/semmexico\/wp-json\/wp\/v2\/types\/post"}],"author":[{"embeddable":true,"href":"https:\/\/redsemlac.com\/semmexico\/wp-json\/wp\/v2\/users\/3"}],"replies":[{"embeddable":true,"href":"https:\/\/redsemlac.com\/semmexico\/wp-json\/wp\/v2\/comments?post=43180"}],"version-history":[{"count":0,"href":"https:\/\/redsemlac.com\/semmexico\/wp-json\/wp\/v2\/posts\/43180\/revisions"}],"wp:featuredmedia":[{"embeddable":true,"href":"https:\/\/redsemlac.com\/semmexico\/wp-json\/wp\/v2\/media\/43181"}],"wp:attachment":[{"href":"https:\/\/redsemlac.com\/semmexico\/wp-json\/wp\/v2\/media?parent=43180"}],"wp:term":[{"taxonomy":"category","embeddable":true,"href":"https:\/\/redsemlac.com\/semmexico\/wp-json\/wp\/v2\/categories?post=43180"},{"taxonomy":"post_tag","embeddable":true,"href":"https:\/\/redsemlac.com\/semmexico\/wp-json\/wp\/v2\/tags?post=43180"}],"curies":[{"name":"wp","href":"https:\/\/api.w.org\/{rel}","templated":true}]}}