{"id":43177,"date":"2021-12-07T14:32:39","date_gmt":"2021-12-07T20:32:39","guid":{"rendered":"https:\/\/redsemlac.com\/semmexico\/?p=43177"},"modified":"2023-07-21T18:53:19","modified_gmt":"2023-07-21T23:53:19","slug":"a-prision-por-mas-de-22-anos-por-delito-sexual-agravado-contra-menor","status":"publish","type":"post","link":"https:\/\/redsemlac.com\/semmexico\/a-prision-por-mas-de-22-anos-por-delito-sexual-agravado-contra-menor\/","title":{"rendered":"A prisi\u00f3n por m\u00e1s de 22 a\u00f1os, por delito sexual agravado contra menor"},"content":{"rendered":"\n<ul class=\"wp-block-list\"><li><strong>Debe reparar el da\u00f1o moral, se le suspenden sus derechos<\/strong><\/li><\/ul>\n\n\n\n<ul class=\"wp-block-list\"><li><strong>Fiscal\u00eda CDMX demostr\u00f3 que el perpetrador agredi\u00f3 a la v\u00edctima en repetidas ocasiones<\/strong><\/li><\/ul>\n\n\n\n<p class=\"wp-block-paragraph\"><strong>Micaela M\u00e1rquez<\/strong><\/p>\n\n\n\n<p class=\"wp-block-paragraph\">SemM\u00e9xico, Cd. de M\u00e9xico, 7 de diciembre 2021.- Por el delito de abuso sexual agravado en contra de una menor de edad, se dict\u00f3 sentencia de 22 a\u00f1os y seis meses a un hombre inform\u00f3 la Fiscal\u00eda General de la Ciudad de M\u00e9xico (FGJCDMX).<\/p>\n\n\n\n<p class=\"wp-block-paragraph\">Los trabajos de investigaci\u00f3n encabezados por el agente del Ministerio P\u00fablico, adscrito a la Subprocuradur\u00eda de Procesos, permitieron al juez contar con elementos para que, adem\u00e1s, se le condenara al sentenciado al pago por concepto de reparaci\u00f3n del da\u00f1o moral, mientras que por el quantum de la pena se le negaron sustitutivos y beneficios. Tambi\u00e9n se le suspendieron sus derechos constitucionales.<\/p>\n\n\n\n<p class=\"wp-block-paragraph\">Con elementos de prueba contundentes, el representante social demostr\u00f3 que el hombre agredi\u00f3 sexualmente a la v\u00edctima en repetidas ocasiones, entre enero y agosto de 2018.<\/p>\n\n\n\n<p class=\"wp-block-paragraph\">La FGJCDMX reitera su compromiso de dar atenci\u00f3n a las v\u00edctimas con un enfoque diferencias y especializado en la consecuci\u00f3n de una procuraci\u00f3n de justicia que garantice el acceso oportuno y efectivo a la justicia para ni\u00f1as, ni\u00f1os y adolescentes, con lo que reitera su prioridad a la atenci\u00f3n de las v\u00edctimas con enfoque diferencial y especializado.<\/p>\n\n\n\n<p class=\"wp-block-paragraph\">SEM\/mm\/sj<\/p>\n","protected":false},"excerpt":{"rendered":"<p>Fiscal\u00eda CDMX demostr\u00f3 que el perpetrador agredi\u00f3 a la v\u00edctima en repetidas ocasiones<\/p>\n","protected":false},"author":3,"featured_media":43178,"comment_status":"open","ping_status":"open","sticky":false,"template":"","format":"standard","meta":{"_monsterinsights_skip_tracking":false,"footnotes":""},"categories":[692,47,48],"tags":[],"class_list":["post-43177","post","type-post","status-publish","format-standard","has-post-thumbnail","category-692","category-no-mas-impunidad","category-no-mas-impunidad-no-mas-impunidad"],"_links":{"self":[{"href":"https:\/\/redsemlac.com\/semmexico\/wp-json\/wp\/v2\/posts\/43177","targetHints":{"allow":["GET"]}}],"collection":[{"href":"https:\/\/redsemlac.com\/semmexico\/wp-json\/wp\/v2\/posts"}],"about":[{"href":"https:\/\/redsemlac.com\/semmexico\/wp-json\/wp\/v2\/types\/post"}],"author":[{"embeddable":true,"href":"https:\/\/redsemlac.com\/semmexico\/wp-json\/wp\/v2\/users\/3"}],"replies":[{"embeddable":true,"href":"https:\/\/redsemlac.com\/semmexico\/wp-json\/wp\/v2\/comments?post=43177"}],"version-history":[{"count":0,"href":"https:\/\/redsemlac.com\/semmexico\/wp-json\/wp\/v2\/posts\/43177\/revisions"}],"wp:featuredmedia":[{"embeddable":true,"href":"https:\/\/redsemlac.com\/semmexico\/wp-json\/wp\/v2\/media\/43178"}],"wp:attachment":[{"href":"https:\/\/redsemlac.com\/semmexico\/wp-json\/wp\/v2\/media?parent=43177"}],"wp:term":[{"taxonomy":"category","embeddable":true,"href":"https:\/\/redsemlac.com\/semmexico\/wp-json\/wp\/v2\/categories?post=43177"},{"taxonomy":"post_tag","embeddable":true,"href":"https:\/\/redsemlac.com\/semmexico\/wp-json\/wp\/v2\/tags?post=43177"}],"curies":[{"name":"wp","href":"https:\/\/api.w.org\/{rel}","templated":true}]}}