{"id":43174,"date":"2021-12-07T14:31:03","date_gmt":"2021-12-07T20:31:03","guid":{"rendered":"https:\/\/redsemlac.com\/semmexico\/?p=43174"},"modified":"2023-07-21T18:53:19","modified_gmt":"2023-07-21T23:53:19","slug":"libro-sobre-democracia-paritaria-una-vision-clara-de-resistencias-y-tensiones","status":"publish","type":"post","link":"https:\/\/redsemlac.com\/semmexico\/libro-sobre-democracia-paritaria-una-vision-clara-de-resistencias-y-tensiones\/","title":{"rendered":"Libro sobre Democracia Paritaria, una visi\u00f3n clara de resistencias y tensiones"},"content":{"rendered":"\n<ul class=\"wp-block-list\"><li><strong>En la FIL Guadalajara presentan Democracia paritaria en los Procesos Electorales Locales y Federales de 2018<\/strong><\/li><\/ul>\n\n\n\n<ul class=\"wp-block-list\"><li><strong>El libro se inscribe en el contexto sobre el movimiento por la paridad<\/strong><\/li><\/ul>\n\n\n\n<p class=\"wp-block-paragraph\"><strong>Redacci\u00f3n<\/strong><\/p>\n\n\n\n<p class=\"wp-block-paragraph\">SemM\u00e9xico, Cd. de M\u00e9xico, 7 de diciembre, 2021.- La Consejera del INE, Dania Ravel, asegur\u00f3 que el libro&nbsp;<em>Avances y Perspectivas de la Democracia paritaria en los Procesos Electorales Locales y Federales de 2018<\/em> \u201cnos da una perspectiva muy clara de las resistencias y tensiones al principio de paridad de g\u00e9nero y los temas pendientes en la materia que, hay que decir, siguen muchos de ellos pendientes a\u00fan\u201d.<\/p>\n\n\n\n<p class=\"wp-block-paragraph\">La obra, coordinada por Esperanza Palma y Beatriz Rangel, \u201crealiza la revisi\u00f3n minuciosa de los perfiles de las y los diputados que fueron electos desde 2006 y hasta 2018, lo que permite conocer la trayectoria y estudios de las personas que han llegado al Poder Legislativo y algo que se evidencia es que no existen diferencias sustanciales en el grado de estudios entre un g\u00e9nero y otro\u201d, dijo la Consejera del Instituto Nacional Electoral (INE).<\/p>\n\n\n\n<p class=\"wp-block-paragraph\">Sin embargo, \u201cusualmente los hombres tienen una mayor experiencia legislativa previa, lo cual tiene todo el sentido del mundo, porque si no dejaban que las mujeres estuvieran ocupando esos cargos, \u00bfc\u00f3mo iban a generar esa experiencia en esos puestos?\u201d, plante\u00f3 Ravel desde la 35 edici\u00f3n de la Feria Internacional del Libro (FIL) de Guadalajara.<\/p>\n\n\n\n<p class=\"wp-block-paragraph\">\u201cAlgo que tambi\u00e9n creo que tenemos que repensar mucho para empezar a deconstruirnos como sociedad es este cuestionamiento que se hace de manera muy constante cuando se propone una mujer para un alto cargo, cuestionamiento que no se hace cuando se propone un hombre\u201d, consider\u00f3.<\/p>\n\n\n\n<p class=\"wp-block-paragraph\">Adem\u00e1s, subray\u00f3 que en la obra las y los lectores podr\u00e1n encontrar un panorama regional sobre \u201cen d\u00f3nde nos encontramos en materia de paridad, por ejemplo, se destaca que M\u00e9xico es uno de los siete pa\u00edses que ha apostado por la paridad a lado de Bolivia, Ecuador, Costa Rica, Honduras, Nicaragua y Panam\u00e1, a pesar de haber sido una de las naciones m\u00e1s rezagadas en el reconocimiento de los derechos de las mujeres a votar y ser votadas\u201d.<\/p>\n\n\n\n<p class=\"wp-block-paragraph\">Este libro \u201cevidencia que, si bien hemos tenido importantes avances, a\u00fan tenemos un largo camino por recorrer y \u00e9ste tiene que ser de forma conjunta, hombres y mujeres, para que las mujeres podamos ejercer efectivamente nuestros derechos humanos y hay que recalcar que los derechos pol\u00edticos tambi\u00e9n son derechos humanos\u201d, concluy\u00f3.<\/p>\n\n\n\n<h2 class=\"wp-block-heading\"><strong>La obra enfrenta uno de los temas de frontera de la discusi\u00f3n democr\u00e1tica<\/strong><\/h2>\n\n\n\n<p class=\"wp-block-paragraph\">En el panel tambi\u00e9n estuvo presente el ex Consejero Presidente del Instituto Federal Electoral (IFE), Leonardo Vald\u00e9s, quien precis\u00f3 que esta obra es una coedici\u00f3n de dos sellos editoriales: el Instituto Nacional Electoral y Siglo XXI Editores. Adem\u00e1s, \u201cforma parte de una colecci\u00f3n que se inaugura hoy que se llama Estudios Electorales y que naci\u00f3 en la Sociedad Mexicana de Estudios Electorales (SOMEE) hace m\u00e1s de cinco a\u00f1os\u201d, explic\u00f3.<\/p>\n\n\n\n<p class=\"wp-block-paragraph\">Este libro, enfatiz\u00f3, \u201ces de una alta calidad acad\u00e9mica que efectivamente enfrenta uno de los temas de frontera de la discusi\u00f3n democr\u00e1tica en nuestro pa\u00eds: las mujeres y la pol\u00edtica, las mujeres y las elecciones. Lo que hemos avanzado y lo que nos falta por avanzar\u201d.<\/p>\n\n\n\n<p class=\"wp-block-paragraph\">Adem\u00e1s, invit\u00f3 al p\u00fablico lector a que sigan esta colecci\u00f3n, la acompa\u00f1en, la lean, la estudien, la critiquen \u201cy que nos aporten elementos para mejorar el trabajo de investigaci\u00f3n que hacemos -desde la SOMEE- y el espl\u00e9ndido trabajo editorial que hace el INE y tambi\u00e9n Siglo XXI Editores\u201d.<\/p>\n\n\n\n<h2 class=\"wp-block-heading\"><strong>El libro se inscribe en el contexto sobre el movimiento por la paridad<\/strong><\/h2>\n\n\n\n<p class=\"wp-block-paragraph\">En su intervenci\u00f3n, Esperanza Palma expres\u00f3 su agradecimiento al INE, a la Editorial Siglo XXI y a la SOMEE que apoyaron la realizaci\u00f3n de esta obra colectiva. Respecto al contexto del debate acad\u00e9mico y pol\u00edtico en el que se inscribe este libro, se\u00f1al\u00f3 que es sobre el movimiento por la paridad.<\/p>\n\n\n\n<p class=\"wp-block-paragraph\">\u201cEl movimiento paritarista es un movimiento de car\u00e1cter universalista que se propone la igualdad pol\u00edtica a partir del reconocimiento de la desigualdad de g\u00e9nero y del replanteamiento del pacto social. Este movimiento supone entonces el establecimiento de nuevas reglas y valores pol\u00edticos que remonten los obst\u00e1culos hist\u00f3ricos que enfrentan las mujeres para acceder a los cargos de decisi\u00f3n pol\u00edtica de los que han sido excluidas\u201d, destac\u00f3.<\/p>\n\n\n\n<p class=\"wp-block-paragraph\">Enseguida, Beatriz Rangel detall\u00f3 que una gran parte de las autoras de este libro \u201cfueron o son algunas todav\u00eda consejeras electorales de los organismos electorales locales\u201d, a quienes expres\u00f3 su reconocimiento.<\/p>\n\n\n\n<p class=\"wp-block-paragraph\">Durante su an\u00e1lisis, record\u00f3 que antes de la reforma de paridad de 2014, \u201chubo un largo periodo en que las mujeres, si bien \u00e9ramos consideradas ciudadanas, no exist\u00eda ning\u00fan mecanismo para que logr\u00e1ramos ocupar espacios en la representaci\u00f3n pol\u00edtica\u201d.<\/p>\n\n\n\n<p class=\"wp-block-paragraph\">Finalmente, llam\u00f3 a construir redes de mujeres \u201cdesde la sociedad civil, con la academia, con las mujeres de los partidos pol\u00edticos, para tejer de esta manera condiciones para una mejor gobernanza\u201d. La mesa fue moderada por Carlos Manuel Rodr\u00edguez, Vocal de la Junta Local Ejecutiva del INE en Jalisco.<\/p>\n\n\n\n<p class=\"wp-block-paragraph\">SEM\/sj<\/p>\n","protected":false},"excerpt":{"rendered":"<p>El libro se inscribe en el contexto sobre el movimiento por la paridad<\/p>\n","protected":false},"author":3,"featured_media":43175,"comment_status":"open","ping_status":"open","sticky":false,"template":"","format":"standard","meta":{"_monsterinsights_skip_tracking":false,"footnotes":""},"categories":[692,51],"tags":[],"class_list":["post-43174","post","type-post","status-publish","format-standard","has-post-thumbnail","category-692","category-ejecutivo"],"_links":{"self":[{"href":"https:\/\/redsemlac.com\/semmexico\/wp-json\/wp\/v2\/posts\/43174","targetHints":{"allow":["GET"]}}],"collection":[{"href":"https:\/\/redsemlac.com\/semmexico\/wp-json\/wp\/v2\/posts"}],"about":[{"href":"https:\/\/redsemlac.com\/semmexico\/wp-json\/wp\/v2\/types\/post"}],"author":[{"embeddable":true,"href":"https:\/\/redsemlac.com\/semmexico\/wp-json\/wp\/v2\/users\/3"}],"replies":[{"embeddable":true,"href":"https:\/\/redsemlac.com\/semmexico\/wp-json\/wp\/v2\/comments?post=43174"}],"version-history":[{"count":0,"href":"https:\/\/redsemlac.com\/semmexico\/wp-json\/wp\/v2\/posts\/43174\/revisions"}],"wp:featuredmedia":[{"embeddable":true,"href":"https:\/\/redsemlac.com\/semmexico\/wp-json\/wp\/v2\/media\/43175"}],"wp:attachment":[{"href":"https:\/\/redsemlac.com\/semmexico\/wp-json\/wp\/v2\/media?parent=43174"}],"wp:term":[{"taxonomy":"category","embeddable":true,"href":"https:\/\/redsemlac.com\/semmexico\/wp-json\/wp\/v2\/categories?post=43174"},{"taxonomy":"post_tag","embeddable":true,"href":"https:\/\/redsemlac.com\/semmexico\/wp-json\/wp\/v2\/tags?post=43174"}],"curies":[{"name":"wp","href":"https:\/\/api.w.org\/{rel}","templated":true}]}}