{"id":43164,"date":"2021-12-07T13:41:03","date_gmt":"2021-12-07T19:41:03","guid":{"rendered":"https:\/\/redsemlac.com\/semmexico\/?p=43164"},"modified":"2023-07-21T18:53:20","modified_gmt":"2023-07-21T23:53:20","slug":"kenia-hernandez-50-dias-en-huelga-de-hambre-en-penal-de-morelos","status":"publish","type":"post","link":"https:\/\/redsemlac.com\/semmexico\/kenia-hernandez-50-dias-en-huelga-de-hambre-en-penal-de-morelos\/","title":{"rendered":"Kenia Hern\u00e1ndez, 50 d\u00edas en huelga de hambre en penal de Morelos"},"content":{"rendered":"\n<ul class=\"wp-block-list\"><li><strong> Los delitos no son graves, por lo que no deber\u00eda estar en prisi\u00f3n<\/strong><\/li><\/ul>\n\n\n\n<ul class=\"wp-block-list\"><li><strong>Ella pide se garantice el debido proceso y cese el hostigamiento en su contra<\/strong><\/li><\/ul>\n\n\n\n<p class=\"wp-block-paragraph\"><strong>Elda Montiel<\/strong><\/p>\n\n\n\n<p class=\"wp-block-paragraph\">SemM\u00e9xico, Cd. de M\u00e9xico, 7 de diciembre 2021.- En demanda de justicia, que se garantice el debido proceso y que cese el hostigamiento en su contra, la defensora de los derechos humanos Kenia Hern\u00e1ndez se mantiene en huelga de hambre desde hace m\u00e1s de 50 d\u00edas en el Centro Federal de Readaptaci\u00f3n Social (Cefereso) 16, en el municipio morelense de Coatl\u00e1n del R\u00edo, donde se encuentra en prisi\u00f3n preventiva desde octubre del 2020.<\/p>\n\n\n\n<p class=\"wp-block-paragraph\">La Comisi\u00f3n de Derechos Humanos de Morelos A.C. nos se\u00f1al\u00f3 que, de acuerdo al abogado de la activista, Antonio Lara Duque, del Centro de Derechos Humanos Zeferino Ladrillero, si se aplica el Estado de derecho Kenia Hern\u00e1ndez deber\u00eda estar en libertad, pues los delitos por los que se le acusa no son considerados como graves.<\/p>\n\n\n\n<p class=\"wp-block-paragraph\">De octubre a la fecha se le han iniciado siete causas penales, de las cuales cinco son del \u00e1mbito federal por obstruir las v\u00edas de comunicaci\u00f3n (toma de casetas) y dos del fuero com\u00fan, en el Estado de M\u00e9xico.<\/p>\n\n\n\n<p class=\"wp-block-paragraph\">Agreg\u00f3 el abogado que los pr\u00f3ximos 15, 16 y 17 de diciembre son cruciales para su libertad, por lo que han pedido redoblar esfuerzos en redes sociales, en la denuncia p\u00fablica, en la incidencia y en lo que puedan hacer para conseguir su libertad.<\/p>\n\n\n\n<p class=\"wp-block-paragraph\">Hacen un llamado a dejar en libertad a Kenia Hern\u00e1ndez a la Fiscal\u00eda General de la Rep\u00fablica (FGR), a la Secretar\u00eda de Gobernaci\u00f3n, al Poder Judicial del Estado de M\u00e9xico, a la Suprema Corte de Justicia de la Naci\u00f3n y al presidente Andr\u00e9s Manuel L\u00f3pez Obrador.&nbsp;<\/p>\n\n\n\n<p class=\"wp-block-paragraph\">Lara Duque preciso que Kenia ha decidido mantenerse firme por el hostigamiento en que la mantienen desde que fue presa en octubre del 2020 en el penal federal de m\u00e1xima seguridad n\u00famero 16, en Morelos, luego de haber sido acusada de siete cargos por delitos presuntamente cometidos en fechas y lugares distintos, cinco de los cuales a\u00fan siguen vigentes.<\/p>\n\n\n\n<p class=\"wp-block-paragraph\">Las acusaciones son principalmente por obstruir las v\u00edas de comunicaci\u00f3n que corresponde al \u00e1mbito federal por la toma de casetas en protesta y a favor de las personas presas pol\u00edticas, ind\u00edgenas y mujeres.&nbsp;<\/p>\n\n\n\n<p class=\"wp-block-paragraph\">Las cinco causas penales federales, todas son susceptibles de establecer un acuerdo reparatorio, de acuerdo al C\u00f3digo nacional de procedimientos penales, por no ser delitos de alto impacto. Sin embargo \u201chay una cerraz\u00f3n, particularmente por parte de Caminos y Puentes Federales (Capufe) y de la FGR, para mantener a Kenia en prisi\u00f3n\u201d, ha dicho el abogado.<\/p>\n\n\n\n<h2 class=\"wp-block-heading\"><strong>En huelga de hambre desde el 17 de octubre del 2021<\/strong><\/h2>\n\n\n\n<p class=\"wp-block-paragraph\">La activista Inicio la huelga de hambre el pasado 17 de octubre al negarle la visita de un familiar a pesar de que cumpli\u00f3 con todos los requisitos.<\/p>\n\n\n\n<p class=\"wp-block-paragraph\">Desde el pasado 1 de abril, la defensora denunci\u00f3 ante el juez de control que orden\u00f3 su prisi\u00f3n, que era v\u00edctima de tortura psicol\u00f3gica y de otros delitos. Kenia Hern\u00e1ndez requiere ampliar su declaraci\u00f3n, para lo cual necesita hablar con su defensor de manera presencial y no a trav\u00e9s de elementos electr\u00f3nicos que podr\u00edan ser intervenidos. Aunque ha buscado denunciar formalmente estos hechos, el personal del mismo penal se reh\u00fasa a recibir y entregar sus oficios.&nbsp;<\/p>\n\n\n\n<h2 class=\"wp-block-heading\"><strong>El recuento de los hechos<\/strong><\/h2>\n\n\n\n<p class=\"wp-block-paragraph\">Kenia In\u00e9s Hern\u00e1ndez Montalv\u00e1n es una activista perteneciente a la organizaci\u00f3n Zapata Vive y Movimiento por la Liberaci\u00f3n de los Presos Pol\u00edticos del Estado de Guerrero (Molpeg) con actividad principal en la regi\u00f3n de Costa Chica, a la que pertenece el municipio de Xochistlahuaca, de donde es originaria.<\/p>\n\n\n\n<p class=\"wp-block-paragraph\">La activista fue detenida el&nbsp;<strong>6 de junio de 2020<\/strong>&nbsp;junto con tres adolescentes que la acompa\u00f1aban en las inmediaciones de la caseta de cobro de la carretera Toluca-Valle de Bravo, conocida como La Hortaliza para demandar la liberaci\u00f3n de dos j\u00f3venes retenidos durante nueve meses en la comunidad de Buena Vista. Fue dejada en libertad el 11 de junio, luego de ser acusada de robo con violencia.<\/p>\n\n\n\n<p class=\"wp-block-paragraph\">El 27 de septiembre del 2020, Kenia Hern\u00e1ndez sali\u00f3 del estado de Guerrero, protegida por el Mecanismo Federal para Periodistas y Personas Defensoras de Derechos Humanos, debido a amenazas en su contra por parte de la Uni\u00f3n de Pueblos y Organizaciones del Estado de Guerrero.<\/p>\n\n\n\n<p class=\"wp-block-paragraph\">Kenia Hern\u00e1ndez fue&nbsp;<strong>detenida nuevamente el pasado 18 de octubre de 2020,<\/strong>&nbsp;alrededor de las 20:00 horas, en el municipio de Amozoc, Puebla, por elementos de la polic\u00eda ministerial de la Fiscal\u00eda General del Estado de M\u00e9xico, cumpliendo una orden de aprehensi\u00f3n fechada al 3 de agosto de 2020. Tras la detenci\u00f3n no hubo noticias de su paradero hasta la ma\u00f1ana del 19 de octubre.<\/p>\n\n\n\n<p class=\"wp-block-paragraph\">El 25 de octubre del 2020 , la coordinadora del Colectivo Zapata Vive fue trasladada al penal de Acapulco, Guerrero. Sin embargo, la misma FGR reconoci\u00f3 que su vida corr\u00eda peligro y se le traslado al Penal Federal 16 de Morelos donde permanece.<\/p>\n\n\n\n<p class=\"wp-block-paragraph\">El 14 de enero de 2021, la defensora de derechos ind\u00edgenas, pol\u00edticos y de las mujeres fue notificada por la FGR de que se formaliz\u00f3 la acusaci\u00f3n en su contra por el supuesto delito de ataques a las v\u00edas de comunicaci\u00f3n.<\/p>\n\n\n\n<p class=\"wp-block-paragraph\">En septiembre del 2021, en una llamada de telef\u00f3nica desde el Cefereso n\u00famero 16, la defensora solicita su traslado inmediato a otro penal d\u00f3nde si le presten atenci\u00f3n medica ya que teme por su salud, ya que se siente mal desde agosto y nunca hay un m\u00e9dico que atienda a las mujeres privadas de su libertad ni siquiera en la pandemia.&nbsp;<\/p>\n\n\n\n<p class=\"wp-block-paragraph\">El 17 de octubre del 2021 inicial la huelga de hambre. &nbsp;<\/p>\n\n\n\n<p class=\"wp-block-paragraph\">Las organizaciones que la acompa\u00f1an son: Colectivo Libertario Zapata vive; Lesbobatukada Feminista Radical; Frente Popular de la Monta\u00f1a; Movimiento por la Libertad de los Presos Pol\u00edticos del Estado de Guerrero; Centro de Derechos Humanos Zeferino Ladrillero; Okupa Comunidad Guerrero Vive.<\/p>\n\n\n\n<p class=\"wp-block-paragraph\">SEM\/em\/sj<\/p>\n","protected":false},"excerpt":{"rendered":"<p>Ella pide se garantice el debido proceso y cese el hostigamiento en su contra<\/p>\n","protected":false},"author":3,"featured_media":43165,"comment_status":"open","ping_status":"open","sticky":false,"template":"","format":"standard","meta":{"_monsterinsights_skip_tracking":false,"footnotes":""},"categories":[692,54],"tags":[],"class_list":["post-43164","post","type-post","status-publish","format-standard","has-post-thumbnail","category-692","category-mujeres"],"_links":{"self":[{"href":"https:\/\/redsemlac.com\/semmexico\/wp-json\/wp\/v2\/posts\/43164","targetHints":{"allow":["GET"]}}],"collection":[{"href":"https:\/\/redsemlac.com\/semmexico\/wp-json\/wp\/v2\/posts"}],"about":[{"href":"https:\/\/redsemlac.com\/semmexico\/wp-json\/wp\/v2\/types\/post"}],"author":[{"embeddable":true,"href":"https:\/\/redsemlac.com\/semmexico\/wp-json\/wp\/v2\/users\/3"}],"replies":[{"embeddable":true,"href":"https:\/\/redsemlac.com\/semmexico\/wp-json\/wp\/v2\/comments?post=43164"}],"version-history":[{"count":0,"href":"https:\/\/redsemlac.com\/semmexico\/wp-json\/wp\/v2\/posts\/43164\/revisions"}],"wp:featuredmedia":[{"embeddable":true,"href":"https:\/\/redsemlac.com\/semmexico\/wp-json\/wp\/v2\/media\/43165"}],"wp:attachment":[{"href":"https:\/\/redsemlac.com\/semmexico\/wp-json\/wp\/v2\/media?parent=43164"}],"wp:term":[{"taxonomy":"category","embeddable":true,"href":"https:\/\/redsemlac.com\/semmexico\/wp-json\/wp\/v2\/categories?post=43164"},{"taxonomy":"post_tag","embeddable":true,"href":"https:\/\/redsemlac.com\/semmexico\/wp-json\/wp\/v2\/tags?post=43164"}],"curies":[{"name":"wp","href":"https:\/\/api.w.org\/{rel}","templated":true}]}}