{"id":43094,"date":"2021-12-05T14:33:13","date_gmt":"2021-12-05T20:33:13","guid":{"rendered":"https:\/\/redsemlac.com\/semmexico\/?p=43094"},"modified":"2023-07-21T18:53:23","modified_gmt":"2023-07-21T23:53:23","slug":"dia-11-16-dias-de-activismo-cuba-especialistas-comparten-desafios-y-contextos-de-las-violencias-machistas","status":"publish","type":"post","link":"https:\/\/redsemlac.com\/semmexico\/dia-11-16-dias-de-activismo-cuba-especialistas-comparten-desafios-y-contextos-de-las-violencias-machistas\/","title":{"rendered":"D\u00eda 11, 16 d\u00edas de activismo| Cuba: Especialistas comparten desaf\u00edos y contextos de las violencias machistas."},"content":{"rendered":"\n<p class=\"wp-block-paragraph\">Lirians Gordillo Pi\u00f1a<\/p>\n\n\n\n<p class=\"wp-block-paragraph\">SemM\u00e9xico\/ SEMlac, La Habana, Cuba, 5 de diciembre 2021.- Expertas cubanas reconocen desaf\u00edos y oportunidades para una respuesta m\u00e1s efectiva a las violencias machistas en Cuba.<\/p>\n\n\n\n<p class=\"wp-block-paragraph\">\u201cHasta que no logremos revertir las condiciones estructurales que mantienen la subordinaci\u00f3n de las mujeres que impide la plena realizaci\u00f3n de sus derechos y genera desigualdad, es muy dif\u00edcil que podamos desmontar la violencia de g\u00e9nero como problema social\u201d, advirti\u00f3 la soci\u00f3loga <a href=\"http:\/\/www.redsemlac-cuba.net\/redsemlac\/violencia\/ck84-opinan-especialistas\/la-violencia-contra-la-mujer-realidades-y-desafios-para-una-campana-permanente\/\">Clotilde Proveyer<\/a> Cervantes.<\/p>\n\n\n\n<p class=\"wp-block-paragraph\">La investigadora intervino en el panel \u201cEstrategia integral y otras acciones, un mapa contra la violencia de g\u00e9nero en Cuba\u201d, realizado el 30 de noviembre, en el Instituto Internacional de Periodismo Jos\u00e9 Mart\u00ed (IIPJM).<\/p>\n\n\n\n<p class=\"wp-block-paragraph\">El encuentro form\u00f3 parte de las acciones del IIPJM como parte de la Jornada contra la violencia hacia mujeres y ni\u00f1as. En el panel participaron tambi\u00e9n Mayra D\u00edaz, funcionaria de la Federaci\u00f3n de Mujeres Cubanas (FMC) y <a href=\"http:\/\/www.redsemlac-cuba.net\/redsemlac\/violencia\/ck83-noticias\/en-busca-de-pruebas-de-la-violencia-machista\/\">Arl\u00edn P\u00e9rez Duarte, abogada penalista<\/a> y profesora de la Facultad de Derecho de la Universidad de La Habana.<\/p>\n\n\n\n<p class=\"wp-block-paragraph\">A juicio de la soci\u00f3loga, persisten retos diversos, entre ellos ampliar la visibilizaci\u00f3n de la violencia de g\u00e9nero como problema social que afecta los derechos humanos; hacer efectivas las relaciones entre quienes tienen el encargo p\u00fablico de prevenir y atender las violencias machistas y ampliar las <a href=\"http:\/\/www.redsemlac-cuba.net\/redsemlac\/violencia\/el-valor-de-sistematizar-las-investigaciones-sobre-violencia\/\">investigaciones<\/a> en entornos donde existe poca informaci\u00f3n.<\/p>\n\n\n\n<p class=\"wp-block-paragraph\">La naturalizaci\u00f3n de la violencia de g\u00e9nero en la sociedad cubana sigue siendo un desaf\u00edo importante, dijo.<\/p>\n\n\n\n<p class=\"wp-block-paragraph\">La acad\u00e9mica cit\u00f3 la Encuesta Nacional de Igualad (2017), en la cual solo 10 por ciento de la poblaci\u00f3n encuestada identific\u00f3 la violencia como problema para las mujeres.<\/p>\n\n\n\n<p class=\"wp-block-paragraph\">Por otro lado, esa fuente indica que 26,7 por ciento de las mujeres de 15 a 74 a\u00f1os declararon haber sido v\u00edctimas de alguna de las manifestaciones de violencia en su relaci\u00f3n de pareja en los \u00faltimos 12 meses. Sin embargo, de las v\u00edctimas entrevistadas solo 3,7 por ciento acudi\u00f3 a instituciones en busca de ayuda.<\/p>\n\n\n\n<p class=\"wp-block-paragraph\">\u201cLas investigaciones ratifican el poco conocimiento y la prevalencia de estereotipos sexistas que perpet\u00faan la subordinaci\u00f3n e inferiorizaci\u00f3n femenina\u201d, ratific\u00f3 Proveyer.<\/p>\n\n\n\n<p class=\"wp-block-paragraph\">Por ello, la investigadora estima necesarios los estudios de prevalencia, para tener un acercamiento m\u00e1s exacto al problema.<\/p>\n\n\n\n<p class=\"wp-block-paragraph\">La atenci\u00f3n efectiva a las v\u00edctimas, los procesos de reparaci\u00f3n, el trabajo con los victimarios, la divulgaci\u00f3n de informaci\u00f3n actualizada, el conocimiento de rutas de atenci\u00f3n, la preparaci\u00f3n de profesionales de la atenci\u00f3n social, sanitaria, de emergencia, policial o jur\u00eddica son otros retos en el camino hacia una <a href=\"http:\/\/www.redsemlac-cuba.net\/redsemlac\/violencia\/articular-miradas-para-una-atencion-integral-a-las-violencias\/\">respuesta integral e integrada<\/a>, a la que se le suma el perfeccionamiento legal.<\/p>\n\n\n\n<p class=\"wp-block-paragraph\">Las participantes en el panel coincidieron en la existencia de una voluntad pol\u00edtica para enfrentar las violencias que se expresa en la historia del proceso social cubano y m\u00e1s recientemente en la Constituci\u00f3n de la Rep\u00fablica y pol\u00edticas concretas como el Programa para el Adelanto de las Mujeres (PAM) y la reci\u00e9n aprobada Estrategia integral de prevenci\u00f3n y atenci\u00f3n a la Violencia de G\u00e9nero y la Violencia en el escenario familiar (2021 -2030).<\/p>\n\n\n\n<p class=\"wp-block-paragraph\">Mayra D\u00edaz, funcionaria de la FMC, mencion\u00f3 algunas de las <a href=\"http:\/\/www.redsemlac-cuba.net\/redsemlac\/violencia\/violencia-de-genero-entre-la-orientacion-y-la-denuncia\/\">acciones<\/a> clave en los \u00faltimos a\u00f1os, como la constituci\u00f3n de un Grupo Asesor de la FMC en temas de Violencia de G\u00e9nero, integrado por expertas y especialistas del sector jur\u00eddico, la salud y las Ciencias Sociales, as\u00ed como la elaboraci\u00f3n y distribuci\u00f3n en las provincias del pa\u00eds de una Gu\u00eda de Intervenci\u00f3n Integral a la violencia de g\u00e9nero e Intrafamiliar para las comunidades en aislamiento o cuarentena.<\/p>\n\n\n\n<p class=\"wp-block-paragraph\">Tambi\u00e9n mencion\u00f3 los encuentros con la Fiscal\u00eda General, el Tribunal Supremo Popular y la Direcci\u00f3n Nacional de Establecimientos Penitenciarios; la ampliaci\u00f3n durante la pandemia de la <a href=\"http:\/\/www.redsemlac-cuba.net\/redsemlac\/violencia\/linea-103-tres-meses-despues-urge-mayor-visibilidad\/\">L\u00ednea 103<\/a> para la orientaci\u00f3n y ayuda psicol\u00f3gica a v\u00edctimas de violencia machista; la <a href=\"http:\/\/www.redsemlac-cuba.net\/redsemlac\/violencia\/ck83-noticias\/violencia-de-genero-conocer-para-no-revictimizar\/\">capacitaci\u00f3n<\/a> de 1112 personas en todo el pa\u00eds que brindan servicios de atenci\u00f3n telef\u00f3nica y la elaboraci\u00f3n de <a href=\"http:\/\/www.redsemlac-cuba.net\/redsemlac\/violencia\/ck83-noticias\/linea-103-se-articula-con-otros-servicios-para-atender-violencia-de-genero\/\">un mapa de Servicios<\/a> y una <a href=\"http:\/\/www.redsemlac-cuba.net\/redsemlac\/violencia\/ck83-noticias\/disponible-aplicacion-para-atender-a-victimas-de-la-violencia-de-genero\/\">aplicaci\u00f3n m\u00f3vil<\/a> con esta informaci\u00f3n.<\/p>\n\n\n\n<p class=\"wp-block-paragraph\">\u201cEl colof\u00f3n de todo este per\u00edodo de trabajo coordinado por la FMC ha sido el logro de una estrategia integral que, durante mucho tiempo, llevamos pidiendo investigadores y activistas\u201d, reconoci\u00f3 Proveyer.<\/p>\n\n\n\n<p class=\"wp-block-paragraph\">La acad\u00e9mica se refiri\u00f3 a la Estrategia integral de prevenci\u00f3n y atenci\u00f3n a la Violencia de G\u00e9nero y la Violencia en el escenario familiar (2021 -2030), un decreto ley que entrar\u00e1 en vigor una vez sea publicado en la Gaceta Oficial de la Rep\u00fablica de Cuba.<\/p>\n\n\n\n<p class=\"wp-block-paragraph\">Al presentar sus ejes, objetivos y principales campos de trabajo, la jurista Arl\u00edn P\u00e9rez Duharte resalt\u00f3 que la Estrategia apuesta por la integralidad, la articulaci\u00f3n entre los distintos \u00e1mbitos y actores que intervienen en la prevenci\u00f3n, atenci\u00f3n, respuesta y reparaci\u00f3n de las violencias.<\/p>\n\n\n\n<p class=\"wp-block-paragraph\">\u201cTodos tienen que hacer lo que les corresponde, si no las leyes no van a resolver el problema. Podremos tener las leyes, esta estrategia que es una excelente norma, la Constituci\u00f3n de la Rep\u00fablica, PAM, tendremos m\u00e1s, pero si no se trabaja de manera articulada y efectiva, las violencias seguir\u00e1n\u201d, alert\u00f3 la experta.<\/p>\n\n\n\n<p class=\"wp-block-paragraph\">P\u00e9rez Duharte explic\u00f3 que la estrategia se organiza en 10 componentes y consta de siete ejes transversales para asegurar su ejecuci\u00f3n, sostenibilidad y mejora continua desde su concepci\u00f3n dial\u00e9ctica. Sus componentes centrales se encuentran alineados con las \u00e1reas de inter\u00e9s especial del PAM: prevenci\u00f3n, formaci\u00f3n-capacitaci\u00f3n, atenci\u00f3n, protecci\u00f3n, legislativo, investigaci\u00f3n, informaci\u00f3n, comunicaci\u00f3n social, local-comunitario y seguimiento y evaluaci\u00f3n de la estrategia.<\/p>\n\n\n\n<p class=\"wp-block-paragraph\">\u201cHa sido resultado de todo un proceso de maduraci\u00f3n, investigaci\u00f3n, de discusiones acaloradas; ha sido resultado de un trabajo muy serio e intenso\u201d, record\u00f3 Proveyer sobre el proceso de elaboraci\u00f3n de la norma.<\/p>\n\n\n\n<p class=\"wp-block-paragraph\">\u201cEs muy importante dejar claro que la estrategia tiene un car\u00e1cter vinculante, es una norma jur\u00eddica, un decreto presidencial que los organismos de la administraci\u00f3n central del Estado est\u00e1n en la obligaci\u00f3n de cumplir y, por tanto, estamos muy felices; ahora tenemos que hacerla cumplir\u201d, insisti\u00f3 la feminista cubana.<\/p>\n\n\n\n<p class=\"wp-block-paragraph\"><a href=\"mailto:liriransgp@gmail.com\">liriransgp@gmail.com<\/a><\/p>\n\n\n\n<figure class=\"wp-block-image size-full\"><a href=\"https:\/\/redsemlac.com\/semmexico\/wp-content\/uploads\/2021\/12\/51221-cuba-02.jpg\"><img loading=\"lazy\" decoding=\"async\" width=\"900\" height=\"601\" src=\"https:\/\/redsemlac.com\/semmexico\/wp-content\/uploads\/2021\/12\/51221-cuba-02.jpg\" alt=\"\" class=\"wp-image-43096\"\/><\/a><\/figure>\n","protected":false},"excerpt":{"rendered":"<p>Expertas cubanas reconocen desaf\u00edos y oportunidades para una respuesta m\u00e1s efectiva a las violencias machistas en Cuba.<\/p>\n","protected":false},"author":3,"featured_media":43095,"comment_status":"open","ping_status":"open","sticky":false,"template":"","format":"standard","meta":{"_monsterinsights_skip_tracking":false,"footnotes":""},"categories":[626,692],"tags":[],"class_list":["post-43094","post","type-post","status-publish","format-standard","has-post-thumbnail","category-16-dias","category-692"],"_links":{"self":[{"href":"https:\/\/redsemlac.com\/semmexico\/wp-json\/wp\/v2\/posts\/43094","targetHints":{"allow":["GET"]}}],"collection":[{"href":"https:\/\/redsemlac.com\/semmexico\/wp-json\/wp\/v2\/posts"}],"about":[{"href":"https:\/\/redsemlac.com\/semmexico\/wp-json\/wp\/v2\/types\/post"}],"author":[{"embeddable":true,"href":"https:\/\/redsemlac.com\/semmexico\/wp-json\/wp\/v2\/users\/3"}],"replies":[{"embeddable":true,"href":"https:\/\/redsemlac.com\/semmexico\/wp-json\/wp\/v2\/comments?post=43094"}],"version-history":[{"count":0,"href":"https:\/\/redsemlac.com\/semmexico\/wp-json\/wp\/v2\/posts\/43094\/revisions"}],"wp:featuredmedia":[{"embeddable":true,"href":"https:\/\/redsemlac.com\/semmexico\/wp-json\/wp\/v2\/media\/43095"}],"wp:attachment":[{"href":"https:\/\/redsemlac.com\/semmexico\/wp-json\/wp\/v2\/media?parent=43094"}],"wp:term":[{"taxonomy":"category","embeddable":true,"href":"https:\/\/redsemlac.com\/semmexico\/wp-json\/wp\/v2\/categories?post=43094"},{"taxonomy":"post_tag","embeddable":true,"href":"https:\/\/redsemlac.com\/semmexico\/wp-json\/wp\/v2\/tags?post=43094"}],"curies":[{"name":"wp","href":"https:\/\/api.w.org\/{rel}","templated":true}]}}