{"id":43085,"date":"2021-12-05T14:12:51","date_gmt":"2021-12-05T20:12:51","guid":{"rendered":"https:\/\/redsemlac.com\/semmexico\/?p=43085"},"modified":"2023-07-21T18:53:23","modified_gmt":"2023-07-21T23:53:23","slug":"11a-dias-16-dias-de-activismo-basta-de-violencia-contra-las-mujeres-y-ninas","status":"publish","type":"post","link":"https:\/\/redsemlac.com\/semmexico\/11a-dias-16-dias-de-activismo-basta-de-violencia-contra-las-mujeres-y-ninas\/","title":{"rendered":"11\u00aa. D\u00edas, 16 d\u00edas de activismo| \u00a1Basta de violencia contra las mujeres y ni\u00f1as!"},"content":{"rendered":"\n<p class=\"wp-block-paragraph\">Teresa Gurza\u00b9<\/p>\n\n\n\n<p class=\"wp-block-paragraph\">SemM\u00e9xico\/Periodistas en Espa\u00f1ol, Cd. de M\u00e9xico, 5 de diciembre, 2021.- A\u00f1o tras a\u00f1o el mismo cuento, y seguimos diciendo en M\u00e9xico con indignaci\u00f3n, pesadumbre y resoluci\u00f3n&nbsp;<em>\u00ab<\/em>nos queremos vivas\u00bb.<\/p>\n\n\n\n<p class=\"wp-block-paragraph\">Podr\u00edan llenarse p\u00e1ginas y p\u00e1ginas de decenas de miles de diarios del planeta con los nombres de las v\u00edctimas de la violencia machista.<\/p>\n\n\n\n<p class=\"wp-block-paragraph\">Precisamente porque la violencia es universal, fue universal la marcha de mujeres de este 25 de noviembre de 2021 en memoria de las desaparecidas, ofendidas, golpeadas, humilladas, quemadas, atacadas con \u00e1cido, violentadas, presas, acosadas, presionadas por sus hijos para que los hereden en vida, v\u00edctimas de trata, mutilaci\u00f3n genital, o asesinadas.<\/p>\n\n\n\n<p class=\"wp-block-paragraph\">La violencia contra mujeres y ni\u00f1as dice la ONU, es una de las violaciones de los derechos humanos m\u00e1s extendidas, persistentes y devastadoras, por la impunidad de los agresores, y es el obst\u00e1culo principal para que el mundo pueda alcanzar la igualdad, el desarrollo y la paz.<\/p>\n\n\n\n<p class=\"wp-block-paragraph\">Y llama a combatir el silencio, la estigmatizaci\u00f3n y la verg\u00fcenza que sufren las v\u00edctimas y lleva a que solo el 40 por ciento de las agredidas busca ayuda.<\/p>\n\n\n\n<p class=\"wp-block-paragraph\">Muchas aun queriendo hacerlo, no pueden buscarla, porque hasta la fecha solo dos de cada tres pa\u00edses proh\u00edben la violencia dom\u00e9stica y en 37 [de ellos], no se castiga a los violadores si est\u00e1n casados con la v\u00edctima o si prometen casarse con ella.<\/p>\n\n\n\n<p class=\"wp-block-paragraph\">La violencia contra las mujeres no disminuye en el mundo y menos en M\u00e9xico, donde cada d\u00eda se asesina a diez mujeres y una ni\u00f1a.<\/p>\n\n\n\n<p class=\"wp-block-paragraph\">El mismo 25 de noviembre, D\u00eda Internacional de Eliminaci\u00f3n de la Violencia contra las Mujeres, once mexicanas murieron a manos de sus parejas, cientos fueron violadas y millones maltratadas de palabra y obra.<\/p>\n\n\n\n<p class=\"wp-block-paragraph\">Los asesinatos y cr\u00edmenes sexuales aumentaron este a\u00f1o; entre enero y septiembre de 2020 fueron asesinadas 722 y 762 en el mismo lapso del 2021.<\/p>\n\n\n\n<p class=\"wp-block-paragraph\">Y en la lista no est\u00e1n aquellas de las que solo se encontraron los cuerpos, en fosas clandestinas, que han invadido todo el territorio nacional.<\/p>\n\n\n\n<p class=\"wp-block-paragraph\">Ni aquellas que desaparecen para siempre, codiciadas por los narcos que las prefieren j\u00f3venes, altas y lindas.<\/p>\n\n\n\n<p class=\"wp-block-paragraph\">Tan solo en la Ciudad de M\u00e9xico, las violaciones equiparadas aumentaron casi 200 por ciento; 21 por ciento las violaciones simples y 52 por ciento el acoso.<\/p>\n\n\n\n<p class=\"wp-block-paragraph\">Desgraciadamente, el 95 por ciento de las compatriotas no denuncian; creen merecer lo que les pasa o temen m\u00e1s violencia.<\/p>\n\n\n\n<p class=\"wp-block-paragraph\">Tampoco denuncia el 98 por ciento de las familias que buscan a casi cien mil personas desaparecidas, muchas de ellas mujeres, situaci\u00f3n que, indica la ONU, perfila cr\u00edmenes perfectos porque sin denuncia no se persigue, y la impunidad llega al 99 por ciento.<\/p>\n\n\n\n<p class=\"wp-block-paragraph\">Y en estos catastr\u00f3ficos n\u00fameros de mexicanas maltratadas, no est\u00e1n las ni\u00f1itas de Guerrero, Oaxaca y Chiapas, vendidas por sus familias a cambio de pocos pesos, vacas o cartones de cerveza.<\/p>\n\n\n\n<p class=\"wp-block-paragraph\">Como Ang\u00e9lica, que a los once a\u00f1os fue violada por su suegro, que se cre\u00eda con derechos por haber pagado 120.000 pesos, alrededor de 4420 euros, para que fuera mujer de su hijo.<\/p>\n\n\n\n<p class=\"wp-block-paragraph\">No importa lo j\u00f3venes o viejas sean, porque hay bebitas violadas o golpeadas por llorar de hambre o no ser hijas de la nueva pareja de la madre y ancianas maltratadas para que abandonen su casa en beneficio de sus hijos.<\/p>\n\n\n\n<p class=\"wp-block-paragraph\">No importa tampoco a qu\u00e9 se dedican, ni c\u00f3mo vayan vestidas, ni su condici\u00f3n social, porque hay abusadores en todos los estratos y en todos los pa\u00edses.<\/p>\n\n\n\n<p class=\"wp-block-paragraph\">De acuerdo con el m\u00e1s reciente informe de la ONU, que instituy\u00f3 ese d\u00eda para honrar a las tres hermanas Mirabal asesinadas en 1960 por orden del gobernante dominicano&nbsp;<strong>Rafael Trujillo<\/strong>, una de cada tres mujeres del mundo ha sufrido abusos a lo largo de su vida.<\/p>\n\n\n\n<p class=\"wp-block-paragraph\">Y en tiempos de crisis, como esta pandemia, de conflictos entre pa\u00edses y desastres clim\u00e1ticos, las cifras aumentan y pasan de una, a dos mujeres de cada tres.<\/p>\n\n\n\n<p class=\"wp-block-paragraph\">Pero pese a todas las situaciones y datos anteriores, no debemos desanimarnos, sino confiar en que la violencia de g\u00e9nero puede prevenirse.<\/p>\n\n\n\n<p class=\"wp-block-paragraph\">Lo primero es romper el silencio y creerles a las sobrevivientes; lo segundo, que gobiernos y sociedades adopten enfoques que aborden las causas.<\/p>\n\n\n\n<p class=\"wp-block-paragraph\">Lo tercero, que todos demandemos, como puntualiza la ONU, una acci\u00f3n global para aumentar la conciencia y el debate sobre retos y soluciones que puedan eliminar estas normas sociales da\u00f1inas y empoderar a las mujeres y las ni\u00f1as.<\/p>\n\n\n\n<p class=\"wp-block-paragraph\">Para ello, la ONU invita a diecis\u00e9is d\u00edas de activismo, del 25 de noviembre al 10 de diciembre D\u00eda Internacional de los Derechos Humanos.<\/p>\n\n\n\n<p class=\"wp-block-paragraph\">Puedes sumarte con las acciones que prefieras, tanto si has sido maltratada como si tienes la fortuna de gozar de un entorno saludable.<\/p>\n\n\n\n<p class=\"wp-block-paragraph\">Recuerda que este problema es de todas.<\/p>\n\n\n\n<ol class=\"wp-block-list\" type=\"1\"><li><a href=\"https:\/\/periodistas-es.com\/tag\/Teresa-Gurza\">Teresa Gurza&nbsp;<\/a>es una periodista mexicana multipremiada que distribuye actualmente sus art\u00edculos de forma independiente<\/li><\/ol>\n\n\n\n<p class=\"wp-block-paragraph\"><strong>Compartir art\u00edculo:<\/strong><\/p>\n","protected":false},"excerpt":{"rendered":"<p>Precisamente porque la violencia es universal, fue universal la marcha de mujeres de este 25 de noviembre de 2021.<\/p>\n","protected":false},"author":3,"featured_media":43087,"comment_status":"open","ping_status":"open","sticky":false,"template":"","format":"standard","meta":{"_monsterinsights_skip_tracking":false,"footnotes":""},"categories":[626,692],"tags":[],"class_list":["post-43085","post","type-post","status-publish","format-standard","has-post-thumbnail","category-16-dias","category-692"],"_links":{"self":[{"href":"https:\/\/redsemlac.com\/semmexico\/wp-json\/wp\/v2\/posts\/43085","targetHints":{"allow":["GET"]}}],"collection":[{"href":"https:\/\/redsemlac.com\/semmexico\/wp-json\/wp\/v2\/posts"}],"about":[{"href":"https:\/\/redsemlac.com\/semmexico\/wp-json\/wp\/v2\/types\/post"}],"author":[{"embeddable":true,"href":"https:\/\/redsemlac.com\/semmexico\/wp-json\/wp\/v2\/users\/3"}],"replies":[{"embeddable":true,"href":"https:\/\/redsemlac.com\/semmexico\/wp-json\/wp\/v2\/comments?post=43085"}],"version-history":[{"count":0,"href":"https:\/\/redsemlac.com\/semmexico\/wp-json\/wp\/v2\/posts\/43085\/revisions"}],"wp:featuredmedia":[{"embeddable":true,"href":"https:\/\/redsemlac.com\/semmexico\/wp-json\/wp\/v2\/media\/43087"}],"wp:attachment":[{"href":"https:\/\/redsemlac.com\/semmexico\/wp-json\/wp\/v2\/media?parent=43085"}],"wp:term":[{"taxonomy":"category","embeddable":true,"href":"https:\/\/redsemlac.com\/semmexico\/wp-json\/wp\/v2\/categories?post=43085"},{"taxonomy":"post_tag","embeddable":true,"href":"https:\/\/redsemlac.com\/semmexico\/wp-json\/wp\/v2\/tags?post=43085"}],"curies":[{"name":"wp","href":"https:\/\/api.w.org\/{rel}","templated":true}]}}