{"id":43082,"date":"2021-12-05T13:21:19","date_gmt":"2021-12-05T19:21:19","guid":{"rendered":"https:\/\/redsemlac.com\/semmexico\/?p=43082"},"modified":"2023-07-21T18:53:23","modified_gmt":"2023-07-21T23:53:23","slug":"donde-estan-los-hombres-2","status":"publish","type":"post","link":"https:\/\/redsemlac.com\/semmexico\/donde-estan-los-hombres-2\/","title":{"rendered":"\u00bfD\u00f3nde est\u00e1n los hombres?"},"content":{"rendered":"\n<p class=\"wp-block-paragraph\">Teresa Moll\u00e1 Castells<\/p>\n\n\n\n<p class=\"wp-block-paragraph\">SemM\u00e9xico, Ontinyent, Espa\u00f1a, 5 de diciembre, 2021.- \u00c9sta es una de las preguntas para las que me gustar\u00eda encontrar respuesta cada vez que asesinan a una mujer para ser mujer. S\u00ed, aparecen en las concentraciones convocadas en las puertas de las instituciones. Hacen declaraciones pol\u00edticamente correctas, apuestan por la condena p\u00fablica, faltar\u00eda m\u00e1s, pero eso no responde a mi pregunta: \u00bfD\u00f3nde est\u00e1n los hombres d\u00eda a d\u00eda cuando callan, o hacen chistes mis\u00f3ginos o cosas peores? \u00bfNo se sienten interpelados cada vez que una mujer es asesinada por otro hombre?<\/p>\n\n\n\n<p class=\"wp-block-paragraph\">Quiz\u00e1s son demasiados a\u00f1os de activismo feminista, pero empiezo a tener ganas de gritarles que ya es hora de que ellos tambi\u00e9n se mojen de otro modo ante los asesinatos machistas y las violencias machistas que sufrimos las mujeres. Empiezo a ver que, mientras no se sientan interpelados en sus privilegios patriarcales y reaccionen abiertamente, cuestionando el hecho de que estos privilegios han sido construidos sobre la base del sufrimiento de las mujeres, las condenas, o su presencia en las concentraciones, ser\u00e1 s\u00f3lo testimonial. O como dice mi madre, s\u00f3lo para salir en la foto.<\/p>\n\n\n\n<p class=\"wp-block-paragraph\">Quiero m\u00e1s voces masculinas como la de Miguel Lorente Acosta que lo pone todo patas arriba y cuestiona sus propios privilegios. Otras voces masculinas lo intentan, pero a poco que rascas, se les ve el plumero patriarcal con rapidez.<\/p>\n\n\n\n<p class=\"wp-block-paragraph\">Bajo el paraguas de las llamadas \u201cnuevas masculinidades\u201d han aparecido algunas voces que quieren cambiar cosas. Pero me da la impresi\u00f3n de que quieren cambiarlas desde su posici\u00f3n preeminente o, dicho de otro modo, simplemente maquillarlas. No acaban de empatizar con las mujeres v\u00edctimas de todas las violencias machistas. No sienten compasi\u00f3n por ellas. Y hablo del t\u00e9rmino \u00abcompasi\u00f3n\u00bb en sentido humano. No saben entender su sufrimiento en manos de otros hombres. Y, por tanto, no pueden sentir el problema como propio.<\/p>\n\n\n\n<p class=\"wp-block-paragraph\">Pero el problema existe y se llama patriarcado. Y se reproduce por todas partes, incluso en las aulas universitarias. O \u00bfacaso hemos olvidado que la semana pasada el asesino de Cristina, la mujer asesinada en el ensanche de la ciudad de Valencia, es un abogado experto en procesos de familia y profesor asociado en la Universidad de Valencia? Y con este comentario no quiero, ni de lejos criminalizar a la plantilla de docentes universitarios. De la misma manera que tampoco quiero se\u00f1alar o criminalizar otros colectivos de hombres, pero si desmontar el mito de que los maltratadores y\/o asesinos no transitan espacios fuera de las vulnerabilidades econ\u00f3micas y sociales. Vemos que s\u00ed.<\/p>\n\n\n\n<p class=\"wp-block-paragraph\">Me gustar\u00eda leer a firmas de hombres reconocidos del periodismo, el derecho, la econom\u00eda, etc. haciendo un llamamiento a otros hombres a abandonar la v\u00eda de los machismos. Porque cuando uno mata y los dem\u00e1s callan, son todos c\u00f3mplices. Eso no lo podemos olvidar nunca. Y quiero pensar que todos no son agresores. Pero, precisamente por eso, deben desmarcarse y condenar las agresiones por peque\u00f1as que sean. Y, sobre todo, creer a las v\u00edctimas y dejarlas contar su verdad. No imponerles verdades ajenas por muy profesional del derecho que seas. O de las carreras judicial o fiscal. Y esto va para quienes se dedican a atender o tratar con las v\u00edctimas en cualquiera de sus formas.<\/p>\n\n\n\n<p class=\"wp-block-paragraph\">Vivimos tiempos muy complicados, pero quienes peor parte se llevan son las mujeres asesinadas y\/o violentadas, maltratadas, prostituidas, tratadas como ganado o explotadas reproductivamente por ser mujeres. \u00bfD\u00f3nde est\u00e1n los hombres que les dan apoyo? \u00bfPara cu\u00e1ndo una condena abierta y honesta para los puteros por parte de los hombres? \u00bfCu\u00e1ndo saldr\u00e1n a la calle de forma espont\u00e1nea sin ser cargos p\u00fablicos, para condenar abiertamente los asesinatos de mujeres desmarc\u00e1ndose de ellos? \u00bfCu\u00e1ndo rechazar\u00e1n y condenar\u00e1n la pornograf\u00eda por ser violenta para con las mujeres? \u00bfCu\u00e1ndo alzar\u00e1n la voz para exigir relaciones sentimentales m\u00e1s igualitarias y sim\u00e9tricas? \u00bfD\u00f3nde est\u00e1n los hombres que condenan abiertamente a los asesinos de mujeres, a los puteros o a los violadores y no les encubren con mitos o excusas cada vez que son condenados por estas agresiones?<\/p>\n\n\n\n<p class=\"wp-block-paragraph\">No s\u00e9 d\u00f3nde est\u00e1n, pero cada vez cuestan m\u00e1s de encontrar, cada vez parecen m\u00e1s escondidos. Y ellos tambi\u00e9n forman parte de la soluci\u00f3n a las violencias machistas de toda \u00edndole. A ellos tambi\u00e9n les afecta, pese a que no lo quieran reconocer.<\/p>\n\n\n\n<p class=\"wp-block-paragraph\">Seguiremos interpel\u00e1ndolos para que act\u00faen y, a su vez, tomen consciencia de sus propias responsabilidades en la reproducci\u00f3n y perpetuaci\u00f3n del patriarcado, incluso en sus formas m\u00e1s terribles.<\/p>\n\n\n\n<p class=\"wp-block-paragraph\">tmolla@telefonica.net<\/p>\n","protected":false},"excerpt":{"rendered":"<p>\u00bfD\u00f3nde est\u00e1n los hombres? \u00c9sta es una de las preguntas para las que me gustar\u00eda encontrar respuesta cada vez que asesinan a una mujer para ser mujer.<\/p>\n","protected":false},"author":3,"featured_media":43083,"comment_status":"open","ping_status":"open","sticky":false,"template":"","format":"standard","meta":{"_monsterinsights_skip_tracking":false,"footnotes":""},"categories":[692,110,35],"tags":[459],"class_list":["post-43082","post","type-post","status-publish","format-standard","has-post-thumbnail","category-692","category-la-opinion-columnas","category-opinion","tag-opinion"],"_links":{"self":[{"href":"https:\/\/redsemlac.com\/semmexico\/wp-json\/wp\/v2\/posts\/43082","targetHints":{"allow":["GET"]}}],"collection":[{"href":"https:\/\/redsemlac.com\/semmexico\/wp-json\/wp\/v2\/posts"}],"about":[{"href":"https:\/\/redsemlac.com\/semmexico\/wp-json\/wp\/v2\/types\/post"}],"author":[{"embeddable":true,"href":"https:\/\/redsemlac.com\/semmexico\/wp-json\/wp\/v2\/users\/3"}],"replies":[{"embeddable":true,"href":"https:\/\/redsemlac.com\/semmexico\/wp-json\/wp\/v2\/comments?post=43082"}],"version-history":[{"count":0,"href":"https:\/\/redsemlac.com\/semmexico\/wp-json\/wp\/v2\/posts\/43082\/revisions"}],"wp:featuredmedia":[{"embeddable":true,"href":"https:\/\/redsemlac.com\/semmexico\/wp-json\/wp\/v2\/media\/43083"}],"wp:attachment":[{"href":"https:\/\/redsemlac.com\/semmexico\/wp-json\/wp\/v2\/media?parent=43082"}],"wp:term":[{"taxonomy":"category","embeddable":true,"href":"https:\/\/redsemlac.com\/semmexico\/wp-json\/wp\/v2\/categories?post=43082"},{"taxonomy":"post_tag","embeddable":true,"href":"https:\/\/redsemlac.com\/semmexico\/wp-json\/wp\/v2\/tags?post=43082"}],"curies":[{"name":"wp","href":"https:\/\/api.w.org\/{rel}","templated":true}]}}