{"id":43074,"date":"2021-12-05T12:11:31","date_gmt":"2021-12-05T18:11:31","guid":{"rendered":"https:\/\/redsemlac.com\/semmexico\/?p=43074"},"modified":"2023-07-21T18:53:23","modified_gmt":"2023-07-21T23:53:23","slug":"alfa-omega-muy-a-destiempo-la-campana-por-la-presidencia","status":"publish","type":"post","link":"https:\/\/redsemlac.com\/semmexico\/alfa-omega-muy-a-destiempo-la-campana-por-la-presidencia\/","title":{"rendered":"Alfa Omega| Muy a Destiempo la Campa\u00f1a por la Presidencia"},"content":{"rendered":"\n<p class=\"wp-block-paragraph\">Jorge Herrera Valenzuela<\/p>\n\n\n\n<p class=\"wp-block-paragraph\">NO POR MUCHO MADRUGAR, AMANECE M\u00c1S TEMPRANO<\/p>\n\n\n\n<p class=\"wp-block-paragraph\">SemM\u00e9xico, Cd. de M\u00e9xico, 5 de diciembre, 2021.- Paralela a una problem\u00e1tica nacional sin soluciones, la violencia creciente. Implacable inseguridad, estamos viviendo, con desmedida anticipaci\u00f3n, la campa\u00f1a pol\u00edtico electoral para la nominaci\u00f3n de candidato presidencial para 2024. Desde Palacio Nacional se mueven los hilos para hacer creer que el Presidente de M\u00e9xico, por ahora, est\u00e1 decidido a que la nominaci\u00f3n de Morena recaiga en la jefa de Gobierno de la Ciudad de M\u00e9xico.<\/p>\n\n\n\n<p class=\"wp-block-paragraph\">Con autorizaci\u00f3n o sin ella, est\u00e1 en marcha una \u201cencuesta\u201d, \u201cun sondeo\u201d, para sopesar el inter\u00e9s de la ciudadan\u00eda en la posible candidatura de la exdelegada en Tlalpan, mencionada desde hace meses como viable sucesora del pol\u00edtico tabasque\u00f1o. La pregunta que se formula, seg\u00fan informaci\u00f3n period\u00edstica, es: \u201c\u00bf<strong>A usted le gustar\u00eda que Claudia Sheinbaum fuera la candidata a la presidencia en 2024?<\/strong>\u201d.<\/p>\n\n\n\n<p class=\"wp-block-paragraph\">Independientemente de que el juego empez\u00f3 demasiado pronto, porque as\u00ed lo decidi\u00f3 el empoderado tabasque\u00f1o, desde el pasado 11 de marzo en su programa televisivo \u201cLas Ma\u00f1aneras\u201d, adem\u00e1s de la jefa de Gobierno de la Ciudad de M\u00e9xico, est\u00e1 abierta la campa\u00f1a en otros frentes: <strong>Marcelo Luis Ebrard Casaub\u00f3n, Ricardo Monreal \u00c1vila, Augusto Ad\u00e1n L\u00f3pez Hern\u00e1ndez y L\u00e1zaro C\u00e1rdenas Batel<\/strong>. El titular de Relaciones Exteriores llevaba una aparente delantera. El senador zacatecano trabaja fuerte para estar en la boleta electoral. El gobernador tabasque\u00f1o con licencia, est\u00e1 en la pelea y a \u00faltima hora aparece el nieto del \u201cTata\u201d e hijo del ingeniero <strong>Cuauht\u00e9moc C\u00e1rdenas Sol\u00f3rzano.<\/strong><\/p>\n\n\n\n<p class=\"wp-block-paragraph\">La encuesta atribuida a seguidores de la doctora egresada de la Facultad de Ciencias, UNAM, para medir el grado de su popularidad, me parece fuera de lugar. Se informa que con dinero del erario se pagar\u00e1 la encuesta que coordina un se\u00f1or conocido como \u201cPepe\u201d Merino y no es precisamente mi amigo guerrerense. Ojo do\u00f1a Claudia, porque hay que considerar:<\/p>\n\n\n\n<p class=\"wp-block-paragraph\">Primero, porque en las elecciones recientes, su partido, Morena perdi\u00f3 la mayor\u00eda de las Alcald\u00edas; eso es una muestra de que no tiene el apoyo de todos sus gobernados.<\/p>\n\n\n\n<p class=\"wp-block-paragraph\">Segundo, hacer la encuesta a nivel nacional, es muy necesario y extremadamente costoso, para conocer la respuesta de los electores que no la conocen ni saben de su desempe\u00f1o actual.<\/p>\n\n\n\n<p class=\"wp-block-paragraph\">Tercero, hay mucho camino que recorrer y puede ocurrir, no lo deseo, que a la consentida y preferida, le suceda lo que, a <strong>Arturo Herrera Guti\u00e9rrez<\/strong>, exsecretario de Hacienda, que cay\u00f3 de la gracia del mandam\u00e1s y no ser\u00e1 gobernador del Banco de M\u00e9xico. Recu\u00e9rdese que no es el primer caso y que \u201cdel plato a la boca, se cae la sopa\u201d. Otro dato, <strong>Plutarco El\u00edas Calles<\/strong> impuso a cuatro, dos interinos, dos electos y, uno de estos, el \u00faltimo lo expuls\u00f3 del pa\u00eds.<\/p>\n\n\n\n<p class=\"wp-block-paragraph\">Vamos a estar muy atentos a los an\u00e1lisis que publicar\u00e1 el diario Exc\u00e9lsior, en torno a la sucesi\u00f3n presidencial del 2024. Las plumas de <strong>Jos\u00e9 El\u00edas Romero Apis <\/strong>y <strong>Pascal Beltr\u00e1n del R\u00edo<\/strong>, excelentes y capaces analistas y articulistas, dibujar\u00e1n el panorama ins\u00f3lito que tiene como creador al Presidente de los Estados Unidos Mexicanos, el mismo que presiona no para que se vote la revocaci\u00f3n de mandato, sino su ratificaci\u00f3n para continuar su campa\u00f1a pol\u00edtica personal, en el entendido de que su partido pol\u00edtico, por las pugnas internas, carece de l\u00edder y puede terminar como el desgatado PRD.<\/p>\n\n\n\n<p class=\"wp-block-paragraph\">Les recomiendo que no dejen de leer la serie period\u00edstica <strong>Poder y Deseo<\/strong> que nos entregar\u00e1n, mensualmente, el jurista, acad\u00e9mico y pol\u00edtico Romero Apis y el no menos prestigiado Pascal Beltr\u00e1n.<\/p>\n\n\n\n<p class=\"wp-block-paragraph\">\u201c<strong>EL CHILORIO POWER<\/strong>\u201d <strong>DE LUTO<\/strong><\/p>\n\n\n\n<p class=\"wp-block-paragraph\">El pasado 1 de este mes, a 23 d\u00edas de cumplir sus 76 a\u00f1os, nos dej\u00f3 uno de los grandes amigos sinaloenses, el siempre conciliador pol\u00edtico, de grandes dotes humanas. Un infarto fulminante cort\u00f3 la vida del mochiteco Jes\u00fas <strong>Enrique Jackson Ram\u00edrez<\/strong>, a quien hace 34 a\u00f1os ped\u00ed auxilio porque junto con mi Familia fuimos asaltados en nuestro hogar por un comando \u201cinfantil\u201d, el mayor de 22 a\u00f1os y el menor de 14 a\u00f1os, incluyendo a dos mujeres. Una banda escondida en Netzahualc\u00f3yotl, Estado de M\u00e9xico.<\/p>\n\n\n\n<p class=\"wp-block-paragraph\">Enrique era el jefe polic\u00edaco del Distrito Federal. Para entonces ya estaba integrado un grupo de j\u00f3venes sinaloenses que llegaron al Distrito Federal y destacaron pol\u00edticamente. Mi fraternal colega y amigo <strong>Armando Rojas Ar\u00e9valo <\/strong>\u201cbautiz\u00f3\u201d a ese pu\u00f1ado de norte\u00f1os con el nombre de \u201c<strong>Chilorio Power<\/strong>\u201d.<\/p>\n\n\n\n<p class=\"wp-block-paragraph\">Bueno, pues gracias al apoyo de Enrique tuve vigilancia polic\u00edaca, para \u201creducirnos\u201d el susto. Los siete delincuentes iban armados. Los detuvo la polic\u00eda y perdimos m\u00e1s con los detectives encabezados por un \u201ccomandante\u201d Avalos, que con los rateros.<\/p>\n\n\n\n<p class=\"wp-block-paragraph\">Vuelvo al \u201cChilorio Power\u201d que sigue haciendo historia. Junto con Enrique conoc\u00ed, poco a poco, al hoy senador <strong>Heriberto M. Galindo, Pascual Cervantes, David L\u00f3pez Guti\u00e9rrez, Carlos F. Almada y H\u00e9ctor L\u00ede Verduzco, <\/strong>as\u00ed como <strong>Francisco Rodolfo \u00c1lvarez F\u00e1rber<\/strong>, a quien no conoc\u00ed y fue Procurador de Justicia con gobernador <strong>Polo S\u00e1nchez Celis<\/strong>; en el Parque Hundido de la Ciudad de M\u00e9xico arteramente fue asesinado \u00c1lvarez F\u00e1rber. Los del \u201cChilorio Power\u201d dieron cobijo al oaxaque\u00f1o <strong>Jes\u00fas Mart\u00ednez \u00c1lvarez <\/strong>y Heriberto ayud\u00f3 al sonorense <strong>Alfonso Durazo Monta\u00f1o<\/strong>, en el CREA y en la Delegaci\u00f3n Cuauht\u00e9moc. Alfonso hoy es gobernador de Sonora.<\/p>\n\n\n\n<p class=\"wp-block-paragraph\">Descanse en paz mi estimado Enrique Jackson Ram\u00edrez y un abrazo a mis amigos del \u201cChilorio Power\u201d y los familiares del ilustre hijo de Los Mochis, Sinaloa.<\/p>\n\n\n\n<p class=\"wp-block-paragraph\"><strong>DON ADOLFO Y RODR\u00cdGUEZ BARRERA<\/strong><\/p>\n\n\n\n<p class=\"wp-block-paragraph\">A los 83 a\u00f1os de edad falleci\u00f3 a quien popularmente se le llam\u00f3 \u201cEl Viejito\u201d porque al asumir la Presidencia de la Rep\u00fablica, ya contaba con 62 a\u00f1os de vida, quien era el veracruzano y empedernido jugador de domino, don <strong>Adolfo Ruiz Cortines<\/strong>. Muri\u00f3 en el Puerto Jarocho un 3 de diciembre, dejando cientos de an\u00e9cdotas, unas ciertas y muchas no, pero siempre se le recuerda como un mandatario que si fue austero, sencillo y maestro pr\u00e1ctico en la pol\u00edtica. No tuvo t\u00edtulo profesional y fue mayor del Ej\u00e9rcito Mexicano. Dos de sus frases: \u201cAl trabajo fecundo y crear\u201d y \u201cLa Marcha al Mar\u201d. Manej\u00f3 con destreza el tablero de ajedrez pol\u00edtico.<\/p>\n\n\n\n<p class=\"wp-block-paragraph\">Tambi\u00e9n en 3 de diciembre, pero de 2013, nos dej\u00f3 uno de los pol\u00edticos non de M\u00e9xico. Un hombre que fue como les decimos a los de su tierra, campechano. Don <strong>Rafael Rodr\u00edguez Barrera, <\/strong>el m\u00e1s humano de los jefes con quien trabaj\u00e9. Era el Secretario de la Reforma Agraria, de 1986 a 1988.<\/p>\n\n\n\n<p class=\"wp-block-paragraph\">Tuvo entre sus aciertos, el declarar concluido el reparto agrario, iniciado en 1915 por el capit\u00e1n Francisco J. M\u00fagica, continuado por el general L\u00e1zaro C\u00e1rdenas. Desarroll\u00f3 una intensa actividad en su natal Campeche, desde director de polic\u00eda y tr\u00e1nsito, en 1960, hasta gobernador. Despu\u00e9s destac\u00f3 como diputado y le correspondi\u00f3 dar la bienvenida al chileno Salvador Allende.<\/p>\n\n\n\n<p class=\"wp-block-paragraph\">Dos grandes mexicanos, muy queridos, recibieron el reconocimiento de quienes los conocimos y tambi\u00e9n recuerdo a otro, del ambiente art\u00edstico, que logr\u00f3 fama y popularidad como charrocantor, el guanajuatense <strong>Jorge Negrete<\/strong> que siendo cadete del H. Colegio Militar result\u00f3 afectado por la cirrosis hep\u00e1tica y el 5 de diciembre de 1953, en un hospital de Los \u00c1ngeles, California, falleci\u00f3 a consecuencia de ese mal.<\/p>\n\n\n\n<p class=\"wp-block-paragraph\"><strong>P.D.<\/strong> El 1 de diciembre de 1952 asumi\u00f3 la Presidencia de la Rep\u00fablica, <strong>Miguel Alem\u00e1n Vald\u00e9s<\/strong>. El primer civil en per\u00edodo sexenal, porque tambi\u00e9n fueron civiles en calidad de interinos, el siglo pasado, <strong>Francisco Le\u00f3n de la Barra, Francisco S. Carvajal, Pedro Lascur\u00e1in Paredes, Adolfo de la Huerta, Emilio Portes Gil y Francisco Lagos Ch\u00e1zaro<\/strong>, \u00e9ste nombrado por la Convenci\u00f3n Revolucionaria de Aguascalientes\u2026<strong>Radio Educaci\u00f3n<\/strong> est\u00e1 de fiesta por sus 97 a\u00f1os de estar al aire. Su promotor fue el Maestro de la Juventud, <strong>Jos\u00e9 Vasconcelos<\/strong>, primer titular de la SEP en 1920 y despu\u00e9s Rector de la UNAM. Mi compa\u00f1ero universitario y colega period\u00edstico <strong>H\u00e9ctor Murillo Cruz <\/strong>dirigi\u00f3 exitosamente esa estaci\u00f3n\u2026<strong>Evelyn Salgado Pineda<\/strong>, gobernadora en Guerrero, la libr\u00f3 bien despu\u00e9s de que el pasado 29 de noviembre en una conferencia de prensa tuvo a sus espaldas una Bandera Nacional con un \u201cnuevo escudo\u201d. El \u00e1guila casi tipo imperial, de frente, y la serpiente dibujada en forma de letra \u201cS\u201d. Hasta ahora el Secretario de Gobernaci\u00f3n no ha dicho una palabra. No puede argumentar que no est\u00e1 enterado de ello.<\/p>\n\n\n\n<p class=\"wp-block-paragraph\"><strong>jherrerav@live.com.mx<\/strong><\/p>\n","protected":false},"excerpt":{"rendered":"<p>Estamos viviendo, con desmedida anticipaci\u00f3n, la campa\u00f1a pol\u00edtico electoral para la nominaci\u00f3n de candidato presidencial para 2024<\/p>\n","protected":false},"author":3,"featured_media":38023,"comment_status":"open","ping_status":"open","sticky":false,"template":"","format":"standard","meta":{"_monsterinsights_skip_tracking":false,"footnotes":""},"categories":[692,94,35],"tags":[],"class_list":["post-43074","post","type-post","status-publish","format-standard","has-post-thumbnail","category-692","category-jorge-herrera-valenzuela","category-opinion"],"_links":{"self":[{"href":"https:\/\/redsemlac.com\/semmexico\/wp-json\/wp\/v2\/posts\/43074","targetHints":{"allow":["GET"]}}],"collection":[{"href":"https:\/\/redsemlac.com\/semmexico\/wp-json\/wp\/v2\/posts"}],"about":[{"href":"https:\/\/redsemlac.com\/semmexico\/wp-json\/wp\/v2\/types\/post"}],"author":[{"embeddable":true,"href":"https:\/\/redsemlac.com\/semmexico\/wp-json\/wp\/v2\/users\/3"}],"replies":[{"embeddable":true,"href":"https:\/\/redsemlac.com\/semmexico\/wp-json\/wp\/v2\/comments?post=43074"}],"version-history":[{"count":0,"href":"https:\/\/redsemlac.com\/semmexico\/wp-json\/wp\/v2\/posts\/43074\/revisions"}],"wp:featuredmedia":[{"embeddable":true,"href":"https:\/\/redsemlac.com\/semmexico\/wp-json\/wp\/v2\/media\/38023"}],"wp:attachment":[{"href":"https:\/\/redsemlac.com\/semmexico\/wp-json\/wp\/v2\/media?parent=43074"}],"wp:term":[{"taxonomy":"category","embeddable":true,"href":"https:\/\/redsemlac.com\/semmexico\/wp-json\/wp\/v2\/categories?post=43074"},{"taxonomy":"post_tag","embeddable":true,"href":"https:\/\/redsemlac.com\/semmexico\/wp-json\/wp\/v2\/tags?post=43074"}],"curies":[{"name":"wp","href":"https:\/\/api.w.org\/{rel}","templated":true}]}}