{"id":43071,"date":"2021-12-05T11:57:34","date_gmt":"2021-12-05T17:57:34","guid":{"rendered":"https:\/\/redsemlac.com\/semmexico\/?p=43071"},"modified":"2023-07-21T18:53:23","modified_gmt":"2023-07-21T23:53:23","slug":"personas-con-discapacidad-demandan-igualdad-de-condiciones-en-empleo-educacion-y-salud","status":"publish","type":"post","link":"https:\/\/redsemlac.com\/semmexico\/personas-con-discapacidad-demandan-igualdad-de-condiciones-en-empleo-educacion-y-salud\/","title":{"rendered":"Personas con discapacidad demandan igualdad de condiciones en empleo, educaci\u00f3n y salud"},"content":{"rendered":"\n<p class=\"wp-block-paragraph\"><strong>Parlamento Abierto en Senado y Foro en C\u00e1mara de Diputados<\/strong><\/p>\n\n\n\n<p class=\"wp-block-paragraph\"><strong>De 158 mil planteles educativos en el pa\u00eds, solo 38 mil est\u00e1n adaptados para personas con discapacidad<\/strong><\/p>\n\n\n\n<p class=\"wp-block-paragraph\">Micaela M\u00e1rquez<\/p>\n\n\n\n<p class=\"wp-block-paragraph\">SemM\u00e9xico, Cd. de M\u00e9xico, 5 de diciembre 2021.- De acuerdo con el Censo de Poblaci\u00f3n y Vivienda 2020, en M\u00e9xico hay 6 millones 179 mil 890&nbsp;personas&nbsp;con alg\u00fan tipo de&nbsp;discapacidad, lo que representa 4.9 por ciento de la poblaci\u00f3n total del pa\u00eds. De ellas 53 por ciento son mujeres y 47 por ciento son hombres.<\/p>\n\n\n\n<p class=\"wp-block-paragraph\">Sus demandas como acceso al empleo con igual salario a las personas sin discapacidad, educaci\u00f3n inclusiva, servicios de salud y que se subsane la falta de estad\u00edsticas relacionadas con este sector de la poblaci\u00f3n fueron planteadas a las y los legisladores en dos eventos por separado.<\/p>\n\n\n\n<p class=\"wp-block-paragraph\">En el Senado en el \u201cPrimer Parlamento de Personas con Discapacidad\u201d y en el Palacio Legislativo de San L\u00e1zaro en el \u201cPrimer Foro Nacional de Inclusi\u00f3n \u201cD-Capacidad Sin Barreras\u201d.&nbsp;&nbsp;<\/p>\n\n\n\n<p class=\"wp-block-paragraph\"><strong>Senado revisara legislaci\u00f3n para personas con discapacidad<\/strong><\/p>\n\n\n\n<p class=\"wp-block-paragraph\">Una revisi\u00f3n integral de la legislaci\u00f3n vigente para las personas con discapacidad en el pa\u00eds para que sean integradas a la fuerza laboral, acceso a una educaci\u00f3n inclusiva y a servicios de salud, transporte digno e incluyente, y se subsane la falta de datos relacionados con la discapacidad fueron, entre otras, las demandas en el \u201cPrimer Parlamento de Personas con Discapacidad\u201d.<\/p>\n\n\n\n<p class=\"wp-block-paragraph\">En el Sal\u00f3n de Sesiones de la C\u00e1mara de Senadores, el presidente de la Junta de Coordinaci\u00f3n Pol\u00edtica, Ricardo Monreal \u00c1vila, expreso que es responsabilidad de las y los legisladores eliminar las barreras que el entorno social impone a este sector poblacional, las cuales impiden su plena inclusi\u00f3n en igualdad de condiciones.<\/p>\n\n\n\n<p class=\"wp-block-paragraph\">Se comprometi\u00f3 a que las propuestas e iniciativas presentadas durante los dos d\u00edas que duro el Parlamento ser\u00e1n impulsadas para generar un impacto en el marco legislativo y las pol\u00edticas p\u00fablicas, por lo que considero necesario integrar grupos plurales e interdisciplinarios de personas con discapacidad que orienten sobre como modelar y dise\u00f1ar, de forma m\u00e1s incluyente, un sistema jur\u00eddico que les beneficie. &nbsp;<\/p>\n\n\n\n<p class=\"wp-block-paragraph\">Durante el Parlamento participaron 20 personas con alguna discapacidad motriz, intelectual, auditiva, visual o psicosocial, provenientes de las cinco circunscripciones geogr\u00e1ficas del pa\u00eds.&nbsp;<\/p>\n\n\n\n<p class=\"wp-block-paragraph\">La senadora Patricia Mercado, de Movimiento Ciudadano, expreso que, si bien se han logrado grandes avances en materia de paridad de g\u00e9nero, a\u00fan est\u00e1 pendiente la inclusi\u00f3n de los diversos sectores como las personas con discapacidad. &nbsp;En el Senado, dijo, est\u00e1n comprometidos para impulsar acciones afirmativas en materia de representaci\u00f3n pol\u00edtica para que nadie sea excluido, as\u00ed como en el \u00e1mbito laboral, buscando que se abran m\u00e1s espacios y oportunidades para este grupo social.&nbsp;<\/p>\n\n\n\n<p class=\"wp-block-paragraph\">La senadora panista Estrella Rojas Loreto, manifest\u00f3 que pasar de una educaci\u00f3n segregada y especial a una inclusiva, no es sencillo, por lo cual, asent\u00f3 que deben elaborarse leyes, encaminar pol\u00edticas y destinar recursos p\u00fablicos, para formular pr\u00e1cticas genuinamente inclusivas que eliminen la discriminaci\u00f3n y el estigma. &nbsp;<\/p>\n\n\n\n<p class=\"wp-block-paragraph\">La senadora Marcela Mora Arellano, de Encuentro Social, se\u00f1alo que los derechos se deben ejercer y hacer realidad sin ninguna clase de distinci\u00f3n, principalmente en los procedimientos civiles y penales.&nbsp;<\/p>\n\n\n\n<p class=\"wp-block-paragraph\">El coordinador del Grupo Parlamentario del PRD, Miguel \u00c1ngel Mancera Espinosa, indic\u00f3 que es necesario implementar la se\u00f1alizaci\u00f3n luminosa de la Alerta S\u00edsmica, debido a que una persona con discapacidad auditiva se encuentra en estado de indefensi\u00f3n cuando esta suena y la escucha s\u00f3lo un grupo de personas.&nbsp;<\/p>\n\n\n\n<p class=\"wp-block-paragraph\">La senadora Alejandra Lagunes Soto Ruiz del Partido Verde expreso que las leyes deben responder a las necesidades de quienes viven con discapacidad.<\/p>\n\n\n\n<p class=\"wp-block-paragraph\">Considero que es necesario un marco normativo que no s\u00f3lo est\u00e9 centrado en reconocer los derechos de las personas con discapacidad, sino que adem\u00e1s se traduzca en acciones que garanticen una sociedad m\u00e1s incluyente, diversa, libre y accesible, una sociedad en donde todos y todas puedan vivir con plenitud y con autonom\u00eda.<\/p>\n\n\n\n<p class=\"wp-block-paragraph\">\u201cSubray\u00f3 que es momento de pasar de un enfoque asistencialista a uno de inclusi\u00f3n efectiva\u201d, dijo.<\/p>\n\n\n\n<p class=\"wp-block-paragraph\">El senador Eduardo Ram\u00edrez Aguilar, de Morena, impulsor del Parlamento destaco que el objetivo del ejercicio es que las personas con discapacidad sean las y los protagonistas y tracen la ruta para legislar en la materia.&nbsp;<\/p>\n\n\n\n<p class=\"wp-block-paragraph\">La senadora del PRI, Claudia Edith Anaya Mota, Destac\u00f3 que la Convenci\u00f3n Internacional sobre los Derechos de Personas con Discapacidad implica que en el pa\u00eds se implemente un cambio de paradigma, para pasar del modelo m\u00e9dico asistencial, al social, al derecho a la consulta estrecha y la accesibilidad.&nbsp;<\/p>\n\n\n\n<p class=\"wp-block-paragraph\">El senador Germ\u00e1n Mart\u00ednez C\u00e1zares, del Grupo Plural, dijo que debe promoverse un sistema legal, absolutamente integral, en el que \u201creinen los derechos humanos, sin discriminaci\u00f3n para nadie\u201d.&nbsp;<\/p>\n\n\n\n<p class=\"wp-block-paragraph\"><strong>Urgente abordar la discapacidad desde un enfoque social: C\u00e1mara de Diputados<\/strong><\/p>\n\n\n\n<p class=\"wp-block-paragraph\">Las personas con discapacidad exigen y con raz\u00f3n su inclusi\u00f3n para vivir en igualdad de condiciones afirmo el presidente de la Mesa Directiva de la C\u00e1mara de Diputados, Sergio Guti\u00e9rrez Luna, al inaugurar el Primer Foro Nacional de Inclusi\u00f3n \u201cD-Capacidad Sin Barreras\u201d, realizado en el Palacio Legislativo de San L\u00e1zaro.<\/p>\n\n\n\n<p class=\"wp-block-paragraph\">Preciso que se debe abordar la discapacidad desde un enfoque social, a fin de construir una sociedad plural en la que todos los seres humanos sean parte fundamental para cumplir el paradigma de no dejar a nadie afuera, ni atr\u00e1s.<\/p>\n\n\n\n<p class=\"wp-block-paragraph\">Expreso que la C\u00e1mara de Diputados asume el compromiso de trabajar para eliminar las barreras f\u00edsicas, socioculturales, jur\u00eddicas o de cualquier \u00edndole, que reproduzcan actos de discriminaci\u00f3n, violencia o exclusi\u00f3n de las personas con discapacidad.&nbsp;<\/p>\n\n\n\n<p class=\"wp-block-paragraph\">Guz Guevara, activista pidi\u00f3 que dejen de tratar a las personas discapacitadas como menos valiosas y considero que la sociedad est\u00e1 en deuda hist\u00f3rica con este sector de la poblaci\u00f3n. \u201cHay que vivir la discapacidad con orgullo y con dignidad\u201d.&nbsp;<\/p>\n\n\n\n<p class=\"wp-block-paragraph\">Explic\u00f3 que para las personas sin discapacidad obtener un empleo es algo cotidiano y com\u00fan, una tarea sencilla; sin embargo, solo 5.5 por ciento de la poblaci\u00f3n con discapacidad tiene la oportunidad de prepararse profesionalmente. Agrego: \u201cPara este grupo existe una brecha salarial de 150 por ciento menos por hacer exactamente lo mismo que una persona sin discapacidad\u201d.&nbsp;<\/p>\n\n\n\n<p class=\"wp-block-paragraph\">El presidente de la Comisi\u00f3n de Infraestructura, diputado Reginaldo Sandoval Flores del PT, refiri\u00f3 que en M\u00e9xico no hay datos estad\u00edsticos sobre la infraestructura accesible para personas con discapacidad respecto a hospitales, transporte y edificios, entre otros. Por lo que urgi\u00f3 a realizar un diagn\u00f3stico real de los problemas que enfrenta esta poblaci\u00f3n y as\u00ed implantar pol\u00edticas p\u00fablicas que atiendan esta problem\u00e1tica.&nbsp;<\/p>\n\n\n\n<p class=\"wp-block-paragraph\">Explic\u00f3 que la infraestructura adaptada en planteles de todos los niveles educativos, asciende a 38 mil 843 de un total de 154 mil 580 centros escolares. Los estados con mayor infraestructura son Colima, Quinta Roo, Baja California Sur, Coahuila; y los m\u00e1s rezagados, Oaxaca, Chiapas, Guanajuato, Michoac\u00e1n y Veracruz. \u201cNo hay duda que es urgente cambiar la concepci\u00f3n del dise\u00f1o y construcci\u00f3n para asegurar la inclusi\u00f3n universal\u201d.<\/p>\n\n\n\n<p class=\"wp-block-paragraph\"><strong>Trabajo protegido<\/strong><\/p>\n\n\n\n<p class=\"wp-block-paragraph\">Por otra parte, lograr la participaci\u00f3n igualitaria de las personas con discapacidad, demandar\u00e1 erradicar las barreras jur\u00eddicas, f\u00edsicas, tecnol\u00f3gicas, econ\u00f3micas, laborales, educativas y actitudes de la sociedad en conjunto asevero&nbsp;Ang\u00e9lica Mar\u00eda Rivadeneyra Villareal, presidenta de Testimonio Social de \u00c9tica Revolucionaria AC (TESERAC),<\/p>\n\n\n\n<p class=\"wp-block-paragraph\">\u201cLa integraci\u00f3n digna empieza por una adecuada pol\u00edtica de empleo que garantice el principio de igualdad de trato y la incorporaci\u00f3n al sistema productivo mediante la f\u00f3rmula de trabajo protegido, por lo que llamo a generar sociedades sostenibles y respetuosas de los derechos humanos\u201d.<\/p>\n\n\n\n<p class=\"wp-block-paragraph\">La diputada Ana Karina Rojo Pimentel del PT enfatizo que las personas con discapacidad son a\u00fan m\u00e1s vulnerables cuando viven en un ambiente de pobreza, desempleo, rezago educativo e inaccesibilidad a la salud.&nbsp;Se debe, dijo, fomentar una conciencia efectiva en la sociedad para lograr la igualdad de oportunidades para esta poblaci\u00f3n, impulsando procesos de vinculaci\u00f3n y desarrollo social con base en la dignidad, la autonom\u00eda, la igualdad, la no discriminaci\u00f3n y la inclusi\u00f3n.&nbsp;<\/p>\n","protected":false},"excerpt":{"rendered":"<p>Personas con discapacidad exigen acceso al empleo con igual salario a las personas sin discapacidad, educaci\u00f3n inclusiva, servicios de salud y que se subsane la falta de estad\u00edsticas relacionadas con este sector de la poblaci\u00f3n fueron planteadas a las y los legisladores en dos eventos por separado.<\/p>\n","protected":false},"author":3,"featured_media":43072,"comment_status":"open","ping_status":"open","sticky":false,"template":"","format":"standard","meta":{"_monsterinsights_skip_tracking":false,"footnotes":""},"categories":[692,50],"tags":[],"class_list":["post-43071","post","type-post","status-publish","format-standard","has-post-thumbnail","category-692","category-congreso"],"_links":{"self":[{"href":"https:\/\/redsemlac.com\/semmexico\/wp-json\/wp\/v2\/posts\/43071","targetHints":{"allow":["GET"]}}],"collection":[{"href":"https:\/\/redsemlac.com\/semmexico\/wp-json\/wp\/v2\/posts"}],"about":[{"href":"https:\/\/redsemlac.com\/semmexico\/wp-json\/wp\/v2\/types\/post"}],"author":[{"embeddable":true,"href":"https:\/\/redsemlac.com\/semmexico\/wp-json\/wp\/v2\/users\/3"}],"replies":[{"embeddable":true,"href":"https:\/\/redsemlac.com\/semmexico\/wp-json\/wp\/v2\/comments?post=43071"}],"version-history":[{"count":0,"href":"https:\/\/redsemlac.com\/semmexico\/wp-json\/wp\/v2\/posts\/43071\/revisions"}],"wp:featuredmedia":[{"embeddable":true,"href":"https:\/\/redsemlac.com\/semmexico\/wp-json\/wp\/v2\/media\/43072"}],"wp:attachment":[{"href":"https:\/\/redsemlac.com\/semmexico\/wp-json\/wp\/v2\/media?parent=43071"}],"wp:term":[{"taxonomy":"category","embeddable":true,"href":"https:\/\/redsemlac.com\/semmexico\/wp-json\/wp\/v2\/categories?post=43071"},{"taxonomy":"post_tag","embeddable":true,"href":"https:\/\/redsemlac.com\/semmexico\/wp-json\/wp\/v2\/tags?post=43071"}],"curies":[{"name":"wp","href":"https:\/\/api.w.org\/{rel}","templated":true}]}}