{"id":43068,"date":"2021-12-05T11:47:47","date_gmt":"2021-12-05T17:47:47","guid":{"rendered":"https:\/\/redsemlac.com\/semmexico\/?p=43068"},"modified":"2023-07-21T18:53:23","modified_gmt":"2023-07-21T23:53:23","slug":"la-prohibicion-de-matrimonios-infantiles-en-la-agenda-del-senado-y-se-refuerzan-medidas-sanitarias","status":"publish","type":"post","link":"https:\/\/redsemlac.com\/semmexico\/la-prohibicion-de-matrimonios-infantiles-en-la-agenda-del-senado-y-se-refuerzan-medidas-sanitarias\/","title":{"rendered":"La prohibici\u00f3n de matrimonios infantiles en la agenda del Senado y se refuerzan medidas sanitarias"},"content":{"rendered":"\n<p class=\"wp-block-paragraph\">Micaela M\u00e1rquez<\/p>\n\n\n\n<p class=\"wp-block-paragraph\">SemM\u00e9xico, Cd. de M\u00e9xico, 5 de diciembre 2021.- La prohibici\u00f3n de matrimonios infantiles, cambios en materia de salud y comunicaciones y transportes estar\u00e1n en la agenda de la C\u00e1mara de Senadores a dos semanas de que concluyan los trabajos ordinarios. Se insistir\u00e1 tambi\u00e9n en la Ley para la regulaci\u00f3n de cannabis, inform\u00f3 el presidente de la Junta de Coordinaci\u00f3n Pol\u00edtica, senador Ricardo Monreal \u00c1vila.<\/p>\n\n\n\n<p class=\"wp-block-paragraph\">Se abordar\u00e1n los nombramientos para el Consejo de la Judicatura Federal, as\u00ed como de los tribunales electorales y se llevara a cabo un Parlamento Abierto sobre el proyecto para expedir el nuevo C\u00f3digo Nacional de Procedimientos Civiles y Familiares, a petici\u00f3n de los tribunales superiores de los estados.&nbsp;<\/p>\n\n\n\n<p class=\"wp-block-paragraph\">Por otra parte, y debido a la presencia de la variante Omicrom del SARS-CoV-2&nbsp;se reforzar\u00e1n las medidas sanitarias en el Senado y para reducir los riesgos de contagio no se podr\u00e1n llevar a cabo reuniones con m\u00e1s de 90 personas.<\/p>\n\n\n\n<p class=\"wp-block-paragraph\">\u201cNo debemos confiarnos y hay que tomar todas las medidas sanitarias convenientes\u201d, acoto el senador Ricardo Monreal.&nbsp; &nbsp;<\/p>\n","protected":false},"excerpt":{"rendered":"<p>El presidente de la Junta de Coordinaci\u00f3n Pol\u00edtica, Ricardo Monreal \u00c1vila informo que la prohibici\u00f3n de matrimonios infantiles estar\u00e1 en la agenda de la C\u00e1mara de Senadores.<\/p>\n","protected":false},"author":3,"featured_media":43069,"comment_status":"open","ping_status":"open","sticky":false,"template":"","format":"standard","meta":{"_monsterinsights_skip_tracking":false,"footnotes":""},"categories":[692,50],"tags":[],"class_list":["post-43068","post","type-post","status-publish","format-standard","has-post-thumbnail","category-692","category-congreso"],"_links":{"self":[{"href":"https:\/\/redsemlac.com\/semmexico\/wp-json\/wp\/v2\/posts\/43068","targetHints":{"allow":["GET"]}}],"collection":[{"href":"https:\/\/redsemlac.com\/semmexico\/wp-json\/wp\/v2\/posts"}],"about":[{"href":"https:\/\/redsemlac.com\/semmexico\/wp-json\/wp\/v2\/types\/post"}],"author":[{"embeddable":true,"href":"https:\/\/redsemlac.com\/semmexico\/wp-json\/wp\/v2\/users\/3"}],"replies":[{"embeddable":true,"href":"https:\/\/redsemlac.com\/semmexico\/wp-json\/wp\/v2\/comments?post=43068"}],"version-history":[{"count":0,"href":"https:\/\/redsemlac.com\/semmexico\/wp-json\/wp\/v2\/posts\/43068\/revisions"}],"wp:featuredmedia":[{"embeddable":true,"href":"https:\/\/redsemlac.com\/semmexico\/wp-json\/wp\/v2\/media\/43069"}],"wp:attachment":[{"href":"https:\/\/redsemlac.com\/semmexico\/wp-json\/wp\/v2\/media?parent=43068"}],"wp:term":[{"taxonomy":"category","embeddable":true,"href":"https:\/\/redsemlac.com\/semmexico\/wp-json\/wp\/v2\/categories?post=43068"},{"taxonomy":"post_tag","embeddable":true,"href":"https:\/\/redsemlac.com\/semmexico\/wp-json\/wp\/v2\/tags?post=43068"}],"curies":[{"name":"wp","href":"https:\/\/api.w.org\/{rel}","templated":true}]}}