{"id":43064,"date":"2021-12-05T11:35:38","date_gmt":"2021-12-05T17:35:38","guid":{"rendered":"https:\/\/redsemlac.com\/semmexico\/?p=43064"},"modified":"2023-07-21T18:53:23","modified_gmt":"2023-07-21T23:53:23","slug":"alexia-putellas-premiada-con-el-balon-de-oro-por-ser-la-mejor-jugadora-del-mundo-en-2021","status":"publish","type":"post","link":"https:\/\/redsemlac.com\/semmexico\/alexia-putellas-premiada-con-el-balon-de-oro-por-ser-la-mejor-jugadora-del-mundo-en-2021\/","title":{"rendered":"Alexia Putellas, premiada con el Bal\u00f3n de Oro por ser la mejor jugadora del mundo en 2021"},"content":{"rendered":"\n<p class=\"wp-block-paragraph\"><strong>Foto: Archivo AmecoPress.<\/strong><\/p>\n\n\n\n<p class=\"wp-block-paragraph\">Este galard\u00f3n supone un hecho hist\u00f3rico para el futbol femenino espa\u00f1ol<\/p>\n\n\n\n<p class=\"wp-block-paragraph\">&nbsp;<a href=\"https:\/\/amecopress.net\/Julia-Cuesta-del-Hoyo\">Julia Cuesta del Hoyo<\/a><\/p>\n\n\n\n<p class=\"wp-block-paragraph\">SemM\u00e9xico\/AmecoPress, 5 de diciembre, 2021.- &nbsp;<em>Alexia Putellas, la centrocampista del Futbol Club Barcelona y capitana de la selecci\u00f3n espa\u00f1ola, ha sido elegida como la mejor jugadora del mundo en 2021. Este reconocimiento se enmarca en el final de una temporada en la que su equipo ha ganado la Liga, la Copa de Campeones y la Copa de la Reina. Adem\u00e1s, la jugadora ha pasado a ser capitana de la Selecci\u00f3n Espa\u00f1ola, la cual tambi\u00e9n ha obtenido grandes logros al clasificarse en la Eurocopa 2022.<\/em><\/p>\n\n\n\n<p class=\"wp-block-paragraph\">El premio, otorgado por la revista France Football, fue entregado a la futbolista por el jugador franc\u00e9s Kylian Mbapp\u00e9, y la ganadora no quiso perder la oportunidad de reivindicar el papel del futbol femenino y la importancia de que obtenga la profesionalizaci\u00f3n que le corresponde.<\/p>\n\n\n\n<p class=\"wp-block-paragraph\">Con esta victoria Alexia Putellas se convierte en la segunda espa\u00f1ola en hacerse con este galard\u00f3n, precedida por el gallego Luis Su\u00e1rez en el a\u00f1o 1960. As\u00ed esta jornada ha supuesto un suceso hist\u00f3rico para el futbol espa\u00f1ol, adem\u00e1s de sentar un precedente para las futbolistas espa\u00f1olas.<\/p>\n\n\n\n<p class=\"wp-block-paragraph\">La jugadora ha querido tambi\u00e9n se\u00f1alar que este reconocimiento ser\u00e1 \u201cun antes y un despu\u00e9s\u201d, t ha animado a las ni\u00f1as que quieran ser futbolistas a que crean en s\u00ed mismas y luchen por ello. Adem\u00e1s, ha remarcado que \u201cno hay excusa para que todo el mundo tenga el derecho a poder so\u00f1ar con ser futbolista y a hacerlo con unas condiciones dignas para ser profesional\u201d.<\/p>\n","protected":false},"excerpt":{"rendered":"<p>Alexia Putellas, la centrocampista del Futbol Club Barcelona y capitana de la selecci\u00f3n espa\u00f1ola, ha sido elegida como la mejor jugadora del mundo en 2021.<\/p>\n","protected":false},"author":3,"featured_media":43066,"comment_status":"open","ping_status":"open","sticky":false,"template":"","format":"standard","meta":{"_monsterinsights_skip_tracking":false,"footnotes":""},"categories":[692,53],"tags":[],"class_list":["post-43064","post","type-post","status-publish","format-standard","has-post-thumbnail","category-692","category-internacional"],"_links":{"self":[{"href":"https:\/\/redsemlac.com\/semmexico\/wp-json\/wp\/v2\/posts\/43064","targetHints":{"allow":["GET"]}}],"collection":[{"href":"https:\/\/redsemlac.com\/semmexico\/wp-json\/wp\/v2\/posts"}],"about":[{"href":"https:\/\/redsemlac.com\/semmexico\/wp-json\/wp\/v2\/types\/post"}],"author":[{"embeddable":true,"href":"https:\/\/redsemlac.com\/semmexico\/wp-json\/wp\/v2\/users\/3"}],"replies":[{"embeddable":true,"href":"https:\/\/redsemlac.com\/semmexico\/wp-json\/wp\/v2\/comments?post=43064"}],"version-history":[{"count":0,"href":"https:\/\/redsemlac.com\/semmexico\/wp-json\/wp\/v2\/posts\/43064\/revisions"}],"wp:featuredmedia":[{"embeddable":true,"href":"https:\/\/redsemlac.com\/semmexico\/wp-json\/wp\/v2\/media\/43066"}],"wp:attachment":[{"href":"https:\/\/redsemlac.com\/semmexico\/wp-json\/wp\/v2\/media?parent=43064"}],"wp:term":[{"taxonomy":"category","embeddable":true,"href":"https:\/\/redsemlac.com\/semmexico\/wp-json\/wp\/v2\/categories?post=43064"},{"taxonomy":"post_tag","embeddable":true,"href":"https:\/\/redsemlac.com\/semmexico\/wp-json\/wp\/v2\/tags?post=43064"}],"curies":[{"name":"wp","href":"https:\/\/api.w.org\/{rel}","templated":true}]}}