{"id":43059,"date":"2021-12-04T16:11:46","date_gmt":"2021-12-04T22:11:46","guid":{"rendered":"https:\/\/redsemlac.com\/semmexico\/?p=43059"},"modified":"2023-07-21T18:53:24","modified_gmt":"2023-07-21T23:53:24","slug":"10o-dia-de-accion-16-dias-queremosaccionesnosimulaciones","status":"publish","type":"post","link":"https:\/\/redsemlac.com\/semmexico\/10o-dia-de-accion-16-dias-queremosaccionesnosimulaciones\/","title":{"rendered":"10\u00ba. D\u00eda de acci\u00f3n\/16 d\u00edas| #QueremosAccionesNoSimulaciones"},"content":{"rendered":"\n<p class=\"wp-block-paragraph\">El feminicidio en Quintana Roo creci\u00f3 en 275 por ciento en 4 a\u00f1os<\/p>\n\n\n\n<p class=\"wp-block-paragraph\">S\u00f3lo este noviembre fueron asesinadas 6 mujeres, entre ellas una embarazada<\/p>\n\n\n\n<p class=\"wp-block-paragraph\">La Red Feminista Quintanarroense, denuncia que se rompen negociaciones y est\u00e1n pendientes todos los acuerdos<\/p>\n\n\n\n<p class=\"wp-block-paragraph\">Sara Lovera<\/p>\n\n\n\n<p class=\"wp-block-paragraph\">SemM\u00e9xico, Cd. de M\u00e9xico, 4 de diciembre, 2021.- La Red Feminista Quintanarroense denunci\u00f3 que, a pesar de sus acciones, que la entidad tiene el primer lugar de feminicidios en noviembre, el mes de las acciones contra la violencia feminicida, se suspendi\u00f3 el di\u00e1logo con la nueva presidenta municipal de Solidaridad, Lili Campos y alertaron sobre feminicidios no investigados por las autoridades.<\/p>\n\n\n\n<p class=\"wp-block-paragraph\">Igualmente inform\u00f3 la Red Feminista que fue el mes m\u00e1s violento contra las mujeres, 6 de ellas fueron asesinadas, una estaba s embarazada, ello a pesar de que fue declarada la Alerta de Violencia de G\u00e9nero contra las Mujeres AVGM desde hace 4 a\u00f1os y no obstante un c\u00famulo de acciones, protestas, demandas, di\u00e1logos de la Red que cumpli\u00f3 el 27 de noviembre un a\u00f1o de la toma del Congreso.<\/p>\n\n\n\n<p class=\"wp-block-paragraph\">En los tres \u00faltimos a\u00f1os de 2019 hasta el primer semestre de 2021 han ocurrido 45&nbsp;<strong>feminicidios en Quintana Roo<\/strong>. En 2019, fueron solo tres municipios quienes registraron ataques violentos contra las mujeres Canc\u00fan, Chetumal y Playa del Carmen con un total de 16 casos.<\/p>\n\n\n\n<p class=\"wp-block-paragraph\">Los 6 feminicidios de noviembre, suman a la incidencia que en Quintana Roo lleg\u00f3 a 1.72 de cada 100 mil mujeres, el tercer m\u00e1s alto de la Rep\u00fablica, con Oth\u00f3n P. Blanco y Benito Ju\u00e1rez en la lista de los 100 municipios con m\u00e1s feminicidios.<\/p>\n\n\n\n<p class=\"wp-block-paragraph\">Estos son los hechos: El 3 de noviembre fue hallado un cuerpo sin vida de una mujer en Playa del Carmen: el 17 Jazm\u00edn Gamboa Arias fue localizada sin vida; el 30 de noviembre se inform\u00f3 c\u00f3mo un novio asesin\u00f3 a una jovencita de 18 a\u00f1os, el 27 de noviembre Dayami Lozada, cantante cubana fue asesinada, el 29 Sativa N., una turista fue asesinada a golpes por su pareja, fue hallada en un hotel, y el 30 una mujer embarazada y su hija de cuatro a\u00f1os fueron halladas sin vidas.<\/p>\n\n\n\n<p class=\"wp-block-paragraph\">Quintana Roo, donde en el 2017 se registraron cuatro casos, para el cierre hecho por el Secretariado Ejecutivo del Sistema Nacional de Seguridad P\u00fablica (<a href=\"https:\/\/www.gob.mx\/sesnsp\">SESNSP<\/a>) en julio pasado, se contabilizaron 15 mujeres v\u00edctimas de feminicidios, es decir, un crecimiento de 275% de los casos.<\/p>\n\n\n\n<p class=\"wp-block-paragraph\">En el caso de Benito Ju\u00e1rez, que ocupa el s\u00e9ptimo lugar en la lista de los 100 municipios con m\u00e1s feminicidios en 2021, el municipio ha tenido 8 casos de enero a julio, m\u00e1s de la mitad de los que hay en el estado, mientras que Oth\u00f3n P. Blanco tiene 3 casos.<\/p>\n\n\n\n<p class=\"wp-block-paragraph\">Otro tema que destaca el informe de violencia contra la mujer del SESNSP es la incidencia de violaciones. Con 463 reportadas entre enero y julio, Quintana Roo lleg\u00f3 al primer lugar en incidencia, pues 26.29 mujeres entre cada 100 mil han sido v\u00edctimas.<\/p>\n\n\n\n<p class=\"wp-block-paragraph\">Adem\u00e1s, la entidad ocupa el primer lugar en incidencia de homicidios culposos de mujeres. con 11.58 entre cada 100 mil mujeres quintanarroenses, un total de 101 delitos de este tipo entre enero y julio del presente a\u00f1o<\/p>\n\n\n\n<p class=\"wp-block-paragraph\">Tambi\u00e9n en secuestros y trata de personas Quintana Roo ha destacado dentro de la estad\u00edstica, con el tercer lugar a nivel nacional, solo superado por Zacatecas y San Luis Potos\u00ed cuando se trata de secuestros; mientras que, en trata de personas, son Baja California y Nuevo Le\u00f3n los \u00fanicos estados que tiene mayor incidencia. Finalmente, hasta julio de 2021, Quintana Roo registra 20.89 v\u00edctimas de homicidio doloso por cada 100 mil habitantes. La entidad ocupa el d\u00e9cimo lugar, de acuerdo con los mapas y reportes de incidencia delictiva del SESNSP.<\/p>\n\n\n\n<p class=\"wp-block-paragraph\">Noviembre m\u00e1s violento<\/p>\n\n\n\n<p class=\"wp-block-paragraph\">El recuento de los medios de comunicaci\u00f3n y redes, es \u201cespeluznante\u201d, dicen las feministas, quienes no paran de exigir que toda muerte de mujer sea investigada con perspectiva de g\u00e9nero, todas muertes violentas de mujer deben iniciarse como feminicidio y descartar todas las l\u00edneas de investigaci\u00f3n.<\/p>\n\n\n\n<p class=\"wp-block-paragraph\">Informaron&nbsp; a todas las mujeres que asistieron a la marcha en conmemoraci\u00f3n al \u201cD\u00eda Internacional para la eliminaci\u00f3n de la violencia contra la mujer\u201d este 25 de noviembre y participaron en la construcci\u00f3n del pliego petitorio dirigido a <a href=\"https:\/\/www.facebook.com\/LiliCamposMiranda\/?__cft__%5b0%5d=AZXD7Ds1bIcYTbSx3fUJILEkAqi4COJwQkFfP-F2seBkhzK_n-nGqVtEAP4Gb5K-dQEOXuvNPq7HRtC2Q2gKlPcMggY44Kj8nKj6JNmQyFiR2tJfaLXu0rXeMnXM12zOofjP4IvsyedDghPYebmgxzpvodnQdF_BgRX6ZFPQlvQTkQ&amp;__tn__=kK-y-R\">Lili Campos<\/a> Presidenta Municipal de Solidaridad, que la cita a la que se comprometi\u00f3 a trav\u00e9s de la directora del Instituto de la Mujer para discutir el mismo FUE CANCELADA sin motivo ni nueva fecha.<\/p>\n\n\n\n<p class=\"wp-block-paragraph\">Esperaban que las movilizaciones y demandas pasaran a una mesa de di\u00e1logo en Canc\u00fan, sin embargo, est\u00e1n preocupadas por el impacto que \u00e9sta cancelaci\u00f3n podr\u00eda tener en los avances para la seguridad de mujeres y ni\u00f1as en este municipio.<\/p>\n\n\n\n<p class=\"wp-block-paragraph\">Y dijeron: Nosotras que caminamos por las calles todos los d\u00edas no podemos olvidar que vivimos en el estado con mayor tasa de feminicidios y v\u00edctimas de violaci\u00f3n en todo el pa\u00eds, en donde la violencia de pareja est\u00e1 muy por encima de la media nacional. Necesitamos acciones urgentes y nos alarma que no exista disposici\u00f3n para cambiar esta alarmante realidad.<\/p>\n\n\n\n<p class=\"wp-block-paragraph\">\u201cTenemos alerta de g\u00e9nero desde el 2017, pero la violencia contra las mujeres sigue en aumento y parece que las autoridades solo usan las brigadas de atenci\u00f3n contra la violencia como un simple slogan de marketing y para tomarse fotos vestidas de naranja, para despu\u00e9s regresar a casa rodeada de su escolta y olvide que en el resto de las mujeres que vivimos aqu\u00ed seguimos sin seguridad.<\/p>\n\n\n\n<p class=\"wp-block-paragraph\">UN A\u00d1O DE ESPERA<\/p>\n\n\n\n<p class=\"wp-block-paragraph\">Recordaron que el 27 de noviembre cumplieron&nbsp; un a\u00f1o de la toma pac\u00edfica de <a href=\"https:\/\/www.facebook.com\/CongresoQRoo\/?__cft__%5b0%5d=AZXTVQMBYAZWfBDfM6AHXCDOhnQrqzBCiq6qyGnNYa9fq3GQ8iGtWucTD21SeItQMzmL91YXHG8gJ3pjuJNE-O9Tz8Nj0SyP3hH-TxPTTf23XNPm0bAxzDFXMeyj1Lt0K2UMLiud7tTLAS8IkME9D9BV&amp;__tn__=kK-R\">Congreso del Estado de Quintana Roo<\/a>, \u201cLa Congresa\u201d,&nbsp; lo que representa un hecho hist\u00f3rico en el que mujeres organizadas levantamos la voz y pusimos el cuerpo durante 95 d\u00edas en plena pandemia por el virus COVID. 46 d\u00edas de ellos la pasamos sin energ\u00eda el\u00e9ctrica ni suministro de agua- para exigir se legislara sobre nuestro derecho a decidir.<\/p>\n\n\n\n<p class=\"wp-block-paragraph\">Aquella toma que evidenci\u00f3 varias realidades:<\/p>\n\n\n\n<p class=\"wp-block-paragraph\">Las autoridades, demostraron su poca formaci\u00f3n en materia de perspectiva de g\u00e9nero, derechos humanos y espec\u00edficamente respecto a lo que el derecho a la protesta pac\u00edfica implica.<\/p>\n\n\n\n<p class=\"wp-block-paragraph\">Logramos que el Gobierno del Estado, la Comisi\u00f3n de los Derechos Humanos del Estado de Quintana Roo, la Organizaci\u00f3n de las Naciones Unidas en M\u00e9xico y el mismo Mecanismo Nacional de Protecci\u00f3n de Defensoras de Derechos Humanos emitiera un reconocimiento al movimiento y adem\u00e1s exigieran el respeto a nuestra integridad durante la toma.<\/p>\n\n\n\n<p class=\"wp-block-paragraph\">Obtuvimos las cartas y posicionamientos de organizaciones e instituciones nacionales e internacionales en las que se recomend\u00f3 a las y los legisladores, una discusi\u00f3n basada en los avances cient\u00edficos y en la objetividad respecto al aborto seguro, legal y gratuito, as\u00ed como la realizaci\u00f3n de los foros, lo que fue fundamental para evidenciar que las y los legisladores que votaron en contra del dictamen, solo emitieron su voto basados en sus creencias religiosas, conveniencias partidistas y su indiferencia hacia la ciudadan\u00eda que los llevo a esos esca\u00f1os.<\/p>\n\n\n\n<p class=\"wp-block-paragraph\">Sentamos precedentes sobre la forma de ejercer el derecho de protesta y de libre manifestaci\u00f3n de las ideas, a trav\u00e9s de las marchas, concentraciones, pronunciamientos, comunicados, conferencias de prensa, mesas de trabajo, plant\u00f3n, Toma Pac\u00edfica del Congreso del Estado y la puesta -dos veces- de la Antimonumenta.<\/p>\n\n\n\n<p class=\"wp-block-paragraph\">Todo ello ha dejado pendiente el dictamen; contin\u00faa la violencia y ahora se cierra el di\u00e1logo<\/p>\n\n\n\n<p class=\"wp-block-paragraph\">Los asesinatos fueron documentados por los medios:<\/p>\n\n\n\n<p class=\"wp-block-paragraph\">Estas son las ligas:<\/p>\n\n\n\n<p class=\"wp-block-paragraph\">Playa del Carmen<\/p>\n\n\n\n<p class=\"wp-block-paragraph\"><img loading=\"lazy\" decoding=\"async\" width=\"16\" height=\"16\" src=\"\" alt=\"\u271d\ufe0f\">03\/11\/2021 Hallan cuerpo sin vida de una mujer en Playa del Carmen <img loading=\"lazy\" decoding=\"async\" width=\"16\" height=\"16\" src=\"\" alt=\"??\"><img loading=\"lazy\" decoding=\"async\" width=\"16\" height=\"16\" src=\"\" alt=\"??\"><a href=\"https:\/\/quintafuerza.mx\/quintana-roo\/playa-del-carmen\/hallan-cuerpo-sin-vida-de-una-mujer-en-playa-del-carmen\/?fbclid=IwAR2Koad1CXRuNiFBux_PLXIYZeBnZivW_HY9EtqhP2dede0DZMrGiiSMaJE\" target=\"_blank\" rel=\"noreferrer noopener\">https:\/\/quintafuerza.mx\/&#8230;\/hallan-cuerpo-sin-vida-de&#8230;\/<\/a><\/p>\n\n\n\n<p class=\"wp-block-paragraph\"><img loading=\"lazy\" decoding=\"async\" width=\"16\" height=\"16\" src=\"\" alt=\"\u271d\ufe0f\">17\/11\/2021 Jazm\u00edn Gamboa Arias <img loading=\"lazy\" decoding=\"async\" width=\"16\" height=\"16\" src=\"\" alt=\"??\"><img loading=\"lazy\" decoding=\"async\" width=\"16\" height=\"16\" src=\"\" alt=\"??\"><a href=\"https:\/\/l.facebook.com\/l.php?u=https%3A%2F%2Fwww.google.com%2Famp%2Fs%2Famp.milenio.com%2Festados%2Fplaya-carmen-hallan-cuerpo-mujer-signos-violencia%3Ffbclid%3DIwAR0BHjW-LmjrtpZlAX1vwftR5lccpKJWnULME3UFskpa_T9ZnxwJI6kDP2M&amp;h=AT2GU5hl-1Xzwi4qgFmxUU7TMhgFILrx4ryJzYA1E_y7uk46qlW_97NCMJE8Y21StKrB4xFvNrUss6ZUWbPogwxflzNNdWX3fX4T16RXtgxXl8fcXvyj57zAtIp91J4SRGUo9QVfgftLIzqvXzY3&amp;__tn__=-UK-R&amp;c%5b0%5d=AT0vCGVT2z_mpqXDo8NX1koc8yOR7NA6IWSuNQ5Ah7SENAyYuLCaWQdsp1sfB9SSuhmALQN3-vPtHjc-fRtOXhaZ5eiQxlUvuvycWv5xz7YYnN6qMLwovjfZjXdGPCSrpJxwBX6t-zDGXLbkHk-v5V581txvH900ToUKDgN1hqnxmA\" target=\"_blank\" rel=\"noreferrer noopener\">https:\/\/www.google.com\/&#8230;\/playa-carmen-hallan-cuerpo&#8230;<\/a><\/p>\n\n\n\n<p class=\"wp-block-paragraph\"><img loading=\"lazy\" decoding=\"async\" width=\"16\" height=\"16\" src=\"\" alt=\"\u271d\ufe0f\">30\/11\/2021 Ex novio asesina a jovencita de 18 a\u00f1os <img loading=\"lazy\" decoding=\"async\" width=\"16\" height=\"16\" src=\"\" alt=\"??\"><img loading=\"lazy\" decoding=\"async\" width=\"16\" height=\"16\" src=\"\" alt=\"??\"><a href=\"https:\/\/noticaribe.com.mx\/2021\/11\/30\/feminicidio-en-la-colosio-de-playa-ex-novio-asesina-a-jovencita-de-18-ansos-a-punaladas-en-negocio-sobre-la-transitada-avenida-30\/?fbclid=IwAR3yluP5xjn0SeIqC0LyslEEUGya-nyfdroP34yEPkli4B9y3zr70pXikvc\" target=\"_blank\" rel=\"noreferrer noopener\">https:\/\/noticaribe.com.mx\/&#8230;\/feminicidio-en-la-colosio&#8230;\/<\/a><\/p>\n\n\n\n<p class=\"wp-block-paragraph\">Canc\u00fan<\/p>\n\n\n\n<p class=\"wp-block-paragraph\"><img loading=\"lazy\" decoding=\"async\" width=\"16\" height=\"16\" src=\"\" alt=\"\u271d\ufe0f\">27\/11\/2021 Dayami Lozada cantante cubana asesinada <img loading=\"lazy\" decoding=\"async\" width=\"16\" height=\"16\" src=\"\" alt=\"??\"><img loading=\"lazy\" decoding=\"async\" width=\"16\" height=\"16\" src=\"\" alt=\"??\"><a href=\"https:\/\/l.facebook.com\/l.php?u=https%3A%2F%2Fwww.google.com%2Famp%2Fs%2Fwww.reporteindigo.com%2Freporte%2Fasesinan-a-la-cantante-dayami-lozada-conocida-como-la-barbie-de-la-salsa-en-cancun%2F%3Ffbclid%3DIwAR23XnG8Gk0nYqzGTx__Em-4F0TcQNKVC33IxYqpXM0DdGVfCfSSGnQeVsc&amp;h=AT32TD-mvAu7p78X2WcB95-BoBE2VfXJNA5fuq2CHDkj4u4WwH7mNWFal-gmMpcqT3unTV9nluUxVU1-v1AwuKfy8v5w1qHI7zmw1eLfKc0BJtp9pGh52DafSWZm3kypORLpXtMK3ejYkzYY6jcy&amp;__tn__=-UK-R&amp;c%5b0%5d=AT0vCGVT2z_mpqXDo8NX1koc8yOR7NA6IWSuNQ5Ah7SENAyYuLCaWQdsp1sfB9SSuhmALQN3-vPtHjc-fRtOXhaZ5eiQxlUvuvycWv5xz7YYnN6qMLwovjfZjXdGPCSrpJxwBX6t-zDGXLbkHk-v5V581txvH900ToUKDgN1hqnxmA\" target=\"_blank\" rel=\"noreferrer noopener\">https:\/\/www.google.com\/&#8230;\/asesinan-a-la-cantante-dayami&#8230;\/<\/a><\/p>\n\n\n\n<p class=\"wp-block-paragraph\"><img loading=\"lazy\" decoding=\"async\" width=\"16\" height=\"16\" src=\"\" alt=\"\u271d\ufe0f\">29\/11\/2021 Sativa N. turista asesinada a golpes por su pareja en un hotel <img loading=\"lazy\" decoding=\"async\" width=\"16\" height=\"16\" src=\"\" alt=\"??\"><img loading=\"lazy\" decoding=\"async\" width=\"16\" height=\"16\" src=\"\" alt=\"??\"><a href=\"https:\/\/turquesanews.mx\/cancun\/asesina-turista-a-su-pareja-en-un-hotel-en-cancun\/?fbclid=IwAR05HuEGALi8LLQsBQ42TMtIxhLeTGM1ctlj3J7P6IXQkVezpj4pawEihS0\" target=\"_blank\" rel=\"noreferrer noopener\">https:\/\/turquesanews.mx\/&#8230;\/asesina-turista-a-su-pareja&#8230;\/<\/a><\/p>\n\n\n\n<p class=\"wp-block-paragraph\"><img loading=\"lazy\" decoding=\"async\" width=\"16\" height=\"16\" src=\"\" alt=\"\u271d\ufe0f\">30\/11\/2021 Mujer embarazada y su hija de 4 a\u00f1os encontradas sin vida <img loading=\"lazy\" decoding=\"async\" width=\"16\" height=\"16\" src=\"\" alt=\"??\"><img loading=\"lazy\" decoding=\"async\" width=\"16\" height=\"16\" src=\"\" alt=\"??\"><a href=\"https:\/\/noticaribepeninsular.com.mx\/paseos-nikte-madre-presuntamente-embarazada-y-su-hija-de-4-anos-son-halladas-colgadas-en-un-departamento\/amp\/?fbclid=IwAR3qnd8kV-Nz6KJqf75k_T6HO3T9DljsCN0V6k6pbFaW_NaZ04hB6MGfw1k\" target=\"_blank\" rel=\"noreferrer noopener\">https:\/\/noticaribepeninsular.com.mx\/paseos-nikte&#8230;\/amp\/<\/a><\/p>\n\n\n\n<p class=\"wp-block-paragraph\">Si nos pudieran ayudar con los nombres de las mujeres que no tenemos, es muy importante para nosotras mencionarlas porque para nosotras no son cifras son vidas que nos han sido arrebatadas por la violencia machista.<\/p>\n\n\n\n<p class=\"wp-block-paragraph\"><a href=\"https:\/\/www.facebook.com\/hashtag\/quintanaroofeminicida?__eep__=6&amp;__cft__%5b0%5d=AZX8P4i0GdG5H3WVksHERKXjcKk7pxHztlTgclNmqhCwrCWEQAp2PLyQxE2hmJYTa11uJDh-YAphGWoxoE00_jUM51cfv4awrh_xLfztlHIp-o2nH952_oXbNPbOUCI0D-hEvvNBkEu16ErMKxxNQQug&amp;__tn__=*NK-R\">#QuintanaRooFeminicida<\/a><\/p>\n\n\n\n<p class=\"wp-block-paragraph\"><a href=\"https:\/\/www.facebook.com\/hashtag\/niunam%C3%A1s?__eep__=6&amp;__cft__%5b0%5d=AZX8P4i0GdG5H3WVksHERKXjcKk7pxHztlTgclNmqhCwrCWEQAp2PLyQxE2hmJYTa11uJDh-YAphGWoxoE00_jUM51cfv4awrh_xLfztlHIp-o2nH952_oXbNPbOUCI0D-hEvvNBkEu16ErMKxxNQQug&amp;__tn__=*NK-R\">#NiUnaM\u00e1s<\/a><\/p>\n\n\n\n<p class=\"wp-block-paragraph\">Seguimos de pie, luchando desde diferentes trincheras para que se garanticen nuestros derechos. Sabemos que estamos en un Quintana Roo feminicida, que vivimos en un M\u00e9xico feminicida y por eso estamos levantando la voz y luchando por nuestras vidas, porque \u00a1Nos queremos Vivas!<\/p>\n\n\n\n<p class=\"wp-block-paragraph\"><a href=\"https:\/\/www.facebook.com\/hashtag\/lacongresa?__eep__=6&amp;__cft__%5b0%5d=AZXTVQMBYAZWfBDfM6AHXCDOhnQrqzBCiq6qyGnNYa9fq3GQ8iGtWucTD21SeItQMzmL91YXHG8gJ3pjuJNE-O9Tz8Nj0SyP3hH-TxPTTf23XNPm0bAxzDFXMeyj1Lt0K2UMLiud7tTLAS8IkME9D9BV&amp;__tn__=*NK-R\">#LaCongresa<\/a> <a href=\"https:\/\/www.facebook.com\/hashtag\/redfeministaquintanarroense?__eep__=6&amp;__cft__%5b0%5d=AZXTVQMBYAZWfBDfM6AHXCDOhnQrqzBCiq6qyGnNYa9fq3GQ8iGtWucTD21SeItQMzmL91YXHG8gJ3pjuJNE-O9Tz8Nj0SyP3hH-TxPTTf23XNPm0bAxzDFXMeyj1Lt0K2UMLiud7tTLAS8IkME9D9BV&amp;__tn__=*NK-R\">#RedFeministaQuintanarroense<\/a><\/p>\n","protected":false},"excerpt":{"rendered":"<p>La Red Feminista Quintanarroense denunci\u00f3 que, a pesar de sus acciones, la entidad tiene el primer lugar de feminicidios en noviembre, el mes de las acciones contra la violencia feminicida, se suspendi\u00f3 el di\u00e1logo con la nueva presidenta municipal de Solidaridad, Lili Campos y alertaron sobre feminicidios no investigados por las autoridades.<\/p>\n","protected":false},"author":3,"featured_media":43065,"comment_status":"open","ping_status":"open","sticky":false,"template":"","format":"standard","meta":{"_monsterinsights_skip_tracking":false,"footnotes":""},"categories":[626,692],"tags":[],"class_list":["post-43059","post","type-post","status-publish","format-standard","has-post-thumbnail","category-16-dias","category-692"],"_links":{"self":[{"href":"https:\/\/redsemlac.com\/semmexico\/wp-json\/wp\/v2\/posts\/43059","targetHints":{"allow":["GET"]}}],"collection":[{"href":"https:\/\/redsemlac.com\/semmexico\/wp-json\/wp\/v2\/posts"}],"about":[{"href":"https:\/\/redsemlac.com\/semmexico\/wp-json\/wp\/v2\/types\/post"}],"author":[{"embeddable":true,"href":"https:\/\/redsemlac.com\/semmexico\/wp-json\/wp\/v2\/users\/3"}],"replies":[{"embeddable":true,"href":"https:\/\/redsemlac.com\/semmexico\/wp-json\/wp\/v2\/comments?post=43059"}],"version-history":[{"count":0,"href":"https:\/\/redsemlac.com\/semmexico\/wp-json\/wp\/v2\/posts\/43059\/revisions"}],"wp:featuredmedia":[{"embeddable":true,"href":"https:\/\/redsemlac.com\/semmexico\/wp-json\/wp\/v2\/media\/43065"}],"wp:attachment":[{"href":"https:\/\/redsemlac.com\/semmexico\/wp-json\/wp\/v2\/media?parent=43059"}],"wp:term":[{"taxonomy":"category","embeddable":true,"href":"https:\/\/redsemlac.com\/semmexico\/wp-json\/wp\/v2\/categories?post=43059"},{"taxonomy":"post_tag","embeddable":true,"href":"https:\/\/redsemlac.com\/semmexico\/wp-json\/wp\/v2\/tags?post=43059"}],"curies":[{"name":"wp","href":"https:\/\/api.w.org\/{rel}","templated":true}]}}