{"id":43056,"date":"2021-12-04T15:50:00","date_gmt":"2021-12-04T21:50:00","guid":{"rendered":"https:\/\/redsemlac.com\/semmexico\/?p=43056"},"modified":"2023-07-21T18:53:24","modified_gmt":"2023-07-21T23:53:24","slug":"10o-dia-de-activismo-las-migrantes-en-espana-por-confinamiento-victimas-de-violencia-machista-y-malos-servicios","status":"publish","type":"post","link":"https:\/\/redsemlac.com\/semmexico\/10o-dia-de-activismo-las-migrantes-en-espana-por-confinamiento-victimas-de-violencia-machista-y-malos-servicios\/","title":{"rendered":"10\u00ba. D\u00eda de activismo| Las Migrantes en Espa\u00f1a por confinamiento v\u00edctimas de violencia machista y malos servicios"},"content":{"rendered":"\n<p class=\"wp-block-paragraph\"><em>Durante m\u00e1s de un a\u00f1o vivieron no acceso a la informaci\u00f3n, miedo a denunciar y visi\u00f3n de ayuda sin orientaci\u00f3n multicultural<\/em><\/p>\n\n\n\n<p class=\"wp-block-paragraph\"><em>Un estudio realizado por Alianza por la Solidaridad-ActionAid y la Uni\u00f3n de Asociaciones Familiares (UNAF), en colaboraci\u00f3n con un equipo de la Universidad de Salamanca, confirma que la violencia de g\u00e9nero aument\u00f3 durante el estado de alarma<\/em><\/p>\n\n\n\n<p class=\"wp-block-paragraph\">Redacci\u00f3n<\/p>\n\n\n\n<p class=\"wp-block-paragraph\">SemM\u00e9xico\/AmecoPres, Madrid, Espa\u00f1a, 4 de diciembre, 2021.- \u00a0<em>Una investigaci\u00f3n sobre la violencia de g\u00e9nero durante la pandemia del COVID-19 revela las graves carencias en la atenci\u00f3n a la que se enfrentan las mujeres migrantes en Espa\u00f1a a la hora de recurrir a los servicios de atenci\u00f3n existentes en casos de emergencia. La falta de acceso a la informaci\u00f3n, el miedo a denunciar, la brecha digital y la falta de abordajes multiculturales, que potencian un tratamiento paternalista, cuando no racista, han supuesto graves barreras a las que han tenido que enfrentar las mujeres durante los confinamientos del pasado a\u00f1o.<\/em><\/p>\n\n\n\n<p class=\"wp-block-paragraph\">El informe \u201cLa violencia de g\u00e9nero contra las mujeres en contextos de emergencia: la respuesta a la crisis del COVID-19 en Espa\u00f1a\u201d, que ha sido elaborado por Alianza por la Solidaridad-ActionAid y la Uni\u00f3n de Asociaciones Familiares (UNAF), en colaboraci\u00f3n con un equipo de la Universidad de Salamanca, ha tenido como objetivo analizar c\u00f3mo han funcionado los recursos existentes y las estrategias disponibles en el caso de una emergencia, como la que supusieron los meses de confinamiento estricto, entre marzo-junio de 2020, en Espa\u00f1a debido a la pandemia global. En el informe se ha constatado que las mujeres en mayor estado de vulnerabilidad fueron quienes sufrieron este incremento de la violencia machista, siendo las migrantes las m\u00e1s afectadas.<\/p>\n\n\n\n<p class=\"wp-block-paragraph\">S\u00f3lo en las primeras dos semanas de confinamiento, las llamadas al 016 aumentaron un 12,4 por ciento y las consultas online un 269,57 por ciento con relaci\u00f3n al mismo per\u00edodo del a\u00f1o anterior; siendo las mujeres migrantes las que est\u00e1n m\u00e1s representadas en ambos casos, en proporci\u00f3n al porcentaje de la poblaci\u00f3n que suponen. El aumento del trabajo en el hogar, la p\u00e9rdida del empleo, la inestabilidad econ\u00f3mica y la presencia continua del maltratador que les imped\u00eda buscar ayuda fuera, son los factores causantes del mayor grado de violencia de g\u00e9nero en esos meses dentro de sus hogares.<\/p>\n\n\n\n<p class=\"wp-block-paragraph\">Un 87\u20194&nbsp;% de profesionales indicaron que durante el confinamiento la violencia de g\u00e9nero se produc\u00eda de manera m\u00e1s agresiva<\/p>\n\n\n\n<p class=\"wp-block-paragraph\">A trav\u00e9s de este estudio se llev\u00f3 a cabo un cuestionario en el que participaron m\u00e1s de 190 profesionales de las \u00e1reas de Trabajo Social, Psicolog\u00eda, Educaci\u00f3n Social, Abogac\u00eda, Medicina y Enfermer\u00eda. A estas profesionales se les pregunt\u00f3 sobre la asistencia que tuvieron que proporcionar en base a la violencia de g\u00e9nero.<\/p>\n\n\n\n<p class=\"wp-block-paragraph\">El 77 por ciento de las profesionales indic\u00f3 haber detectado y\/o atendido alg\u00fan caso de violencia de g\u00e9nero durante ese per\u00edodo. El 88% ha indicado que el confinamiento (agrav\u00f3 la situaci\u00f3n de la violencia de g\u00e9nero, pero adem\u00e1s el 87,4% indic\u00f3 que no solo se aument\u00f3 la cantidad de casos, sino adem\u00e1s la gravedad de la violencia de g\u00e9nero que se ha producido. En los tipos m\u00e1s frecuentes de violencia de g\u00e9nero se se\u00f1alaron: violencia psicol\u00f3gica (97,9%), la sexual (76,4%), la f\u00edsica (67%), la social (35,1%), la negaci\u00f3n de dinero por parte del c\u00f3nyuge o pareja (29,8%) y la negaci\u00f3n de alimentos (20,4%).<\/p>\n\n\n\n<p class=\"wp-block-paragraph\">Las profesionales que trabajan en la primera l\u00ednea de atenci\u00f3n, tanto de recursos p\u00fablicos como en organizaciones no gubernamentales, durante el confinamiento han atravesado grandes retos y dificultades por la necesidad de readaptar los servicios y la imposibilidad en algunos casos, de mantener el contacto con las mujeres y brindarles una respuesta adecuada, sobre todo por parte de los recursos de acogida donde la demanda se ha visto muy incrementada.<\/p>\n\n\n\n<p class=\"wp-block-paragraph\">El estudio, que se hizo desde una perspectiva interseccional, ha revelado que las mujeres migrantes son quienes sufrieron mayor riesgo por violencia de g\u00e9nero durante el confinamiento. La investigaci\u00f3n revela las graves carencias en la atenci\u00f3n a la que se enfrentan las mujeres migrantes en Espa\u00f1a a la hora de recurrir a los servicios de atenci\u00f3n existentes en casos de emergencia. La falta de acceso a la informaci\u00f3n, el miedo a denunciar, la brecha digital y la falta de abordajes multiculturales, que potencian un tratamiento paternalista y racista, han supuesto graves barreras a las que han tenido que enfrentar las mujeres durante los confinamientos del pasado a\u00f1o. A los motivos que se dieron por parte de las mujeres migrantes se a\u00f1ade la barrera ling\u00fc\u00edstica, la situaci\u00f3n migratoria y la falta de redes de apoyo.<\/p>\n\n\n\n<p class=\"wp-block-paragraph\">La conclusi\u00f3n final del estudio advierte que, ante el aumento alarmante de los casos de violencia machista durante la etapa de confinamiento, no se han contado con suficientes herramientas institucionales para poder hacer frente a esta problem\u00e1tica. Se ha podido constatar que esta situaci\u00f3n no ha sido contextual, sino que es preexistente y supone un problema estructural que tambi\u00e9n ha supuesto grandes dificultades en las respuestas ante en el recrudecimiento de la violencia en los meses posteriores al confinamiento.<\/p>\n\n\n\n<p class=\"wp-block-paragraph\">El informe completo se puede descargar&nbsp;<a href=\"https:\/\/www.alianzaporlasolidaridad.org\/axs2020\/wp-content\/uploads\/informe-violencia-v2.pdf\"><strong>aqu\u00ed<\/strong><\/a>. La investigaci\u00f3n de Alianza-ActionAid y la UNAF y la Universidad de Salamanca realizada sobre violencia ser\u00e1 presentada el pr\u00f3ximo 30 de noviembre en un encuentro digital.<\/p>\n\n\n\n<p class=\"wp-block-paragraph\"><strong>Foto: archivo AmecoPress<\/strong><\/p>\n\n\n\n<p class=\"wp-block-paragraph\"><strong>Pie de foto: 1) Cartel<\/strong><\/p>\n","protected":false},"excerpt":{"rendered":"<p>Una investigaci\u00f3n sobre la violencia de g\u00e9nero durante la pandemia del COVID-19 revela las graves carencias en la atenci\u00f3n a la que se enfrentan las mujeres migrantes en Espa\u00f1a a la hora de recurrir a los servicios de atenci\u00f3n existentes en casos de emergencia.<\/p>\n","protected":false},"author":3,"featured_media":43057,"comment_status":"open","ping_status":"open","sticky":false,"template":"","format":"standard","meta":{"_monsterinsights_skip_tracking":false,"footnotes":""},"categories":[626,692],"tags":[],"class_list":["post-43056","post","type-post","status-publish","format-standard","has-post-thumbnail","category-16-dias","category-692"],"_links":{"self":[{"href":"https:\/\/redsemlac.com\/semmexico\/wp-json\/wp\/v2\/posts\/43056","targetHints":{"allow":["GET"]}}],"collection":[{"href":"https:\/\/redsemlac.com\/semmexico\/wp-json\/wp\/v2\/posts"}],"about":[{"href":"https:\/\/redsemlac.com\/semmexico\/wp-json\/wp\/v2\/types\/post"}],"author":[{"embeddable":true,"href":"https:\/\/redsemlac.com\/semmexico\/wp-json\/wp\/v2\/users\/3"}],"replies":[{"embeddable":true,"href":"https:\/\/redsemlac.com\/semmexico\/wp-json\/wp\/v2\/comments?post=43056"}],"version-history":[{"count":0,"href":"https:\/\/redsemlac.com\/semmexico\/wp-json\/wp\/v2\/posts\/43056\/revisions"}],"wp:featuredmedia":[{"embeddable":true,"href":"https:\/\/redsemlac.com\/semmexico\/wp-json\/wp\/v2\/media\/43057"}],"wp:attachment":[{"href":"https:\/\/redsemlac.com\/semmexico\/wp-json\/wp\/v2\/media?parent=43056"}],"wp:term":[{"taxonomy":"category","embeddable":true,"href":"https:\/\/redsemlac.com\/semmexico\/wp-json\/wp\/v2\/categories?post=43056"},{"taxonomy":"post_tag","embeddable":true,"href":"https:\/\/redsemlac.com\/semmexico\/wp-json\/wp\/v2\/tags?post=43056"}],"curies":[{"name":"wp","href":"https:\/\/api.w.org\/{rel}","templated":true}]}}