{"id":43050,"date":"2021-12-04T14:55:32","date_gmt":"2021-12-04T20:55:32","guid":{"rendered":"https:\/\/redsemlac.com\/semmexico\/?p=43050"},"modified":"2023-07-21T18:53:24","modified_gmt":"2023-07-21T23:53:24","slug":"la-intersexualidad-puesta-a-debate-urge-a-no-discriminar-y-entender-a-una-comunidad-discriminada","status":"publish","type":"post","link":"https:\/\/redsemlac.com\/semmexico\/la-intersexualidad-puesta-a-debate-urge-a-no-discriminar-y-entender-a-una-comunidad-discriminada\/","title":{"rendered":"La intersexualidad puesta a debate urge a no discriminar y entender a una comunidad discriminada"},"content":{"rendered":"\n<p class=\"wp-block-paragraph\">Hacer visible sus entretelones contribuye el video La Duda y el texto de la autora Adi\u00f3s al Futuro<\/p>\n\n\n\n<p class=\"wp-block-paragraph\">Ciclo \u201cLiteratura, afectos y corporalidades\u201d del Centro de Investigaciones y Estudios de G\u00e9nero (CIEG UNAM).<\/p>\n\n\n\n<p class=\"wp-block-paragraph\">Elda Montiel<\/p>\n\n\n\n<p class=\"wp-block-paragraph\">SemM\u00e9xico, Cd. de M\u00e9xico, 4 de diciembre 2021.- \u00bfQu\u00e9 pensar\u00edan de tener un cuerpo distinto? \u00bfQu\u00e9 pensar\u00edan como madres que su hijo tendr\u00e1 un recorrido distinto a la heterosexualidad? \u00bfDe un futuro incierto y que la opci\u00f3n es una cirug\u00eda con la complicidad de las instituciones de tercer nivel de salud para determinar la identidad por g\u00e9nero?<\/p>\n\n\n\n<p class=\"wp-block-paragraph\">Todas estas interrogantes surgen con el video \u201cLa Duda\u201d realizado por Adi\u00f3s al Futuro, la artista audiovisual y textual durante el conversatorio y presentaci\u00f3n del libro de su autor\u00eda \u201cIntersexual\u201d.<\/p>\n\n\n\n<p class=\"wp-block-paragraph\">Se cont\u00f3 con la participaci\u00f3n de la psic\u00f3loga y especialista, investigadora en la UAM Xochimilco Eva Alc\u00e1ntara, con lo que culmina el ciclo \u201cLiteratura, afectos y corporalidades\u201d del Centro de Investigaciones y Estudios de G\u00e9nero (CIEG UNAM).<\/p>\n\n\n\n<p class=\"wp-block-paragraph\">Eva Alc\u00e1ntara inici\u00f3 su participaci\u00f3n con la proyecci\u00f3n del video \u201cLa Duda\u201d, ya que es un video testimonial donde se escuchan las voces de las personas intersex que nacen con caracter\u00edsticas genitales, las g\u00f3nadas y los patrones cromos\u00f3micos que no corresponden con las t\u00edpicas nociones binarias sobre los cuerpos masculinos o femeninos.<\/p>\n\n\n\n<p class=\"wp-block-paragraph\">Tambi\u00e9n se escuchan las voces de las madres cuando se enfrentan a un futuro incierto, tienen la idea de que su hijo tendr\u00e1n un recorrido diferente a la heterosexualidad, ven incluso que la vida de un bebe no es viable y ven la muerte del bebe como la \u00fanica soluci\u00f3n posible.<\/p>\n\n\n\n<p class=\"wp-block-paragraph\">\u201cIntersex es un t\u00e9rmino que describe una amplia gama de variaciones naturales del cuerpo\u201d, ha dicho la investigadora que ha estudiado el tema para su tesis doctoral.<\/p>\n\n\n\n<p class=\"wp-block-paragraph\">Cuestiona la pr\u00e1ctica de las intervenciones quir\u00fargicas a muy temprana edad por los m\u00e9dicos para definir el sexo de la persona intersex: \u00bfporque se quiere cortar un pene si puede ser lo que abra el camino al erotismo y al placer? por lo que asegura que el sexo es algo social.<\/p>\n\n\n\n<p class=\"wp-block-paragraph\"><strong>Hay que cambiar a las instituciones, las normas<\/strong><\/p>\n\n\n\n<p class=\"wp-block-paragraph\">Hay muchas formas de ser mujeres, hay muchas formas ser hombre, lo que hay que cambiar es a las instituciones, hoy se necesitan normas distintas. La intersexualidad demuestra que hay una gran variabilidad corporal, las personas pueden tener expresiones corporales muy diferentes.<\/p>\n\n\n\n<p class=\"wp-block-paragraph\">La intersexualidad fue construida como un problema por el discurso m\u00e9dico en la segunda mitad del siglo XIX. Los m\u00e9dicos, desde entonces y hasta el d\u00eda de hoy, se han abocado a describirla y tratarla en la b\u00fasqueda en el cuerpo de los l\u00edmites de aquello llamado sexo, que justificara y validara el lugar en el mundo de hombres y, en especial, de mujeres.<\/p>\n\n\n\n<p class=\"wp-block-paragraph\">Fuera del campo m\u00e9dico, cuyo enfoque rara vez detenta una mirada cr\u00edtica de sus pr\u00e1cticas y discursos, la gente dedicada a las ciencias sociales o las humanidades que logra percibir la complejidad de este tema es poca, ha se\u00f1alado la especialista en temas de la mujer al citar a Ana Aoi activista mexicana intersex.<\/p>\n\n\n\n<p class=\"wp-block-paragraph\">\u00bfEn d\u00f3nde estaba la intersexualidad?&nbsp; \u00bfEn el lenguaje codificado del expediente cl\u00ednico, en el infante que con frecuencia desconoc\u00eda su diagn\u00f3stico? \u00bfEn la mirada de los angustiados padres, en la crueldad de la respuesta social? pregunta la acad\u00e9mica.<\/p>\n\n\n\n<p class=\"wp-block-paragraph\">La historia de la intersexualidad sujeta a la presentaci\u00f3n del sexo en el cuerpo llega a ser identificada en la actualidad como una anormalidad anat\u00f3mica, una deformaci\u00f3n. Otros autores van a hablar lo que ha ido ocurriendo una fragmentaci\u00f3n del sexo, una categor\u00eda, una apariencia exterior del cuerpo: Formas genitales al nacimiento; cambios corporales presentados en la pubertad; potencialidad reproductiva en el cuerpo adulto; tama\u00f1o del falo y lugar donde se encuentran los orificios uretral y vaginal; presencia y morfolog\u00eda de los \u00f3rganos reproductores internos.<\/p>\n\n\n\n<p class=\"wp-block-paragraph\">Sin embargo, el sujeto no va a tener voz ni voto, la medicina va a hurgar en el cuerpo va a abrir, va a coser, va a extraer.<\/p>\n\n\n\n<p class=\"wp-block-paragraph\">Eva Alc\u00e1ntara expresa que cuando vio el libro \u201cIntersexual\u201d de Adi\u00f3s al Futuro quedo impactada. Justo el trabajo de Adi\u00f3s al futuro, dijo, se vuelve central para abordar esta complejidad, la primera vez que alguien escucha del tema, la respuesta suele ser de perplejidad, de silencio, un poco empezar hablando de estas representaciones en conceptos particulares.<\/p>\n\n\n\n<p class=\"wp-block-paragraph\">Algunas de estas variaciones se expresan y son visibles al nacer, mientras que otras se presentan gradualmente o son perceptibles en la adolescencia. Incluso pueden existir situaciones en donde las variaciones del cuerpo no revelen la presencia de diferencias f\u00edsicas evidentes.<\/p>\n\n\n\n<p class=\"wp-block-paragraph\">Este momento donde la intersexualidad muestra que produce fuera del expediente m\u00e9dico, la forma en la cual las personas interpelan eso que fue un tratamiento supuestamente a favor de su bienestar, un momento de demostrar aqu\u00ed como el tema entra en el circuito de los derechos humanos, como lo hace el fil\u00f3sofo argentino y activista intersex y trans Mauro Cabral.<\/p>\n\n\n\n<p class=\"wp-block-paragraph\">Eva Alc\u00e1ntara expresa que la intersexualidad muestra que no es un tema que competa a unos cuantos. La intersexualidad rompe las fronteras de la inteligibilidad del cuerpo humano, las certezas sobre la existencia de un sexo natural primario, que desplegar\u00eda en cascada una serie de conductas, formas, orientaciones y preferencias naturales. En este sentido, la intersexualidad nos habla a cada uno de nosotros, nos muestra nuestra propia ficci\u00f3n identitaria nos acerca a la incertidumbre de la identidad.<\/p>\n\n\n\n<p class=\"wp-block-paragraph\">Podemos ver el alcancen de la experiencia intersexual, piensan que solo ata\u00f1e a pocas personas, de lo que se trata es pensar la intersexualidad particularmente como van enlaz\u00e1ndose acontecimientos en distintos niveles en Am\u00e9rica Latina, en M\u00e9xico y en Europa.<\/p>\n\n\n\n<p class=\"wp-block-paragraph\">En la actualidad es una comunidad peque\u00f1a pero s\u00f3lida y tienen una posici\u00f3n clara de interpelaci\u00f3n. Existen proyectos serios fundamentales \u201cBr\u00fajula Intersexual\u201d desde el 2013 que es un proyecto muy potente y se configura como una comunidad y un movimiento. &nbsp;<\/p>\n\n\n\n<p class=\"wp-block-paragraph\"><strong>Las personas intersex comenzaron a interpelar el \u201csupuesto\u201d bien de hurgar en sus cuerpos en la infancia<\/strong><\/p>\n\n\n\n<p class=\"wp-block-paragraph\">Mientras que Adi\u00f3s al Futuro advierte que no es un libro es una obra como artista conceptual, y visual que es el, y que fue una investigaci\u00f3n que inicio en el 2015, que le cost\u00f3 mucho trabajo materializarlo como una pieza art\u00edstica. Surgi\u00f3 la posibilidad de entablar di\u00e1logos no solo con la comunidad intersex sino a hacer alianzas con la diversidad sexual.<\/p>\n\n\n\n<p class=\"wp-block-paragraph\">Al respecto indico que incluso dentro del llamado movimiento l\u00e9sbico, gay, bisexual, travesti, transg\u00e9nero y transexual (LGBT), que recientemente agreg\u00f3 la letra \u201cI\u201d a sus siglas, hay activistas que desconocen esta realidad. Se\u00f1al\u00f3 que el feminismo es muy importante ya que habla de una naturalidad de todas las posibilidades de ser.&nbsp;<\/p>\n\n\n\n<p class=\"wp-block-paragraph\">Explic\u00f3 que cuando uno no est\u00e1 inserto en el ambiente m\u00e9dico todo es un secreto, hay que guardarlo, pero desde hace 30 a\u00f1os las personas intersex empezamos a tener la fortaleza para enfrentar esas experiencias de la infancia, que lo que les sucedi\u00f3 era innecesario y tienen que lidiar con las secuelas.<\/p>\n\n\n\n<p class=\"wp-block-paragraph\">Este sistema social y m\u00e9dico que ha estado haci\u00e9ndonos pedacitos a los que nacemos con estas caracter\u00edsticas visibles. Cuando nuestros cuerpos no pueden generar las categor\u00edas espec\u00edficas de hombre o mujer, hay un p\u00e1nico social muy fuerte. \u201cEst\u00e1 muy jodido lo que hacen con nuestra infancia, porque los m\u00e9dicos dicen que hay que hacerlos a edad muy temprana para que no se acuerden\u201d.<\/p>\n\n\n\n<p class=\"wp-block-paragraph\">\u201cMi cuerpo reacciona a muchas cosas, ha sido muy azaroso por lo que es necesario mencionarlo para materializarlo\u201d.<\/p>\n\n\n\n<p class=\"wp-block-paragraph\">\u201cComo activista, agrego, tenemos que hablar de la angustia de morir, desaparecer, que hacen que odiemos a nuestro cuerpo, que nos fue negado desde al principio negando su complejidad\u201d.<\/p>\n\n\n\n<p class=\"wp-block-paragraph\">Explico que en el Proyecto Intersex nos acercamos a m\u00e9dicos con una visi\u00f3n m\u00e1s abierta incluso en Guadalajara que la sociedad es muy polarizada y donde hay mucha violencia por el crimen organizado.<\/p>\n\n\n\n<p class=\"wp-block-paragraph\">Finamente Adi\u00f3s al Futuro precisa que usa el arte par a difundir las experiencias de la comunidad intersexual.<\/p>\n\n\n\n<p class=\"wp-block-paragraph\">Eva Alc\u00e1ntara (foto)<\/p>\n\n\n\n<figure class=\"wp-block-image size-large\"><a href=\"https:\/\/redsemlac.com\/semmexico\/wp-content\/uploads\/2021\/12\/Eva-Alcantara.png\"><img decoding=\"async\" src=\"https:\/\/redsemlac.com\/semmexico\/wp-content\/uploads\/2021\/12\/Eva-Alcantara-1024x575.png\" alt=\"\" class=\"wp-image-43053\"\/><\/a><\/figure>\n\n\n\n<p class=\"wp-block-paragraph\">Foto: Adi\u00f3s al Futuro<\/p>\n\n\n\n<figure class=\"wp-block-image size-full\"><a href=\"https:\/\/redsemlac.com\/semmexico\/wp-content\/uploads\/2021\/12\/Foto-Adios-al-Futuro.png\"><img loading=\"lazy\" decoding=\"async\" width=\"680\" height=\"383\" src=\"https:\/\/redsemlac.com\/semmexico\/wp-content\/uploads\/2021\/12\/Foto-Adios-al-Futuro.png\" alt=\"\" class=\"wp-image-43054\"\/><\/a><\/figure>\n","protected":false},"excerpt":{"rendered":"<p>Se cont\u00f3 con la participaci\u00f3n de la psic\u00f3loga y especialista, investigadora en la UAM Xochimilco Eva Alc\u00e1ntara, con lo que culmina el ciclo \u201cLiteratura, afectos y corporalidades\u201d del Centro de Investigaciones y Estudios de G\u00e9nero (CIEG UNAM).<\/p>\n","protected":false},"author":3,"featured_media":43051,"comment_status":"open","ping_status":"open","sticky":false,"template":"","format":"standard","meta":{"_monsterinsights_skip_tracking":false,"footnotes":""},"categories":[692,54],"tags":[],"class_list":["post-43050","post","type-post","status-publish","format-standard","has-post-thumbnail","category-692","category-mujeres"],"_links":{"self":[{"href":"https:\/\/redsemlac.com\/semmexico\/wp-json\/wp\/v2\/posts\/43050","targetHints":{"allow":["GET"]}}],"collection":[{"href":"https:\/\/redsemlac.com\/semmexico\/wp-json\/wp\/v2\/posts"}],"about":[{"href":"https:\/\/redsemlac.com\/semmexico\/wp-json\/wp\/v2\/types\/post"}],"author":[{"embeddable":true,"href":"https:\/\/redsemlac.com\/semmexico\/wp-json\/wp\/v2\/users\/3"}],"replies":[{"embeddable":true,"href":"https:\/\/redsemlac.com\/semmexico\/wp-json\/wp\/v2\/comments?post=43050"}],"version-history":[{"count":0,"href":"https:\/\/redsemlac.com\/semmexico\/wp-json\/wp\/v2\/posts\/43050\/revisions"}],"wp:featuredmedia":[{"embeddable":true,"href":"https:\/\/redsemlac.com\/semmexico\/wp-json\/wp\/v2\/media\/43051"}],"wp:attachment":[{"href":"https:\/\/redsemlac.com\/semmexico\/wp-json\/wp\/v2\/media?parent=43050"}],"wp:term":[{"taxonomy":"category","embeddable":true,"href":"https:\/\/redsemlac.com\/semmexico\/wp-json\/wp\/v2\/categories?post=43050"},{"taxonomy":"post_tag","embeddable":true,"href":"https:\/\/redsemlac.com\/semmexico\/wp-json\/wp\/v2\/tags?post=43050"}],"curies":[{"name":"wp","href":"https:\/\/api.w.org\/{rel}","templated":true}]}}