{"id":43045,"date":"2021-12-04T13:56:29","date_gmt":"2021-12-04T19:56:29","guid":{"rendered":"https:\/\/redsemlac.com\/semmexico\/?p=43045"},"modified":"2023-07-21T18:53:24","modified_gmt":"2023-07-21T23:53:24","slug":"madrid-acoge-la-exposicion-vida-y-obra-de-frida-kahlo","status":"publish","type":"post","link":"https:\/\/redsemlac.com\/semmexico\/madrid-acoge-la-exposicion-vida-y-obra-de-frida-kahlo\/","title":{"rendered":"Madrid acoge la exposici\u00f3n \u201cVida y obra de Frida Kahlo\u201d"},"content":{"rendered":"\n<p class=\"wp-block-paragraph\">El objetivo es acercar al gran p\u00fablico algunas de las obras maestras de la pintora<\/p>\n\n\n\n<p class=\"wp-block-paragraph\">Dise\u00f1ada y producida por ACCIONA Ingenier\u00eda Cultural, abierta del 2 de diciembre al 1\u00ba. de abril en el Teatro Instante <\/p>\n\n\n\n<p class=\"wp-block-paragraph\">Redacci\u00f3n<\/p>\n\n\n\n<p class=\"wp-block-paragraph\">SemM\u00e9xico\/AmecoPress, Madrid, Espa\u00f1a, 4 de diciembre, 2020.-&nbsp;<em>La exposici\u00f3n sonora y visual Vida y Obra de Frida Kahlo, dise\u00f1ada, producida y promovida por ACCIONA desde su \u00e1rea de gesti\u00f3n y producci\u00f3n cultural ACCIONA Ingenier\u00eda Cultural, se inaugur\u00f3 este jueves, 2 de diciembre, en un espacio expositivo creado ad hoc para esta muestra en el madrile\u00f1o barrio de Delicias (Teatro Instante, C\/Palos de la Frontera 20).<\/em><\/p>\n\n\n\n<p class=\"wp-block-paragraph\">Vida y Obra de Frida Kahlo ofrece al visitante una experiencia a medio camino entre el cine, el espect\u00e1culo audiovisual a gran escala y la muse\u00edstica tradicional, que rinde homenaje a esta pintora mexicana mediante m\u00e1s de un centenar de obras pl\u00e1sticas, literarias y fotogr\u00e1ficas. A trav\u00e9s de 2.500 fotogramas animados pintados a mano por diversos artistas, la exposici\u00f3n da vida a las obras maestras de Frida Kahlo.<\/p>\n\n\n\n<p class=\"wp-block-paragraph\">Para ello, ACCIONA Ingenier\u00eda Cultural ha dise\u00f1ado un espacio expositivo innovador en una antigua cochera de autobuses que cuenta con 1.129 m2 de superficie de proyecci\u00f3n HD (incluyendo paredes y suelos) y 38 proyectores de \u00faltima generaci\u00f3n.<\/p>\n\n\n\n<p class=\"wp-block-paragraph\">La exposici\u00f3n ha sido patrocinada por Roxana Vel\u00e1squez Mart\u00ednez del Campo, directora ejecutiva del Museo de Arte de San Diego, y Deidr\u00e9 Guevara, comisaria de la exposici\u00f3n Frida y yo en el Museo Georges Pompidou de Paris.<\/p>\n\n\n\n<p class=\"wp-block-paragraph\">El objetivo de Vida y Obra de Frida Kahlo es acercar al gran p\u00fablico algunas de las obras maestras de la pintora (como sus famosos autorretratos, La venada herida o el dedicado al Doctor Eloesser) y otras menos conocidas (como El suicidio de Dorothy Hale, o Lo que el agua me dio), pero tambi\u00e9n contextualizar su figura y poner de relieve su resiliencia y fortaleza personal.<\/p>\n\n\n\n<p class=\"wp-block-paragraph\">Para ello, la exposici\u00f3n brinda una interpretaci\u00f3n art\u00edstica de la obra y vida de Frida Kahlo, invitando al visitante a descubrir sus m\u00faltiples facetas: como mujer, como pintora y como figura hist\u00f3rica.<\/p>\n\n\n\n<p class=\"wp-block-paragraph\">La narraci\u00f3n est\u00e1 organizada en tres grandes tem\u00e1ticas. La primera parte muestra a la artista en todo su esplendor, creando un paralelismo entre la obra de Frida y testimonios de sus contempor\u00e1neos para transmitir al p\u00fablico la relevancia de la pintora en el ambiente intelectual y art\u00edstico de su \u00e9poca. La segunda parte introduce su faceta m\u00e1s \u00edntima. Presenta a la familia Kahlo, haciendo alusi\u00f3n a las ra\u00edces y amistades de la artista, y profundiza en un acontecimiento clave de su historia, el traum\u00e1tico accidente que la hizo renacer como pintora. La tercera parte recrea la Casa Azul, el hogar donde Frida Kahlo naci\u00f3, vivi\u00f3, pint\u00f3 y muri\u00f3.<\/p>\n\n\n\n<p class=\"wp-block-paragraph\">Las t\u00e9cnicas creativas y de producci\u00f3n empleadas para el desarrollo de la pieza audiovisual han buscado la mejor manera de reproducir y reinterpretar el estilo pict\u00f3rico de la artista. En este sentido, se ha llevado a cabo una investigaci\u00f3n gr\u00e1fica de su pintura para as\u00ed poder dar vida a elementos y personajes de su obra a partir de numerosos bocetos hechos a mano. Igualmente, para recrear ambientes y contextualizar acontecimientos de su vida, se han creado ilustraciones que mezclan fotos, dibujos y collages, en una interpretaci\u00f3n simb\u00f3lica y surrealista del mundo de Frida.<\/p>\n\n\n\n<p class=\"wp-block-paragraph\">En paralelo, cada escena se ha trabajado musicalmente para la creaci\u00f3n de una banda sonora original a cargo del compositor y pianista Arturo Cardel\u00fas, nominado a un premio Goya. En la composici\u00f3n musical se han empleado t\u00e9cnicas cinematogr\u00e1ficas con el objetivo de establecer ritmos emocionales y potenciar la narrativa visual, haciendo uso de una gran diversidad de instrumentos y efectos de sonido, que se han combinado con m\u00fasica tradicional europea y mexicana, en clara referencia a los or\u00edgenes de la artista. La banda sonora ha sido grabada con la Budapest Art Orchestra de la mano de su director de orquesta, Peter Pejtsik.<\/p>\n\n\n\n<p class=\"wp-block-paragraph\">La visita tiene una duraci\u00f3n estimada de una hora y un aforo m\u00e1ximo de 230 personas, que se ajustar\u00e1 en funci\u00f3n de las condiciones sanitarias para garantizar la seguridad frente al Covid-19.<\/p>\n\n\n\n<p class=\"wp-block-paragraph\"><strong>Impacto positivo<\/strong><\/p>\n\n\n\n<p class=\"wp-block-paragraph\">Otro de los aspectos innovadores de esta muestra es su compromiso con la generaci\u00f3n de un impacto positivo social y medioambiental tanto en Madrid, donde se estrena, como en M\u00e9xico, pa\u00eds natal de Frida Kahlo.<\/p>\n\n\n\n<p class=\"wp-block-paragraph\">Para ello se ha tenido en cuenta ese objetivo desde la concepci\u00f3n de la exposici\u00f3n, para lo que se llev\u00f3 a cabo un dise\u00f1o regenerativo que incluye el an\u00e1lisis de todo el ciclo de vida de los materiales empleados, as\u00ed como una exhaustiva evaluaci\u00f3n de la eficiencia energ\u00e9tica.<\/p>\n\n\n\n<p class=\"wp-block-paragraph\">Vida y Obra de Frida Kahlo ser\u00e1 neutra en CO2, como todas las exposiciones que lleva a cabo ACCIONA Ingenier\u00eda Cultural. Para ello, se minimizan las emisiones de CO2 y aquellas que son inevitables se calculan y compensan mediante la adquisici\u00f3n de Certificados de Reducci\u00f3n de Emisiones (CER), otorgados por la Convenci\u00f3n Marco de las Naciones Unidas sobre el Cambio Clim\u00e1tico.<\/p>\n\n\n\n<p class=\"wp-block-paragraph\">En este caso, en l\u00ednea con su Plan Director de Sostenibilidad, ACCIONA va un paso m\u00e1s all\u00e1 y se compromete a dejar una huella positiva permanente con sus proyectos. En ese caso, para ello se llevar\u00e1n a cabo plantaciones de \u00e1rboles tanto en M\u00e9xico como en Madrid, en coordinaci\u00f3n con las autoridades locales y en el marco de proyectos de renaturalizaci\u00f3n que, adem\u00e1s del beneficio medioambiental, generen un impacto social positivo. Todo el proceso est\u00e1 avalado por la certificaci\u00f3n UNE-ISO 20121:2013, que acredita que todas las tareas implicadas en el dise\u00f1o, ejecuci\u00f3n, montaje y desmontaje de la exposici\u00f3n son acordes con los criterios m\u00e1s estrictos de sostenibilidad.<br><strong><br>Foto: Archivo AmecoPress.<\/strong><\/p>\n","protected":false},"excerpt":{"rendered":"<p>La exposici\u00f3n sonora y visual \u00abVida y Obra de Frida Kahlo\u00bb, dise\u00f1ada, producida y promovida por ACCIONA<\/p>\n","protected":false},"author":3,"featured_media":0,"comment_status":"open","ping_status":"open","sticky":false,"template":"","format":"standard","meta":{"_monsterinsights_skip_tracking":false,"footnotes":""},"categories":[692,45,46,53],"tags":[],"class_list":["post-43045","post","type-post","status-publish","format-standard","category-692","category-cultura","category-cultura-cultura","category-internacional"],"_links":{"self":[{"href":"https:\/\/redsemlac.com\/semmexico\/wp-json\/wp\/v2\/posts\/43045","targetHints":{"allow":["GET"]}}],"collection":[{"href":"https:\/\/redsemlac.com\/semmexico\/wp-json\/wp\/v2\/posts"}],"about":[{"href":"https:\/\/redsemlac.com\/semmexico\/wp-json\/wp\/v2\/types\/post"}],"author":[{"embeddable":true,"href":"https:\/\/redsemlac.com\/semmexico\/wp-json\/wp\/v2\/users\/3"}],"replies":[{"embeddable":true,"href":"https:\/\/redsemlac.com\/semmexico\/wp-json\/wp\/v2\/comments?post=43045"}],"version-history":[{"count":0,"href":"https:\/\/redsemlac.com\/semmexico\/wp-json\/wp\/v2\/posts\/43045\/revisions"}],"wp:attachment":[{"href":"https:\/\/redsemlac.com\/semmexico\/wp-json\/wp\/v2\/media?parent=43045"}],"wp:term":[{"taxonomy":"category","embeddable":true,"href":"https:\/\/redsemlac.com\/semmexico\/wp-json\/wp\/v2\/categories?post=43045"},{"taxonomy":"post_tag","embeddable":true,"href":"https:\/\/redsemlac.com\/semmexico\/wp-json\/wp\/v2\/tags?post=43045"}],"curies":[{"name":"wp","href":"https:\/\/api.w.org\/{rel}","templated":true}]}}