{"id":43039,"date":"2021-12-04T13:14:00","date_gmt":"2021-12-04T19:14:00","guid":{"rendered":"https:\/\/redsemlac.com\/semmexico\/?p=43039"},"modified":"2023-07-21T18:53:24","modified_gmt":"2023-07-21T23:53:24","slug":"empresarias-cubanas-encuentran-oportunidades-en-nuevo-contexto-economico","status":"publish","type":"post","link":"https:\/\/redsemlac.com\/semmexico\/empresarias-cubanas-encuentran-oportunidades-en-nuevo-contexto-economico\/","title":{"rendered":"Empresarias cubanas encuentran oportunidades en nuevo contexto econ\u00f3mico"},"content":{"rendered":"\n<p class=\"wp-block-paragraph\">El fomento de mipymes, tanto estatales como privadas, forma parte de la estrategia del gobierno para mejorar la econom\u00eda<\/p>\n\n\n\n<p class=\"wp-block-paragraph\">Buscan incentivar la producci\u00f3n de bienes y servicios, as\u00ed como aumentar las posibles fuentes de empleo.<\/p>\n\n\n\n<p class=\"wp-block-paragraph\"><a href=\"https:\/\/www.ipscuba.net\/author\/luis-brizuela\/\" target=\"_blank\" rel=\"noreferrer noopener\">Luis Brizuela<\/a><\/p>\n\n\n\n<p class=\"wp-block-paragraph\">SemM\u00e9xico\/IPS, La Habana, Cuba, 4 de diciembre, 2021.- &nbsp;Las primeras micro, peque\u00f1as o medianas empresas (mipymes) en Cuba abren un escenario socioecon\u00f3mico favorable al aumento de mujeres empresarias, aunque subsisten brechas para el emprendimiento femenino que pudieran mitigarse mediante pol\u00edticas afirmativas.<\/p>\n\n\n\n<p class=\"wp-block-paragraph\">Insumos de proyectos liderados por mujeres fueron muy demandados en una feria de oportunidades organizada por la estatal Empresa de Comercio de La Habana, del 12 al 25 de noviembre, en un recinto del c\u00e9ntrico barrio de Vedado.<\/p>\n\n\n\n<p class=\"wp-block-paragraph\">Por primera vez asistieron a este tipo de encuentros un grupo de las m\u00e1s de 600 mipymes aprobadas desde fines de septiembre en este pa\u00eds insular caribe\u00f1o.<\/p>\n\n\n\n<p class=\"wp-block-paragraph\">Entre las participantes sobresali\u00f3 Elanova Producciones, fundada como emprendimiento en junio e integrado por 40 personas, de las cuales \u201c60 % somos mujeres y 90 % no sobrepasamos los 35 a\u00f1os\u201d, explic\u00f3 a IPS la lideresa del proyecto Dayl\u00edn P\u00e9rez.<\/p>\n\n\n\n<p class=\"wp-block-paragraph\">Elanova elabora unas 200 000 mascarillas desechables diarias, su producto estrella, adem\u00e1s de ajuares, cojines, s\u00e1banas y almohadas, con alta demanda, seg\u00fan apreci\u00f3 IPS durante una visita al estand.<\/p>\n\n\n\n<p class=\"wp-block-paragraph\">A partir de enero de 2022 prev\u00e9n diversificar los surtidos hacia \u00fatiles del hogar como papel sanitario, vasos desechables, kit de limpieza para la cocina, entre otros.<\/p>\n\n\n\n<p class=\"wp-block-paragraph\"><em>Podr\u00edan priorizarse emprendimientos que favorezcan el empleo de mujeres, as\u00ed como aquellos que ofrezcan servicios y bienes para el cuidado de la vida, trabajos que, por lo general, pesan sobre los hombros de ellas\u201d.<\/em>&nbsp;Dayma Echevarr\u00eda<\/p>\n\n\n\n<p class=\"wp-block-paragraph\">\u201cTodos los d\u00edas llego a casa pasadas las 10:00 de la noche, donde me esperan un beb\u00e9 de un a\u00f1o y una ni\u00f1a de nueve. Ha resultado muy importante el apoyo de mi esposo y mis padres, porque ven las ganas que le estamos poniendo al proyecto\u201d, a\u00f1adi\u00f3 la joven empresaria.<\/p>\n\n\n\n<p class=\"wp-block-paragraph\">Las labores hogare\u00f1as tambi\u00e9n pesan sobre Gabriela Cruz, quien en la feria promovi\u00f3 las artesan\u00edas de su tienda de regalos Galapa, un negocio familiar gestado en 2010 en la barriada de Alamar, en el este de la capital cubana.<\/p>\n\n\n\n<p class=\"wp-block-paragraph\">\u201cEs dif\u00edcil mantener un emprendimiento y llevar la responsabilidad de una casa y una ni\u00f1a. A veces se siente que no tienes vida, pero satisface trabajar para el mejoramiento de la familia y ver la aceptaci\u00f3n de los productos y el prestigio que van ganando tras a\u00f1os de trabajo\u201d, valor\u00f3 Cruz a IPS.<\/p>\n\n\n\n<p class=\"wp-block-paragraph\">La emprendedora apoya adem\u00e1s a su esposo L\u00e1zaro Raymond Lance, due\u00f1o de la panader\u00eda y dulcer\u00eda Al pan pan, pr\u00f3xima a convertirse en una mipyme con unos 15 empleados, tambi\u00e9n en Alamar.<\/p>\n\n\n\n<p class=\"wp-block-paragraph\">Algunas estad\u00edsticas<\/p>\n\n\n\n<p class=\"wp-block-paragraph\">El fomento de mipymes, tanto estatales como privadas, forma parte de la estrategia del gobierno cubano para incentivar la producci\u00f3n de bienes y servicios, as\u00ed como aumentar las posibles fuentes de empleo en un pa\u00eds con una tasa de actividad econ\u00f3mica de 66,4 %, y poco m\u00e1s de siete millones de personas en edad laboral, de los 11,2 millones de residentes en la isla.<\/p>\n\n\n\n<p class=\"wp-block-paragraph\">Si bien el Estado permanece como principal empleador en el pa\u00eds, unas 600 000 personas se encuentran registradas dentro del sector privado, equivalente a 13 % de la fuerza laboral.<\/p>\n\n\n\n<p class=\"wp-block-paragraph\">Las mujeres incrementaron su presencia en el sector no estatal, de 17,3 % en 2013, a 35 % en 2020, de acuerdo con el Anuario Estad\u00edstico.<\/p>\n\n\n\n<p class=\"wp-block-paragraph\">Pero \u201clo hacen principalmente en la categor\u00eda de trabajadores contratados, y se insertan, por lo general, en actividades de bajo valor agregado\u201d, analiz\u00f3 para IPS la soci\u00f3loga Dayma Echevarr\u00eda.<\/p>\n\n\n\n<p class=\"wp-block-paragraph\">La profesora titular y subdirectora del Centro de Estudios de la Econom\u00eda Cubana de la Universidad de La Habana record\u00f3 que el a\u00f1o pasado las mujeres representaron 39 % de las personas ocupadas en la econom\u00eda cubana, mientras que su participaci\u00f3n en el sector privado se mantiene por debajo de dicho indicador.<\/p>\n\n\n\n<p class=\"wp-block-paragraph\">Ello contrasta en el caso de Cuba, donde las mujeres representan m\u00e1s de 60 % de quienes matriculan y se grad\u00faan en las universidades, son mayor\u00eda en la fuerza t\u00e9cnica empleada y en el total de ocupados con nivel superior, una preparaci\u00f3n que supone una fortaleza cuando apuestan por el trabajo aut\u00f3nomo.<\/p>\n\n\n\n<p class=\"wp-block-paragraph\">Los nuevos actores econ\u00f3micos nacen en un contexto especialmente adverso, con acrecentadas dificultades para el acceso a materias primas y elevados precios que condicionan las compras de insumos para sus producciones y las ventas a la poblaci\u00f3n.<\/p>\n\n\n\n<p class=\"wp-block-paragraph\">Desde enero de 2020 hasta fines de septiembre, el producto interno bruto de esta naci\u00f3n caribe\u00f1a se contrajo 13 %, motivado en gran parte por los efectos de la pandemia.<\/p>\n\n\n\n<p class=\"wp-block-paragraph\">A ello se sum\u00f3 el reforzado embargo estadounidense, al igual que la persistencia de mecanismos de una econom\u00eda centralmente planificada que limitan procesos productivos y la autonom\u00eda de los diferentes actores econ\u00f3micos.<\/p>\n\n\n\n<p class=\"wp-block-paragraph\">De acuerdo con el Ministerio de Econom\u00eda y Planificaci\u00f3n, las m\u00e1s de 600 mipymes se especializan en la producci\u00f3n de alimentos; actividades manufactureras como la fabricaci\u00f3n de materiales de la construcci\u00f3n, muebles, confecciones textiles, calzado, pl\u00e1sticos, as\u00ed como productos de limpieza y aseo; servicios inform\u00e1ticos; recuperaci\u00f3n de materiales y reciclaje; servicios t\u00e9cnicos, entre otras.<\/p>\n\n\n\n<p class=\"wp-block-paragraph\">La forma de presentar las estad\u00edsticas impide conocer qu\u00e9 porcentaje de mipymes aprobadas hasta el momento en Cuba tienen al frente a una mujer.<\/p>\n\n\n\n<p class=\"wp-block-paragraph\">En el orbe, una de cada tres mipymes tiene una propietaria, pero en Am\u00e9rica Latina y el Caribe ese indicador ronda 50 %, seg\u00fan el Portal de datos sobre g\u00e9nero del Banco Mundial.<\/p>\n\n\n\n<p class=\"wp-block-paragraph\">Pese a la flexibilidad productiva que favorece ventajas competitivas, las mipymes tambi\u00e9n se caracterizan por una alta tasa de mortalidad a los pocos a\u00f1os de creadas y son m\u00e1s vulnerables en situaciones de crisis, como evidenci\u00f3 la covid-19.<\/p>\n\n\n\n<p class=\"wp-block-paragraph\">Datos de la Organizaci\u00f3n Internacional del Trabajo (OIT) muestran que en 2020 a nivel global las mujeres perdieron 64 millones de empleos, equivalente a 5 % del total comparado con 3,9 % entre la poblaci\u00f3n activa masculina.<\/p>\n\n\n\n<p class=\"wp-block-paragraph\">En el caso cubano, 250 000 de los 600 000 trabajadores no estatales debieron pedir la suspensi\u00f3n de sus licencias al detenerse sus negocios, pero los datos no reflejan qu\u00e9 cantidad correspondi\u00f3 a mujeres.<\/p>\n\n\n\n<p class=\"wp-block-paragraph\">Apoyar los emprendimientos femeninos<\/p>\n\n\n\n<p class=\"wp-block-paragraph\">El Programa Nacional para el Adelanto de la Mujer aprobado en Cuba en marzo dispone de un ac\u00e1pite para el empoderamiento econ\u00f3mico femenino.<\/p>\n\n\n\n<p class=\"wp-block-paragraph\">Tal pol\u00edtica de Estado orienta \u201cevaluar peri\u00f3dicamente la participaci\u00f3n de las mujeres en el sector no estatal, con vistas a su mejor atenci\u00f3n, control y organizaci\u00f3n, para evitar que se produzcan retrocesos o manifestaciones de discriminaci\u00f3n\u201d.<\/p>\n\n\n\n<p class=\"wp-block-paragraph\">Tambi\u00e9n recomienda la incorporaci\u00f3n a las estad\u00edsticas de organismos e instituciones de las variables sociodemogr\u00e1ficas sexo, edad y color de la piel, para los an\u00e1lisis de g\u00e9nero correspondientes.<\/p>\n\n\n\n<p class=\"wp-block-paragraph\">Para la emprendedora Yarelys Herrera, a la hora de emprender a\u00fan existen barreras como \u201clos pr\u00e9stamos de bancos nacionales, con un proceso engorroso que no dan ganas de comenzarlo\u201d.<\/p>\n\n\n\n<p class=\"wp-block-paragraph\">Herrera es cofundadora junto con su esposo Daniel Hern\u00e1ndez de Sovi Juguetes Did\u00e1cticos, un emprendimiento que naci\u00f3 como una necesidad educativa para estimular el desarrollo sensorial de su peque\u00f1a hija, a punto de cumplir dos a\u00f1os.<\/p>\n\n\n\n<p class=\"wp-block-paragraph\">Al conversar con IPS, Herrera consider\u00f3 deseable para el empresariado contar con \u201cun gremio o comit\u00e9 que nos permita un espacio de reuni\u00f3n, di\u00e1logo y alcance de mayor organizaci\u00f3n\u201d, as\u00ed como \u201caprender m\u00e1s sobre finanzas y educaci\u00f3n empresarial, inversi\u00f3n, publicidad; temas que nos ayudar\u00edan a formar negocios que perduraran en el tiempo\u201d.<\/p>\n\n\n\n<p class=\"wp-block-paragraph\">A juicio de Echevarr\u00eda, resulta necesario \u201caplicar pol\u00edticas de acci\u00f3n afirmativa para apoyar los emprendimientos liderados por las mujeres (al igual que) incentivos fiscales, crediticios y de formaci\u00f3n\u201d.<\/p>\n\n\n\n<p class=\"wp-block-paragraph\">De acuerdo con la experta, tambi\u00e9n \u201cpodr\u00edan priorizarse emprendimientos que favorezcan el empleo de mujeres, as\u00ed como aquellos que ofrezcan servicios y bienes para el cuidado de la vida, trabajos que, por lo general, pesan sobre los hombros de ellas\u201d.<\/p>\n\n\n\n<p class=\"wp-block-paragraph\">Puso como ejemplo la posibilidad de conformar mipymes especializadas en el cuidado de ni\u00f1as y ni\u00f1os, personas con discapacidad y adultos mayores, en autoservicio y limpieza del hogar, de alimentos preelaborados y de mensajer\u00eda dom\u00e9stica, \u201cen especial si apoyan a personas que viven en condiciones de vulnerabilidad\u201d.<\/p>\n\n\n\n<p class=\"wp-block-paragraph\">Aun con insuficiencias, Echevarr\u00eda resalt\u00f3 el disponer de legislaciones como el C\u00f3digo del Trabajo, los principios de igualdad y no discriminaci\u00f3n en la Constituci\u00f3n y el Programa para el Adelanto de las Mujeres para la promoci\u00f3n de una participaci\u00f3n equitativa en el empleo.<\/p>\n","protected":false},"excerpt":{"rendered":"<p>Las primeras micro, peque\u00f1as o medianas empresas (mipymes) en Cuba abren un escenario socioecon\u00f3mico favorable al aumento de mujeres empresarias, aunque subsisten brechas para el emprendimiento femenino que pudieran mitigarse mediante pol\u00edticas afirmativas.<\/p>\n","protected":false},"author":3,"featured_media":43040,"comment_status":"open","ping_status":"open","sticky":false,"template":"","format":"standard","meta":{"_monsterinsights_skip_tracking":false,"footnotes":""},"categories":[692,53],"tags":[],"class_list":["post-43039","post","type-post","status-publish","format-standard","has-post-thumbnail","category-692","category-internacional"],"_links":{"self":[{"href":"https:\/\/redsemlac.com\/semmexico\/wp-json\/wp\/v2\/posts\/43039","targetHints":{"allow":["GET"]}}],"collection":[{"href":"https:\/\/redsemlac.com\/semmexico\/wp-json\/wp\/v2\/posts"}],"about":[{"href":"https:\/\/redsemlac.com\/semmexico\/wp-json\/wp\/v2\/types\/post"}],"author":[{"embeddable":true,"href":"https:\/\/redsemlac.com\/semmexico\/wp-json\/wp\/v2\/users\/3"}],"replies":[{"embeddable":true,"href":"https:\/\/redsemlac.com\/semmexico\/wp-json\/wp\/v2\/comments?post=43039"}],"version-history":[{"count":0,"href":"https:\/\/redsemlac.com\/semmexico\/wp-json\/wp\/v2\/posts\/43039\/revisions"}],"wp:featuredmedia":[{"embeddable":true,"href":"https:\/\/redsemlac.com\/semmexico\/wp-json\/wp\/v2\/media\/43040"}],"wp:attachment":[{"href":"https:\/\/redsemlac.com\/semmexico\/wp-json\/wp\/v2\/media?parent=43039"}],"wp:term":[{"taxonomy":"category","embeddable":true,"href":"https:\/\/redsemlac.com\/semmexico\/wp-json\/wp\/v2\/categories?post=43039"},{"taxonomy":"post_tag","embeddable":true,"href":"https:\/\/redsemlac.com\/semmexico\/wp-json\/wp\/v2\/tags?post=43039"}],"curies":[{"name":"wp","href":"https:\/\/api.w.org\/{rel}","templated":true}]}}