{"id":43022,"date":"2021-12-04T11:01:46","date_gmt":"2021-12-04T17:01:46","guid":{"rendered":"https:\/\/redsemlac.com\/semmexico\/?p=43022"},"modified":"2023-07-21T18:53:25","modified_gmt":"2023-07-21T23:53:25","slug":"urge-se-apruebe-la-ley-que-prohibe-y-castiga-los-ecosig-alejandra-lagunes","status":"publish","type":"post","link":"https:\/\/redsemlac.com\/semmexico\/urge-se-apruebe-la-ley-que-prohibe-y-castiga-los-ecosig-alejandra-lagunes\/","title":{"rendered":"URGE SE APRUEBE LA LEY QUE PROH\u00cdBE Y CASTIGA LOS ECOSIG: ALEJANDRA LAGUNES"},"content":{"rendered":"\n<p class=\"wp-block-paragraph\">Se entregan miles de firmas para reparar la represi\u00f3n y la violencia a las orientaciones sexuales<\/p>\n\n\n\n<p class=\"wp-block-paragraph\">La senadora record\u00f3 que hay dictamen desde 2018<\/p>\n\n\n\n<p class=\"wp-block-paragraph\">Redacci\u00f3n<\/p>\n\n\n\n<p class=\"wp-block-paragraph\">SemM\u00e9xico, Cd. de M\u00e9xico, 4 de diciembre, 2021.- La violencia que ha permitido el Estado a trav\u00e9s de ECOSIG (Esfuerzos para \u201cCorregir\u201d o reprimir la Orientaci\u00f3n Sexual y la Identidad\/expresi\u00f3n de G\u00e9nero)&nbsp;debe terminar ya, sentenci\u00f3 la senadora Alejandra Lagunes Soto Ruiz&nbsp;en la entrega a la presidenta del Senado de la Rep\u00fablica de miles de firmas electr\u00f3nicas recaudadas&nbsp;que exigen se apruebe la Ley que previene y sanciona los ECOSIG.<\/p>\n\n\n\n<p class=\"wp-block-paragraph\">En el marco de la presentaci\u00f3n en el Senado de la Rep\u00fablica del Cortometraje \u201cPara: Sarah\u201d asegur\u00f3 que el Senado tiene en sus manos la posibilidad de prohibir los ECOSIG.<\/p>\n\n\n\n<p class=\"wp-block-paragraph\">Por lo que explic\u00f3 que las firmas entregadas son de Coalici\u00f3n Mexicana LGBTTTI+, quien convoc\u00f3 a la sociedad para obtener firmas de apoyo para la aprobaci\u00f3n de la iniciativa que reforma la Ley General de Salud para prevenir y sancionar los ECOSIG y que sea incluida en la orden del d\u00eda, pueda ser votada y aprobada por esta Legislatura del Senado de la Rep\u00fablica.<\/p>\n\n\n\n<p class=\"wp-block-paragraph\">Record\u00f3 que&nbsp;el dictamen de la iniciativa se turn\u00f3 desde el a\u00f1o 2018 a las Comisiones Unidas de Justicia y de Estudios Legislativos de la C\u00e1mara de Senadores, logrando avanzar en marzo del 2020.<\/p>\n\n\n\n<p class=\"wp-block-paragraph\">Sin embargo, lament\u00f3 que a\u00fan no haya pasado a votaci\u00f3n al pleno a pesar de que es un tema de relevancia para el pa\u00eds ya que busca adoptar medidas para prevenir tratos crueles, inhumanos y humillantes que enfrentan muchas personas debido a diversos estigmas y actos discriminatorios que violan sus derechos humanos, enfrent\u00e1ndonos a situaciones que limitan la posibilidad de vivir libres de violencia.<\/p>\n\n\n\n<p class=\"wp-block-paragraph\">Por lo que agradeci\u00f3 a Erica Salinas, Directora del cortometraje \u201cPara: Sarah\u201d, &nbsp;por su valor, dedicaci\u00f3n y generosidad para plasmar su historia personal y al mismo tiempo denunciar lo inhumano que son los ECOSIG<\/p>\n\n\n\n<p class=\"wp-block-paragraph\">Asimismo, agradeci\u00f3 a Citlali Hern\u00e1ndez y Patricia Mercado, con quienes present\u00f3 esta iniciativa y Genero Lozano, Iv\u00e1n Tagle, Paola Santill\u00e1n y todos los integrantes de YAAJ por su labor profesionalismo, dedicaci\u00f3n y compromiso.<\/p>\n\n\n\n<p class=\"wp-block-paragraph\">\u201cNi la ignorancia, ni el miedo o las creencias religiosas pueden justificar actos crueles y humillantes, como electroshocks, exorcismos, internamientos, medicaci\u00f3n forzada, privaci\u00f3n de la libertad, violaciones correctivas, que dejan secuelas psicol\u00f3gicas irreparables y que incluso han llevado al suicidio de muchas personas\u201d dijo.<\/p>\n\n\n\n<p class=\"wp-block-paragraph\">Finalmente insisti\u00f3 que estos actos crueles y humillantes no pueden continuar, por lo es indispensable prohibir los ECOSIG pues es una responsabilidad del Estado proteger y garantizar los derechos humanos de todas las personas, incluido el derecho al libre desarrollo de la personalidad.<\/p>\n\n\n\n<p class=\"wp-block-paragraph\">\u201cUna persona con una orientaci\u00f3n distinta o que elige su identidad de g\u00e9nero no est\u00e1 enferma, por lo no hay nada que curar y lo \u00fanico que es urgente revertir, es la intolerancia que deriva en violencia y crueldad\u201d sentenci\u00f3.<\/p>\n","protected":false},"excerpt":{"rendered":"<p>La senadora Alejandra Lagunes Soto Ruiz sentencia que la violencia que ha permitido el Estado a trav\u00e9s de ECOSIG (Esfuerzos para \u201cCorregir\u201d o reprimir la Orientaci\u00f3n Sexual y la Identidad\/expresi\u00f3n de G\u00e9nero)\u00a0debe terminar ya.<\/p>\n","protected":false},"author":3,"featured_media":43023,"comment_status":"open","ping_status":"open","sticky":false,"template":"","format":"standard","meta":{"_monsterinsights_skip_tracking":false,"footnotes":""},"categories":[692,50],"tags":[],"class_list":["post-43022","post","type-post","status-publish","format-standard","has-post-thumbnail","category-692","category-congreso"],"_links":{"self":[{"href":"https:\/\/redsemlac.com\/semmexico\/wp-json\/wp\/v2\/posts\/43022","targetHints":{"allow":["GET"]}}],"collection":[{"href":"https:\/\/redsemlac.com\/semmexico\/wp-json\/wp\/v2\/posts"}],"about":[{"href":"https:\/\/redsemlac.com\/semmexico\/wp-json\/wp\/v2\/types\/post"}],"author":[{"embeddable":true,"href":"https:\/\/redsemlac.com\/semmexico\/wp-json\/wp\/v2\/users\/3"}],"replies":[{"embeddable":true,"href":"https:\/\/redsemlac.com\/semmexico\/wp-json\/wp\/v2\/comments?post=43022"}],"version-history":[{"count":0,"href":"https:\/\/redsemlac.com\/semmexico\/wp-json\/wp\/v2\/posts\/43022\/revisions"}],"wp:featuredmedia":[{"embeddable":true,"href":"https:\/\/redsemlac.com\/semmexico\/wp-json\/wp\/v2\/media\/43023"}],"wp:attachment":[{"href":"https:\/\/redsemlac.com\/semmexico\/wp-json\/wp\/v2\/media?parent=43022"}],"wp:term":[{"taxonomy":"category","embeddable":true,"href":"https:\/\/redsemlac.com\/semmexico\/wp-json\/wp\/v2\/categories?post=43022"},{"taxonomy":"post_tag","embeddable":true,"href":"https:\/\/redsemlac.com\/semmexico\/wp-json\/wp\/v2\/tags?post=43022"}],"curies":[{"name":"wp","href":"https:\/\/api.w.org\/{rel}","templated":true}]}}