{"id":4301,"date":"2017-02-20T21:35:31","date_gmt":"2017-02-20T21:35:31","guid":{"rendered":"https:\/\/redsemlac.com\/semmexico\/?p=4301"},"modified":"2023-07-21T14:24:11","modified_gmt":"2023-07-21T19:24:11","slug":"honrar-la-memoria","status":"publish","type":"post","link":"https:\/\/redsemlac.com\/semmexico\/honrar-la-memoria\/","title":{"rendered":"Honrar la memoria"},"content":{"rendered":"\n<p class=\"wp-block-paragraph\">Fue la primera mujer en ocupar una regidur\u00eda en el gobierno de la ciudad de Oaxaca.<\/p>\n\n\n\n<h5 class=\"wp-block-heading\"> Con la colocaci\u00f3n de una placa da a Sara Brena Torres el lugar que se merece.<\/h5>\n\n\n\n<p class=\"wp-block-paragraph\"><a href=\"https:\/\/semmexico.com\/gallery-post.php?id=812#\">Soledad Jarqu\u00edn Edgar<\/a><\/p>\n\n\n\n<p class=\"wp-block-paragraph\">SemMexico. Oaxaca. 20 de febrero de 2017.- La invisibilidad de las mujeres puede ser vencida con la mirada de los otros y a veces con la mirada de las otras. Sara Brena Torres es un ejemplo de ello.<br>Su nombre tard\u00f3 m\u00e1s de 60 a\u00f1os en volver a ser recordado en el Cabildo. Ella fue la primera mujer en ocupar una regidur\u00eda en el gobierno de la ciudad de Oaxaca de Ju\u00e1rez y todo indica que habr\u00eda sido la primera mujer en ese cargo pol\u00edtico tras una elecci\u00f3n en toda la entidad.&nbsp;<br>Esto combinado con el cambio legislativo, que a la larga signific\u00f3 el primer paso para alcanzar su ciudadan\u00eda, la reforma constitucional que hace 70 a\u00f1os reconoci\u00f3 el derecho de las mujeres a votar y a ser votadas, al menos en el \u00e1mbito municipal.<br>Sin duda la reforma constitucional al art\u00edculo 115 fue el primer paso, en esa acci\u00f3n de reconocimiento a los derechos pol\u00edticos de las mexicanas que se dio a cuenta gotas a lo largo del siglo XX y que en el siglo XXI a\u00fan no termina, pero que se fortaleci\u00f3 sustancialmente hasta 2014 con otra reforma fundamental al art\u00edculo 41 constitucional con la que se consigui\u00f3 la paridad. Hecho no concreto para todas las mexicanas. No sin omitir otra reforma, la del art\u00edculo 34 en 1953 que reconoci\u00f3 la ciudadan\u00eda de las mujeres que ahora podr\u00edan votar, ser votadas y ocupar cargos p\u00fablicos.<br>Se trata de una larga historia llena de hitos trascendentes, de acciones y esfuerzo de cientos de mujeres en todo el pa\u00eds, mujeres de distintas ideolog\u00edas que lograron consumar un viejo anhelo: tomar parte en la vida pol\u00edtica de su pa\u00eds, es decir, decidir.<br>Sara Brena Torres, a quien la muerte la sorprendi\u00f3 muy joven, pudo alcanzar otros pelda\u00f1os en la pol\u00edtica. No pudo por esa misma lamentable raz\u00f3n.&nbsp;<br>Sin embargo, el hecho de ser la primera mujer en ocupar una regidur\u00eda no le concedi\u00f3 de manera inmediata un lugar en la historia pese a la importancia que ten\u00eda. Por ello es relevante la develaci\u00f3n de una placa en el sal\u00f3n de Cabildos de Oaxaca de Ju\u00e1rez el pasado jueves 16 de febrero, en el marco de la conmemoraci\u00f3n del 70 aniversario del voto municipal para las mujeres.&nbsp;<br>Ella que fue una activa mujer, bondadosa, que defendi\u00f3, incluso, a las mujeres presas, y que destac\u00f3 por realizar obras de beneficio social, era recordada por haber sido protagonista de un concurso de belleza para las fiestas del IV Centenario de la ciudad de Oaxaca o por haber sido reina universitaria, m\u00e1s que por el sitio que el olvido pretendi\u00f3 arrebatarle como primera regidora de Oaxaca.&nbsp;<br>Incluso, hace algunos a\u00f1os pregunt\u00e9 a algunas personas sobre si sab\u00edan que ella hab\u00eda sido la primera regidora, la respuesta era simplemente sorprendente: \u201cs\u00ed porque era hermana del gobernador\u201d, dec\u00edan en referencia a su hermano Rodolfo BrenaTorres quien gobern\u00f3 esta entidad (1962-1968).&nbsp;<br>La respuesta est\u00e1 en los tiempos. Sara Brena Torres no fue regidora por ser hermana del gobernador, como ahora es com\u00fan que suceda cuando los varones pretenden conservar el poder pol\u00edtico, los cotos de poder, a trav\u00e9s de sus hijas, esposas, hermanas, parientas o amigas (quiz\u00e1 algunas de ellas con vocaci\u00f3n, pero solo algunas). Sara Brena fue regidora en el periodo de 1951-1952, su hermano fue gobernador diez a\u00f1os despu\u00e9s.&nbsp;<br>A iniciativa de la regidora de Igualdad de G\u00e9nero y Derechos Humanos, B\u00e1rbara Garc\u00eda Ch\u00e1vez, se aprob\u00f3 un punto de acuerdo por unanimidad entre quienes integran el cabildo y que con la colocaci\u00f3n de una placa da a Sara Brena Torres el lugar que se merece, al ser la primera regidora de Oaxaca de Ju\u00e1rez.&nbsp;<br>Y digo que la invisibilidad de las mujeres puede ser vencida con la mirada de los otros y a veces con la mirada de las otras. S\u00ed nos toca a las mujeres reconocer a las otras mujeres, a las que abrieron camino. Ser\u00eda terrible seguir pensando que los derechos que hoy tenemos son producto de la buena voluntad pol\u00edtica de los varones, en parte cierto, pero apenas en parte. Votar, educarse, decidir cu\u00e1ntos hijos e hijas se desean tener, trabajar, poseer, comprar, ser due\u00f1a de sus propias empresas, decidir, vivir libres de violencia\u2026son logros de las mujeres por las propias mujeres, de nuestras ancestras a quienes les toc\u00f3 abrir camino, a nosotras nos toca honrarlas por ello. Ignorar, fingir que el pasado no existe es pisotear los derechos de las mujeres. Una l\u00e1stima para quienes se perdieron recordar aquel momento hist\u00f3rico en que hace 66 a\u00f1os una mujer lleg\u00f3 por primera vez a ocupar una silla en el cabildo, tiempos en que se era \u00fanica.<br>Hoy Sara Artemisa Brena Torres tiene un lugar privilegiado en la historia.<\/p>\n","protected":false},"excerpt":{"rendered":"<p>Fue la primera mujer en ocupar una regidur\u00eda en el gobierno de la ciudad de Oaxaca. Con la colocaci\u00f3n de una placa da a Sara Brena Torres el lugar que se merece. Soledad Jarqu\u00edn Edgar SemMexico. Oaxaca. 20 de febrero de 2017.- La invisibilidad de las mujeres puede ser vencida con la mirada de los [&hellip;]<\/p>\n","protected":false},"author":3,"featured_media":4302,"comment_status":"open","ping_status":"open","sticky":false,"template":"","format":"standard","meta":{"_monsterinsights_skip_tracking":false,"footnotes":""},"categories":[687,75,1],"tags":[],"class_list":["post-4301","post","type-post","status-publish","format-standard","has-post-thumbnail","category-687","category-soledad-jarquin-edgar","category-uncategorized"],"_links":{"self":[{"href":"https:\/\/redsemlac.com\/semmexico\/wp-json\/wp\/v2\/posts\/4301","targetHints":{"allow":["GET"]}}],"collection":[{"href":"https:\/\/redsemlac.com\/semmexico\/wp-json\/wp\/v2\/posts"}],"about":[{"href":"https:\/\/redsemlac.com\/semmexico\/wp-json\/wp\/v2\/types\/post"}],"author":[{"embeddable":true,"href":"https:\/\/redsemlac.com\/semmexico\/wp-json\/wp\/v2\/users\/3"}],"replies":[{"embeddable":true,"href":"https:\/\/redsemlac.com\/semmexico\/wp-json\/wp\/v2\/comments?post=4301"}],"version-history":[{"count":0,"href":"https:\/\/redsemlac.com\/semmexico\/wp-json\/wp\/v2\/posts\/4301\/revisions"}],"wp:featuredmedia":[{"embeddable":true,"href":"https:\/\/redsemlac.com\/semmexico\/wp-json\/wp\/v2\/media\/4302"}],"wp:attachment":[{"href":"https:\/\/redsemlac.com\/semmexico\/wp-json\/wp\/v2\/media?parent=4301"}],"wp:term":[{"taxonomy":"category","embeddable":true,"href":"https:\/\/redsemlac.com\/semmexico\/wp-json\/wp\/v2\/categories?post=4301"},{"taxonomy":"post_tag","embeddable":true,"href":"https:\/\/redsemlac.com\/semmexico\/wp-json\/wp\/v2\/tags?post=4301"}],"curies":[{"name":"wp","href":"https:\/\/api.w.org\/{rel}","templated":true}]}}