{"id":42933,"date":"2021-12-02T16:25:22","date_gmt":"2021-12-02T22:25:22","guid":{"rendered":"https:\/\/redsemlac.com\/semmexico\/?p=42933"},"modified":"2023-07-21T18:53:27","modified_gmt":"2023-07-21T23:53:27","slug":"tras-la-puerta-del-poder-oposicion-dice-que-victoria-rodriguez-no-cumple-requisitos-pero-no-desecha-su-nombramiento-en-banxico","status":"publish","type":"post","link":"https:\/\/redsemlac.com\/semmexico\/tras-la-puerta-del-poder-oposicion-dice-que-victoria-rodriguez-no-cumple-requisitos-pero-no-desecha-su-nombramiento-en-banxico\/","title":{"rendered":"Tras la puerta del poder| Oposici\u00f3n dice que Victoria Rodr\u00edguez no cumple requisitos, pero no desecha su nombramiento en Banxico"},"content":{"rendered":"\n<p class=\"wp-block-paragraph\">Roberto Vizca\u00edno&nbsp;&nbsp; &nbsp;&nbsp;&nbsp;&nbsp;<\/p>\n\n\n\n<p class=\"wp-block-paragraph\">SemM\u00e9xico, Cd. de M\u00e9xico, 2 de diciembre, 2021.- No se esperaba menos. La comparecencia de&nbsp;Victoria Rodr\u00edguez -propuesta por AMLO para encabezar Banxico-,&nbsp;sac\u00f3 chispas ante una oposici\u00f3n que le reclam\u00f3 no llenar todos los requisitos y el recio car\u00e1cter de la funcionaria qui\u00e9n en lugar de achicarse ante el embate, respondi\u00f3 con temple y datos firmes las dudas t\u00e9cnicas sobre cu\u00e1l ser\u00eda su reto para contener la inflaci\u00f3n y defender la autonom\u00eda de esa instituci\u00f3n.<\/p>\n\n\n\n<p class=\"wp-block-paragraph\">El peso del apoyo a su designaci\u00f3n se sinti\u00f3 desde el inicio de la comparecencia de la todav\u00eda subsecretaria de Egresos de Hacienda, en la cual se aparecieron, as\u00ed como \u201cpor casualidad\u201d,&nbsp;Ricardo Monreal&nbsp;-precandidato activo a suceder a&nbsp;Andr\u00e9s Manuel L\u00f3pez Obrador&nbsp;y l\u00edder de la mayor\u00eda de Morena en el Senado-, junto con&nbsp;Ad\u00e1n Augusto L\u00f3pez, secretario de Gobernaci\u00f3n.<\/p>\n\n\n\n<p class=\"wp-block-paragraph\">Ni que decir que el zacatecano&nbsp;Monreal&nbsp;despleg\u00f3 adem\u00e1s un fuerte c\u00edrculo de apoyo de senadores de morena alrededor de&nbsp;Victoria Rodr\u00edguez&nbsp;a fin de protegerla del previsible embate de legisladores de la oposici\u00f3n.<\/p>\n\n\n\n<p class=\"wp-block-paragraph\">En este contexto Rodr\u00edguez&nbsp;se comprometi\u00f3 a mantener la autonom\u00eda del Banco Central e intocados los miles de millones de d\u00f3lares que forman las reservas internacionales de M\u00e9xico.<\/p>\n\n\n\n<p class=\"wp-block-paragraph\">A su vez reconoci\u00f3 que los niveles de inflaci\u00f3n se ubican en una tasa anual superior al siete por ciento, la m\u00e1s alta en 20 a\u00f1os, las cuales, afirm\u00f3, comenzar\u00e1n a bajar a partir del tercer trimestre del 2023 para colocarse en un tres por ciento como se ten\u00eda previsto.<\/p>\n\n\n\n<p class=\"wp-block-paragraph\">Durante su introducci\u00f3n, la subsecretaria se comprometi\u00f3 a aplicar una pol\u00edtica monetaria que garantice estabilidad de precios y un sano desarrollo del sistema financiero en beneficio de la poblaci\u00f3n como lo establece la Constituci\u00f3n.<\/p>\n\n\n\n<p class=\"wp-block-paragraph\">Presionada por la oposici\u00f3n que reclamaba la falta de calificaciones para cumplir con los requerimientos del cargo, hablo de su experiencia profesional y administrativa y destac\u00f3 algunos de sus logros como sub secretaria de Egresos de Hacienda en el combate a la pandemia.<\/p>\n\n\n\n<p class=\"wp-block-paragraph\">\u201cDurante mi gesti\u00f3n se garantiz\u00f3 el financiamiento de las vacunas contra el COVID-19, con el fin de acelerar el proceso de reactivaci\u00f3n de las actividades econ\u00f3micas. Asimismo, se otorgaron mayores recursos a sectores de la poblaci\u00f3n con menores recursos a sectores de la poblaci\u00f3n con menores ingresos y a microempresas familiares\u201d, indic\u00f3.<\/p>\n\n\n\n<p class=\"wp-block-paragraph\">Destac\u00f3 que todo ello se alcanz\u00f3 sin comprometer la estabilidad macroecon\u00f3mica de la Naci\u00f3n, pues la prudencia y eficacia con la que se ha manejado el gasto p\u00fablico ha permitido contar con un balance fiscal equilibrado que mantiene a M\u00e9xico en una posici\u00f3n m\u00e1s s\u00f3lida que las que tienen otras econom\u00edas emergentes similares a la nuestra, dijo.<\/p>\n\n\n\n<p class=\"wp-block-paragraph\">Los resultados de su comparecencia entraron desde ayer a revisi\u00f3n y debate dentro de la Comisi\u00f3n de Hacienda que preside el poblano morenista&nbsp;Alejandro Armenta&nbsp;a fin de decidir si se le reconoce como prospecto firme para encabezar al Banco de M\u00e9xico.<\/p>\n\n\n\n<p class=\"wp-block-paragraph\">MISI\u00d3N CUMPLIDA<\/p>\n\n\n\n<p class=\"wp-block-paragraph\">En una primera revisi\u00f3n de logros del r\u00e9gimen de la 2T al iniciarse el cuarto a\u00f1o de Gobierno de Andr\u00e9s Manuel L\u00f3pez Obrador, lo alcanzado por el Senado, dijo Ricardo Monreal,&nbsp;ha sido exitoso.<\/p>\n\n\n\n<p class=\"wp-block-paragraph\">\u201cHay Muchos logros: 56 Art\u00edculos de la Constituci\u00f3n reformados; 18 materias y 250 productos en leyes distintas.<\/p>\n\n\n\n<p class=\"wp-block-paragraph\">\u201cEso ha derivado en 18 reformas constitucionales, que han sentado las bases de la transformaci\u00f3n anunciada e impulsada por&nbsp;Andr\u00e9s Manuel L\u00f3pez Obrador\u201d, enumer\u00f3.<\/p>\n\n\n\n<p class=\"wp-block-paragraph\">\u201cYo creo que, en la parte legislativa, que es la que me corresponde comentar, hemos cumplido y hemos agotado la primera etapa de la Agenda Legislativa que nos propusimos. Y, realmente no nos queda m\u00e1s materia en estos primeros tres a\u00f1os\u201d, subray\u00f3.<\/p>\n\n\n\n<p class=\"wp-block-paragraph\">Quedan ahora pendientes y en curso 3 reformas, \u201cque no ser\u00e1n nada f\u00e1ciles: la reforma el\u00e9ctrica, que ya est\u00e1 planteada como iniciativa en C\u00e1mara de Diputados; la de la Guardia Nacional y la de la reforma electoral o reforma pol\u00edtica\u201d.&nbsp;<\/p>\n\n\n\n<p class=\"wp-block-paragraph\">E insisti\u00f3:<\/p>\n\n\n\n<p class=\"wp-block-paragraph\">\u201cCreo que M\u00e9xico deber\u00eda evolucionar y nadie debe sentirse ofendido porque planteamos elecciones primarias para elecci\u00f3n de candidatos y tener as\u00ed una figura aceptada por la mayor\u00eda de los militantes frente a los puestos de elecci\u00f3n popular. Yo creo que ya lleg\u00f3 ese momento y lo he planteado de manera racional, respetuosa, sin aspavientos y sin \u00e1nimo de confrontaci\u00f3n con nadie, simplemente de abundar en el debate pol\u00edtico indispensable\u201d, se\u00f1al\u00f3.<\/p>\n\n\n\n<p class=\"wp-block-paragraph\">&nbsp;&#8230;.<a href=\"mailto:rvizcainoa@gmail.com\" target=\"_blank\" rel=\"noreferrer noopener\">rvizcainoa@gmail.com<\/a>&nbsp;\/ Twitter: @_Vizcaino \/ Facebook \/&nbsp;<a href=\"https:\/\/www.facebook.com\/rvizcainoa\" target=\"_blank\" rel=\"noreferrer noopener\">https:\/\/www.facebook.com\/rvizcainoa<\/a>&nbsp;<\/p>\n","protected":false},"excerpt":{"rendered":"<p>La comparecencia de\u00a0Victoria Rodr\u00edguez -propuesta por AMLO para encabezar Banxico-,\u00a0sac\u00f3 chispas ante una oposici\u00f3n que le reclam\u00f3 no llenar todos los requisitos<\/p>\n","protected":false},"author":3,"featured_media":39589,"comment_status":"open","ping_status":"open","sticky":false,"template":"","format":"standard","meta":{"_monsterinsights_skip_tracking":false,"footnotes":""},"categories":[692,35,623,622],"tags":[],"class_list":["post-42933","post","type-post","status-publish","format-standard","has-post-thumbnail","category-692","category-opinion","category-roberto-vizcaino","category-tras-la-puerta-del-poder"],"_links":{"self":[{"href":"https:\/\/redsemlac.com\/semmexico\/wp-json\/wp\/v2\/posts\/42933","targetHints":{"allow":["GET"]}}],"collection":[{"href":"https:\/\/redsemlac.com\/semmexico\/wp-json\/wp\/v2\/posts"}],"about":[{"href":"https:\/\/redsemlac.com\/semmexico\/wp-json\/wp\/v2\/types\/post"}],"author":[{"embeddable":true,"href":"https:\/\/redsemlac.com\/semmexico\/wp-json\/wp\/v2\/users\/3"}],"replies":[{"embeddable":true,"href":"https:\/\/redsemlac.com\/semmexico\/wp-json\/wp\/v2\/comments?post=42933"}],"version-history":[{"count":0,"href":"https:\/\/redsemlac.com\/semmexico\/wp-json\/wp\/v2\/posts\/42933\/revisions"}],"wp:featuredmedia":[{"embeddable":true,"href":"https:\/\/redsemlac.com\/semmexico\/wp-json\/wp\/v2\/media\/39589"}],"wp:attachment":[{"href":"https:\/\/redsemlac.com\/semmexico\/wp-json\/wp\/v2\/media?parent=42933"}],"wp:term":[{"taxonomy":"category","embeddable":true,"href":"https:\/\/redsemlac.com\/semmexico\/wp-json\/wp\/v2\/categories?post=42933"},{"taxonomy":"post_tag","embeddable":true,"href":"https:\/\/redsemlac.com\/semmexico\/wp-json\/wp\/v2\/tags?post=42933"}],"curies":[{"name":"wp","href":"https:\/\/api.w.org\/{rel}","templated":true}]}}