{"id":42840,"date":"2021-11-30T19:06:39","date_gmt":"2021-12-01T01:06:39","guid":{"rendered":"https:\/\/redsemlac.com\/semmexico\/?p=42840"},"modified":"2023-07-21T18:52:49","modified_gmt":"2023-07-21T23:52:49","slug":"impunidad-sistematica-en-siete-feminicidios-en-el-estado-de-oaxaca-resuelve-tribunal-feminista","status":"publish","type":"post","link":"https:\/\/redsemlac.com\/semmexico\/impunidad-sistematica-en-siete-feminicidios-en-el-estado-de-oaxaca-resuelve-tribunal-feminista\/","title":{"rendered":"Impunidad sistem\u00e1tica en siete feminicidios en el estado de Oaxaca: resuelve Tribunal Feminista"},"content":{"rendered":"\n<figure class=\"wp-block-image size-large\"><a href=\"https:\/\/redsemlac.com\/semmexico\/2021-lo-mas-destacado\/\" target=\"_blank\" rel=\"https:\/\/redsemlac.com\/semmexico\/2021-lo-mas-destacado\/ noopener\"><img decoding=\"async\" src=\"https:\/\/redsemlac.com\/semmexico\/wp-content\/uploads\/2021\/12\/DESTACADO-BANNER-1024x164.png\" alt=\"\" class=\"wp-image-43481\"\/><\/a><\/figure>\n\n\n\n<ul class=\"wp-block-list\"><li><strong>Omisiones, ocultamiento y destrucci\u00f3n de pruebas, filtraci\u00f3n de datos y juzgar sin perspectiva de g\u00e9nero<\/strong><\/li><li><strong>Guerrero, Morelos y Oaxaca, estados con mayor impunidad en homicidio doloso<\/strong><\/li><\/ul>\n\n\n\n<p class=\"wp-block-paragraph\"><strong>Sara Lovera\/enviada y Guadalupe L\u00f3pez Garc\u00eda<\/strong><\/p>\n\n\n\n<p class=\"wp-block-paragraph\">SemM\u00e9xico. Oaxaca de Ju\u00e1rez, Oaxaca, 30 de noviembre de 2021.- En siete casos de feminicidio, presentados ante el Tribunal Feminista contra el Feminicidio, efectuado en la ciudad de Oaxaca los d\u00edas 29 y 30 de noviembre, se encontr\u00f3 un patr\u00f3n de impunidad sistem\u00e1tica, justificado por la falta de voluntad o incapacidad de las autoridades para implementar de forma efectiva y adecuada el marco jur\u00eddico nacional e internacional de derechos de las mujeres a una vida libre de violencia, digna, plena.<\/p>\n\n\n\n<p class=\"wp-block-paragraph\">La conclusi\u00f3n anterior fue emitida por el jurado del tribunal, integrado por Mar\u00eda de la Luz Estrada Mendoza, del Observatorio Ciudadano Nacional del Feminicidio (OCNF); Ruth Fierro Pineda, del Centro de Derechos Humanos para las Mujeres (CEDHEM); Norma Gonz\u00e1lez Ben\u00edtez, de Amnist\u00eda Internacional (AI); Ana Yeli P\u00e9rez Garrido, de Justicia Propersona\/OCNF, y Karla Micheel Salas Ram\u00edrez, del Grupo de Acci\u00f3n por los Derechos Humanos y la Justicia Social.<\/p>\n\n\n\n<figure class=\"wp-block-gallery columns-2 is-cropped wp-block-gallery-1 is-layout-flex wp-block-gallery-is-layout-flex\"><ul class=\"blocks-gallery-grid\"><li class=\"blocks-gallery-item\"><figure><a href=\"https:\/\/redsemlac.com\/semmexico\/wp-content\/uploads\/2021\/11\/WhatsApp-Image-2021-11-30-at-3.16.08-PM.jpeg\"><img decoding=\"async\" src=\"https:\/\/redsemlac.com\/semmexico\/wp-content\/uploads\/2021\/11\/WhatsApp-Image-2021-11-30-at-3.16.08-PM-1024x768.jpeg\" alt=\"\" data-id=\"42850\" data-full-url=\"https:\/\/redsemlac.com\/semmexico\/wp-content\/uploads\/2021\/11\/WhatsApp-Image-2021-11-30-at-3.16.08-PM.jpeg\" data-link=\"https:\/\/redsemlac.com\/semmexico\/?attachment_id=42850\" class=\"wp-image-42850\"\/><\/a><\/figure><\/li><li class=\"blocks-gallery-item\"><figure><a href=\"https:\/\/redsemlac.com\/semmexico\/wp-content\/uploads\/2021\/11\/WhatsApp-Image-2021-11-30-at-3.15.24-PM.jpeg\"><img decoding=\"async\" src=\"https:\/\/redsemlac.com\/semmexico\/wp-content\/uploads\/2021\/11\/WhatsApp-Image-2021-11-30-at-3.15.24-PM-1024x576.jpeg\" alt=\"\" data-id=\"42849\" data-full-url=\"https:\/\/redsemlac.com\/semmexico\/wp-content\/uploads\/2021\/11\/WhatsApp-Image-2021-11-30-at-3.15.24-PM.jpeg\" data-link=\"https:\/\/redsemlac.com\/semmexico\/?attachment_id=42849\" class=\"wp-image-42849\"\/><\/a><\/figure><\/li><li class=\"blocks-gallery-item\"><figure><a href=\"https:\/\/redsemlac.com\/semmexico\/wp-content\/uploads\/2021\/11\/WhatsApp-Image-2021-11-30-at-3.15.22-PM-4.jpeg\"><img decoding=\"async\" src=\"https:\/\/redsemlac.com\/semmexico\/wp-content\/uploads\/2021\/11\/WhatsApp-Image-2021-11-30-at-3.15.22-PM-4-1024x768.jpeg\" alt=\"\" data-id=\"42846\" data-full-url=\"https:\/\/redsemlac.com\/semmexico\/wp-content\/uploads\/2021\/11\/WhatsApp-Image-2021-11-30-at-3.15.22-PM-4.jpeg\" data-link=\"https:\/\/redsemlac.com\/semmexico\/?attachment_id=42846\" class=\"wp-image-42846\"\/><\/a><\/figure><\/li><\/ul><\/figure>\n\n\n\n<p class=\"wp-block-paragraph\">En la conferencia de prensa ofrecida despu\u00e9s de concluir el Tribunal, organizado por Consorcio para El Di\u00e1logo Parlamentario y la Equidad, Oaxaca, la Colectiva de Madres contra el Feminicidio y la Impunidad y el OCNF, se estableci\u00f3 que Oaxaca es una de las tres entidades de la rep\u00fablica con mayor impunidad en homicidio doloso, con el 99.4 por ciento, junto con Morelos (99.6%) y Guerrero (98.8%).<\/p>\n\n\n\n<p class=\"wp-block-paragraph\">Las juezas detallaron las omisiones e irregularidades cometidas por las y los funcionarios estatales encargados de la procuraci\u00f3n de justicia, despu\u00e9s de revisar los expedientes y escuchar los testimonios de Norma, Luz del Carmen, Gerarda, Minerva, Soledad, Elvira, Zoila, Ver\u00f3nica y Nubia \u2014madres, una hermana y una prima\u2014 de las v\u00edctimas.<\/p>\n\n\n\n<p class=\"wp-block-paragraph\">En todos los niveles y diferentes regiones no aplicaron la perspectiva de g\u00e9nero, como lo establece el marco normativo internacional, federal y estatal. En sus investigaciones prevalecieron prejuicios y estereotipos de g\u00e9nero, adem\u00e1s de una falta de sensibilidad, compromiso y empat\u00eda en el trato hacia las familias denunciantes. En todos los casos, se acredit\u00f3 que el cambio de autoridades a nivel estatal implica un retraso o estancamiento de los casos.<\/p>\n\n\n\n<p class=\"wp-block-paragraph\">Los casos expuestos fueron los de Dafne Denisse Carre\u00f1o Bengochea (21 a\u00f1os), asesinada por su novio Alejandro Enrique Rivera L\u00f3pez, el 9 de abril de 2013; Quedma Ram\u00edrez Torres (35 a\u00f1os), asesinada mientras dorm\u00eda junto a su hija, por su concubino Erasmo Ramiro L\u00f3pez Castaneira, el 22 de junio de 2013; Iv\u00f3n Jim\u00e9nez Camacho (20 a\u00f1os), asesinada por su novio Kevin Gonz\u00e1lez Rojo Mart\u00ednez, el 6 de agosto de 2013; Lizbeth Jim\u00e9nez C\u00e1mara (19 a\u00f1os), asesinada por su concubino Guillermo Jos\u00e9 Medina Carrizosa, el 29 de abril de 2018.<\/p>\n\n\n\n<p class=\"wp-block-paragraph\">Asimismo, Mar\u00eda del Sol Cruz Jarqu\u00edn (27 a\u00f1os) y Pamela Ter\u00e1n (27 a\u00f1os), asesinadas por hombres no identificados, el 2 de junio de 2018; Melisa Areli Rojas Pastrana (29 a\u00f1os), asesinada por su concubino Miguel \u00c1ngel Ch\u00e1vez Nieto, el 20 de diciembre de 2020 y Mar\u00eda Carmen Paula Burgos Calvo (63 a\u00f1os), asesinada por su vecino Cirilo Raymundo Mor\u00e1n Morales, el 5 de mayo de 2021. En el Tribunal tambi\u00e9n se escucharon dos casos m\u00e1s de violencia sexual contra tres ni\u00f1as en el \u00e1mbito familiar y de violencia familiar con riesgo feminicida.<\/p>\n\n\n\n<p class=\"wp-block-paragraph\">Entre las conclusiones, se destaca que en las familias se deposita la responsabilidad del impulso de las investigaciones o diligencias para la ejecuci\u00f3n de las \u00f3rdenes de aprehensi\u00f3n, como lo sucedido con Quedma, Mar\u00eda Carmen Paula, Iv\u00f3n y Melisa, donde no se han aprehendido a sus asesinos, a pesar de contar con informaci\u00f3n sobre la ubicaci\u00f3n de los responsables.<\/p>\n\n\n\n<p class=\"wp-block-paragraph\">Se omitieron actuaciones o diligencias primarias, como debido procesamiento de la escena y aseguramiento de material probatorio, identificaci\u00f3n y entrevista de testigos, peritaje y tomar en cuenta el contexto previo de violencia familiar en el que viv\u00edan las v\u00edctimas. Con Lizbeth y Mar\u00eda del Sol, las escenas del crimen fueron alteradas gravemente y destruido evidencias, no se han investigado al total de personas involucradas y ninguna autoridad ha recibido alguna sanci\u00f3n por la destrucci\u00f3n de evidencias.<\/p>\n\n\n\n<p class=\"wp-block-paragraph\">Con Quedma, se demor\u00f3 casi seis meses en la emisi\u00f3n de la orden de aprehensi\u00f3n, pese a la existencia de una testigo presencial. Con las tres, hubo oposici\u00f3n para clasificar los hechos como feminicidio. De Lizbeth, se argument\u00f3 que hab\u00eda sido suicidio.<\/p>\n\n\n\n<p class=\"wp-block-paragraph\">En seis de los casos, las familias manifestaron su temor por posibles represalias o agresiones por parte de los responsables de los cr\u00edmenes; en particular, de Quedma y Mar\u00eda Carmen Paula. A Quedma, Dafne e Iv\u00f3n las llegaron a responsabilizar de lo que les sucedi\u00f3. A la primera, por una supuesta infidelidad. De Mar\u00eda del Sol, indicaron que la violencia de la que fue v\u00edctima se asociaba exclusivamente al \u00e1mbito privado.<\/p>\n\n\n\n<figure class=\"wp-block-gallery columns-2 is-cropped wp-block-gallery-2 is-layout-flex wp-block-gallery-is-layout-flex\"><ul class=\"blocks-gallery-grid\"><li class=\"blocks-gallery-item\"><figure><a href=\"https:\/\/redsemlac.com\/semmexico\/wp-content\/uploads\/2021\/11\/WhatsApp-Image-2021-11-30-at-3.15.24-PM-1.jpeg\"><img decoding=\"async\" src=\"https:\/\/redsemlac.com\/semmexico\/wp-content\/uploads\/2021\/11\/WhatsApp-Image-2021-11-30-at-3.15.24-PM-1-1024x768.jpeg\" alt=\"\" data-id=\"42848\" data-full-url=\"https:\/\/redsemlac.com\/semmexico\/wp-content\/uploads\/2021\/11\/WhatsApp-Image-2021-11-30-at-3.15.24-PM-1.jpeg\" data-link=\"https:\/\/redsemlac.com\/semmexico\/?attachment_id=42848\" class=\"wp-image-42848\"\/><\/a><\/figure><\/li><li class=\"blocks-gallery-item\"><figure><a href=\"https:\/\/redsemlac.com\/semmexico\/wp-content\/uploads\/2021\/11\/WhatsApp-Image-2021-11-30-at-3.15.22-PM.jpeg\"><img decoding=\"async\" src=\"https:\/\/redsemlac.com\/semmexico\/wp-content\/uploads\/2021\/11\/WhatsApp-Image-2021-11-30-at-3.15.22-PM-1024x682.jpeg\" alt=\"\" data-id=\"42847\" data-full-url=\"https:\/\/redsemlac.com\/semmexico\/wp-content\/uploads\/2021\/11\/WhatsApp-Image-2021-11-30-at-3.15.22-PM.jpeg\" data-link=\"https:\/\/redsemlac.com\/semmexico\/?attachment_id=42847\" class=\"wp-image-42847\"\/><\/a><\/figure><\/li><li class=\"blocks-gallery-item\"><figure><a href=\"https:\/\/redsemlac.com\/semmexico\/wp-content\/uploads\/2021\/11\/WhatsApp-Image-2021-11-30-at-3.15.22-PM-3.jpeg\"><img decoding=\"async\" src=\"https:\/\/redsemlac.com\/semmexico\/wp-content\/uploads\/2021\/11\/WhatsApp-Image-2021-11-30-at-3.15.22-PM-3-1024x682.jpeg\" alt=\"\" data-id=\"42845\" data-full-url=\"https:\/\/redsemlac.com\/semmexico\/wp-content\/uploads\/2021\/11\/WhatsApp-Image-2021-11-30-at-3.15.22-PM-3.jpeg\" data-link=\"https:\/\/redsemlac.com\/semmexico\/?attachment_id=42845\" class=\"wp-image-42845\"\/><\/a><\/figure><\/li><li class=\"blocks-gallery-item\"><figure><a href=\"https:\/\/redsemlac.com\/semmexico\/wp-content\/uploads\/2021\/11\/WhatsApp-Image-2021-11-30-at-3.15.22-PM-2.jpeg\"><img decoding=\"async\" src=\"https:\/\/redsemlac.com\/semmexico\/wp-content\/uploads\/2021\/11\/WhatsApp-Image-2021-11-30-at-3.15.22-PM-2-1024x682.jpeg\" alt=\"\" data-id=\"42844\" data-full-url=\"https:\/\/redsemlac.com\/semmexico\/wp-content\/uploads\/2021\/11\/WhatsApp-Image-2021-11-30-at-3.15.22-PM-2.jpeg\" data-link=\"https:\/\/redsemlac.com\/semmexico\/?attachment_id=42844\" class=\"wp-image-42844\"\/><\/a><\/figure><\/li><li class=\"blocks-gallery-item\"><figure><a href=\"https:\/\/redsemlac.com\/semmexico\/wp-content\/uploads\/2021\/11\/WhatsApp-Image-2021-11-30-at-3.15.21-PM-1.jpeg\"><img decoding=\"async\" src=\"https:\/\/redsemlac.com\/semmexico\/wp-content\/uploads\/2021\/11\/WhatsApp-Image-2021-11-30-at-3.15.21-PM-1-1024x682.jpeg\" alt=\"\" data-id=\"42841\" data-full-url=\"https:\/\/redsemlac.com\/semmexico\/wp-content\/uploads\/2021\/11\/WhatsApp-Image-2021-11-30-at-3.15.21-PM-1.jpeg\" data-link=\"https:\/\/redsemlac.com\/semmexico\/?attachment_id=42841\" class=\"wp-image-42841\"\/><\/a><\/figure><\/li><li class=\"blocks-gallery-item\"><figure><a href=\"https:\/\/redsemlac.com\/semmexico\/wp-content\/uploads\/2021\/11\/WhatsApp-Image-2021-11-30-at-3.15.22-PM-1.jpeg\"><img loading=\"lazy\" decoding=\"async\" width=\"1024\" height=\"565\" src=\"https:\/\/redsemlac.com\/semmexico\/wp-content\/uploads\/2021\/11\/WhatsApp-Image-2021-11-30-at-3.15.22-PM-1.jpeg\" alt=\"\" data-id=\"42843\" data-full-url=\"https:\/\/redsemlac.com\/semmexico\/wp-content\/uploads\/2021\/11\/WhatsApp-Image-2021-11-30-at-3.15.22-PM-1.jpeg\" data-link=\"https:\/\/redsemlac.com\/semmexico\/?attachment_id=42843\" class=\"wp-image-42843\"\/><\/a><\/figure><\/li><li class=\"blocks-gallery-item\"><figure><a href=\"https:\/\/redsemlac.com\/semmexico\/wp-content\/uploads\/2021\/11\/WhatsApp-Image-2021-11-30-at-3.15.21-PM.jpeg\"><img loading=\"lazy\" decoding=\"async\" width=\"635\" height=\"347\" src=\"https:\/\/redsemlac.com\/semmexico\/wp-content\/uploads\/2021\/11\/WhatsApp-Image-2021-11-30-at-3.15.21-PM.jpeg\" alt=\"\" data-id=\"42842\" data-full-url=\"https:\/\/redsemlac.com\/semmexico\/wp-content\/uploads\/2021\/11\/WhatsApp-Image-2021-11-30-at-3.15.21-PM.jpeg\" data-link=\"https:\/\/redsemlac.com\/semmexico\/?attachment_id=42842\" class=\"wp-image-42842\"\/><\/a><\/figure><\/li><\/ul><\/figure>\n\n\n\n<p class=\"wp-block-paragraph\">Con Iv\u00f3n hubo filtraci\u00f3n de informaci\u00f3n y con Mar\u00eda Carmen y Quedma no se aplicaron medidas de protecci\u00f3n. Para todos los casos, no se proporcionan o no fueron accesibles las medidas de apoyo y asistencia en favor de las v\u00edctimas indirectas, como asesor\u00eda jur\u00eddica, apoyo psicosocial con perspectiva de g\u00e9nero y pertinencia cultural, gastos de traslados, entre otras.<\/p>\n\n\n\n<p class=\"wp-block-paragraph\">En cuanto a las autoridades judiciales, se evidenci\u00f3 la falta de perspectiva de g\u00e9nero. Con Quedma, pese a que la Fiscal\u00eda estatal inici\u00f3 la averiguaci\u00f3n por feminicidio, el juez que concedi\u00f3 la orden de aprehensi\u00f3n reclasific\u00f3 los hechos como homicidio calificado. Las juezas detectaron actuaciones con las que se acreditaron la colusi\u00f3n, corrupci\u00f3n y tr\u00e1fico de influencias para beneficiar a los responsables feminicidas.<\/p>\n\n\n\n<p class=\"wp-block-paragraph\">Con Mar\u00eda del Sol, se dej\u00f3 en libertad a uno de los responsables y hubo retrasos injustificados en la secuela del procedimiento, de hasta 13 veces de la audiencia intermedia. Por otra parte, el feminicida de Iv\u00f3n es hijo de funcionarios del Tribunal Superior de Justicia, lo que ha influido dentro de dicho tribunal.<\/p>\n","protected":false},"excerpt":{"rendered":"<p>Omisiones, ocultamiento y destrucci\u00f3n de pruebas, filtraci\u00f3n de datos y juzgar sin perspectiva de g\u00e9nero<\/p>\n","protected":false},"author":3,"featured_media":42851,"comment_status":"open","ping_status":"open","sticky":false,"template":"","format":"standard","meta":{"_monsterinsights_skip_tracking":false,"footnotes":""},"categories":[692,47,628,634,48],"tags":[629,149,146,142],"class_list":["post-42840","post","type-post","status-publish","format-standard","has-post-thumbnail","category-692","category-no-mas-impunidad","category-lo-destacado-2021","category-noviembre-destacado","category-no-mas-impunidad-no-mas-impunidad","tag-destacado2021","tag-mujeres","tag-oaxaca","tag-violencia"],"_links":{"self":[{"href":"https:\/\/redsemlac.com\/semmexico\/wp-json\/wp\/v2\/posts\/42840","targetHints":{"allow":["GET"]}}],"collection":[{"href":"https:\/\/redsemlac.com\/semmexico\/wp-json\/wp\/v2\/posts"}],"about":[{"href":"https:\/\/redsemlac.com\/semmexico\/wp-json\/wp\/v2\/types\/post"}],"author":[{"embeddable":true,"href":"https:\/\/redsemlac.com\/semmexico\/wp-json\/wp\/v2\/users\/3"}],"replies":[{"embeddable":true,"href":"https:\/\/redsemlac.com\/semmexico\/wp-json\/wp\/v2\/comments?post=42840"}],"version-history":[{"count":0,"href":"https:\/\/redsemlac.com\/semmexico\/wp-json\/wp\/v2\/posts\/42840\/revisions"}],"wp:featuredmedia":[{"embeddable":true,"href":"https:\/\/redsemlac.com\/semmexico\/wp-json\/wp\/v2\/media\/42851"}],"wp:attachment":[{"href":"https:\/\/redsemlac.com\/semmexico\/wp-json\/wp\/v2\/media?parent=42840"}],"wp:term":[{"taxonomy":"category","embeddable":true,"href":"https:\/\/redsemlac.com\/semmexico\/wp-json\/wp\/v2\/categories?post=42840"},{"taxonomy":"post_tag","embeddable":true,"href":"https:\/\/redsemlac.com\/semmexico\/wp-json\/wp\/v2\/tags?post=42840"}],"curies":[{"name":"wp","href":"https:\/\/api.w.org\/{rel}","templated":true}]}}