{"id":4281,"date":"2017-03-27T21:13:04","date_gmt":"2017-03-27T21:13:04","guid":{"rendered":"https:\/\/redsemlac.com\/semmexico\/?p=4281"},"modified":"2023-07-21T14:24:10","modified_gmt":"2023-07-21T19:24:10","slug":"miroslava-breach-velducea","status":"publish","type":"post","link":"https:\/\/redsemlac.com\/semmexico\/miroslava-breach-velducea\/","title":{"rendered":"Miroslava Breach Velducea"},"content":{"rendered":"\n<p class=\"wp-block-paragraph\">* El asesinato de periodistas tiene un contrasentido: callar a la verdad y horadar en la conciencia de la sociedad<\/p>\n\n\n\n<h5 class=\"wp-block-heading\"> * Asesinar periodistas es una censura, que aunque cuesta vidas, ya no somete a nadie.<\/h5>\n\n\n\n<p class=\"wp-block-paragraph\"><a href=\"https:\/\/semmexico.com\/gallery-post.php?id=1277#\">Soledad Jarqu\u00edn Edgar<\/a><\/p>\n\n\n\n<p class=\"wp-block-paragraph\">Mujeres y Pol\u00edtica<br>SemM\u00e9xico. Oaxaca. 27 de marzo de 2017.- M\u00e9xico no es un pa\u00eds seguro. Perdimos la tranquilidad hace ya varios a\u00f1os. Todas las personas somos v\u00edctimas de una o de otra forma.&nbsp;<br>No es un pa\u00eds seguro para nadie, ni para los hombres ni para mujeres. Menos si esos hombres o esas mujeres se dedican a informar, entonces el riesgo se multiplica.&nbsp;<br>Yo no conoc\u00ed personalmente a Miroslava Breach Velducea, periodista radicada en la ciudad de Chihuahua, columnista, reportera y corresponsal del diario La Jornada. Ahora sabemos qui\u00e9n era. Ahora sabemos que la asesinaron al salir de su casa cuando iba junto con su hijo. Le dispararon a corta distancia y que muri\u00f3 de manera instant\u00e1nea, seg\u00fan las cr\u00f3nicas. El gobernador de aquella entidad, Javier Corral, decret\u00f3 tres d\u00edas de luto en el Estado y ha prometido investigar y dar con los responsables de este hecho cobarde, para ello investigar\u00e1n todo lo que ha escrito. Porque el crimen tiene que ver con la tarea que desarroll\u00f3: el periodismo.<br>El asesinato de Miroslava Breach Velducea, el cuarto cometido contra informadores en solo unos cuantos d\u00edas &#8211; Cecilio Pineda, asesinado en Pungarabato, Guerrero; Cecilio Birto y Ricardo Monlui en Veracruz- confirman que esta es la actividad m\u00e1s peligrosa y que en M\u00e9xico las cosas est\u00e1n podridas.<br>No conoc\u00ed a Miroslava Breach Velducea, pero conozco a algunas de sus amigas. S\u00e9 de la indignaci\u00f3n que corre entre el gremio period\u00edstico del pa\u00eds e imagino el dolor que causa esta agresi\u00f3n cobarde a su familia, pienso en sus hijos, pienso en su madre, en el resto de su familia.<br>El asesinato de periodistas tiene un contrasentido: callar a la verdad y horadar en la conciencia de la sociedad; provocar miedo entre quienes saben cumplir con su deber, entre quienes han sido entrenados para transmitir hechos, investigar y revelar, entre quienes saben que as\u00ed se hace el periodismo.<br>Insisto, no conoc\u00ed a Miroslava Breach Velducea, como tampoco conoc\u00ed a otras periodistas que a lo largo de la \u00faltima d\u00e9cada han sido abatidas por la violencia como B\u00e1rbara McClatchie Andrews, asesinada en M\u00e9rida; Anabel Flores, en Veracruz; Zahamira Esther Bautista Luna, en Tamaulipas, o Regina Mart\u00ednez, tambi\u00e9n en Veracruz, cuyos nombres repito en ese recordatorio funesto que no debe ser costumbre en M\u00e9xico.<br>Sus asesinos, intelectuales y materiales, sin duda se equivocan, no se calla la verdad asesinando periodistas, reza una de las frases m\u00e1s socorridas de los \u00faltimos a\u00f1os y es cierto, as\u00ed no, de verdad que no.&nbsp;<br>Asesinar periodistas es una censura, que aunque cuesta vidas, ya no somete a nadie, ya no somete a este gremio pese a ser diverso y estar disperso, no. Lo que s\u00ed nos ha sometido, en todos estos a\u00f1os, es la impunidad, la falta de respuesta de las autoridades y la inexistente justicia para las v\u00edctimas.&nbsp;<br>\u00bfQui\u00e9n fue? Es la pregunta. Y la exigencia es de justicia. Los gobiernos no han dado respuesta. Dejan en vulnerabilidad a los y las profesionales del periodismo, pero, sobre todo a la sociedad, porque es a la sociedad a la que se le arrebata el derecho de estar informados. Y eso es lo que hac\u00eda Miroslava Breach Velducea, periodismo, an\u00e1lisis, cuestionaba e incomodaba al poder real y a los poderes f\u00e1cticos.&nbsp;<br>Porque en M\u00e9xico funcionan varios poderes, los que se eligen en las urnas y ganan, y que m\u00e1s tarde se convierten en reyes y pr\u00edncipes; los que se forman y tienen poder porque son l\u00edderes de grupos numerosos y otros porque son caciques de horca y cuchillo igual que a principios del siglo XX. Hoy vivimos el \u201cpoder\u201d de la delincuencia, del narco, que ha atravesado muchas m\u00e1s instituciones de las que podemos imaginar y no s\u00f3lo las de seguridad p\u00fablica y las de procuraci\u00f3n de justicia. Gobiernos municipales, estatales y hasta el federal est\u00e1n podridos, los gusanos han perforado hasta las mejores manzanas.<br>Y lo peor que nos puede pasar como sociedad, se ha dicho incansablemente, es acostumbrarnos a esa violencia que cotidiana nos retrata esa sociedad que no queremos, pero somos esa sociedad que violenta y somos la sociedad violentada, amedrentada, secuestrada, paralizada por esos poderes f\u00e1cticos que nos sorprenden cada d\u00eda en c\u00f3mo operan, en c\u00f3mo se meten, en c\u00f3mo corrompen y en c\u00f3mo intentan comprar a las buenas conciencias, a las y los informadores que reflejan la realidad, que no se intimidan y que los incomoda.<br>Y lo sabemos, como lo sabe quien deber\u00eda tener el sart\u00e9n por el mango, quienes deben gobernar, no como reyezuelos alejados de sus pueblos, pero no pasa nada. Las cifras de la impunidad contravienen todo principio de justicia en M\u00e9xico, la justicia es un anhelo y mientras no haya justicia, la delincuencia que asesina a sueldo para callar a una periodista, como sucedi\u00f3 con Miroslava Breach Velducea, seguir\u00e1 actuando. Entonces s\u00ed, los gobiernos deben responder con justicia. Eso es lo que queremos en M\u00e9xico, todas las familias seguimos esperando respuestas. Hoy la pedimos para Miroslava Breach Velducea, porque si no seguiremos diciendo que #FueElGobierno.<\/p>\n","protected":false},"excerpt":{"rendered":"<p>* El asesinato de periodistas tiene un contrasentido: callar a la verdad y horadar en la conciencia de la sociedad * Asesinar periodistas es una censura, que aunque cuesta vidas, ya no somete a nadie. Soledad Jarqu\u00edn Edgar Mujeres y Pol\u00edticaSemM\u00e9xico. Oaxaca. 27 de marzo de 2017.- M\u00e9xico no es un pa\u00eds seguro. Perdimos la [&hellip;]<\/p>\n","protected":false},"author":3,"featured_media":4282,"comment_status":"open","ping_status":"open","sticky":false,"template":"","format":"standard","meta":{"_monsterinsights_skip_tracking":false,"footnotes":""},"categories":[687,75,1],"tags":[],"class_list":["post-4281","post","type-post","status-publish","format-standard","has-post-thumbnail","category-687","category-soledad-jarquin-edgar","category-uncategorized"],"_links":{"self":[{"href":"https:\/\/redsemlac.com\/semmexico\/wp-json\/wp\/v2\/posts\/4281","targetHints":{"allow":["GET"]}}],"collection":[{"href":"https:\/\/redsemlac.com\/semmexico\/wp-json\/wp\/v2\/posts"}],"about":[{"href":"https:\/\/redsemlac.com\/semmexico\/wp-json\/wp\/v2\/types\/post"}],"author":[{"embeddable":true,"href":"https:\/\/redsemlac.com\/semmexico\/wp-json\/wp\/v2\/users\/3"}],"replies":[{"embeddable":true,"href":"https:\/\/redsemlac.com\/semmexico\/wp-json\/wp\/v2\/comments?post=4281"}],"version-history":[{"count":0,"href":"https:\/\/redsemlac.com\/semmexico\/wp-json\/wp\/v2\/posts\/4281\/revisions"}],"wp:featuredmedia":[{"embeddable":true,"href":"https:\/\/redsemlac.com\/semmexico\/wp-json\/wp\/v2\/media\/4282"}],"wp:attachment":[{"href":"https:\/\/redsemlac.com\/semmexico\/wp-json\/wp\/v2\/media?parent=4281"}],"wp:term":[{"taxonomy":"category","embeddable":true,"href":"https:\/\/redsemlac.com\/semmexico\/wp-json\/wp\/v2\/categories?post=4281"},{"taxonomy":"post_tag","embeddable":true,"href":"https:\/\/redsemlac.com\/semmexico\/wp-json\/wp\/v2\/tags?post=4281"}],"curies":[{"name":"wp","href":"https:\/\/api.w.org\/{rel}","templated":true}]}}