{"id":42783,"date":"2021-11-29T16:08:57","date_gmt":"2021-11-29T22:08:57","guid":{"rendered":"https:\/\/redsemlac.com\/semmexico\/?p=42783"},"modified":"2023-07-21T18:52:51","modified_gmt":"2023-07-21T23:52:51","slug":"defensora-elisa-zepeda-denuncia-nuevas-agresiones-en-su-contra","status":"publish","type":"post","link":"https:\/\/redsemlac.com\/semmexico\/defensora-elisa-zepeda-denuncia-nuevas-agresiones-en-su-contra\/","title":{"rendered":"Defensora Elisa Zepeda denuncia nuevas agresiones en su contra"},"content":{"rendered":"\n<ul class=\"wp-block-list\"><li><strong>Garant\u00edas de seguridad y protecci\u00f3n, exige defensora v\u00edctima de tentativa de feminicidio<\/strong><\/li><\/ul>\n\n\n\n<p class=\"wp-block-paragraph\"><a><\/a><strong>Redacci\u00f3n<\/strong><\/p>\n\n\n\n<p class=\"wp-block-paragraph\">SemM\u00e9xico. Cd. de M\u00e9xico. 29 de noviembre de 2021.- En el marco del 29 de noviembre \u201cD\u00eda Internacional de las Mujeres Defensoras de los Derechos Humanos, la defensora mazateca Elisa Zepeda Lagunas, denuncia nuevas agresiones en su contra y exige garant\u00edas para salvaguardar su vida e integridad f\u00edsica y emocional, as\u00ed como la de su familia.<\/p>\n\n\n\n<p class=\"wp-block-paragraph\">A casi 7 a\u00f1os de haber sido v\u00edctima de tentativa de Feminicida, luego de los hechos ocurridos en Eloxochitl\u00e1n de Flores Mag\u00f3n, Oaxaca, contin\u00faan las agresiones en su contra materializ\u00e1ndose a trav\u00e9s de&nbsp; campa\u00f1as de difamaci\u00f3n y desprestigio, tergiversaci\u00f3n de la verdad, intimidaci\u00f3n v\u00eda la toma de fotograf\u00edas, seguimiento, atentados en tramos carreteros, entre otros recientes incidentes en su contra.<\/p>\n\n\n\n<p class=\"wp-block-paragraph\">Recientemente, la distorsi\u00f3n de los hechos, mediante las mentiras y la invisibilizaci\u00f3n de los homicidios cometidos contra su hermano Manuel Zepeda Lagunas y el joven Gustavo Estrada Andrade buscan quedar impunes. As\u00ed como lo buscan ser las tentativas de feminicidio contra la defensora y contra su madre, quienes sobrevivieron a las brutales agresiones.<\/p>\n\n\n\n<p class=\"wp-block-paragraph\">El que una mujer se haya atrevido a participar en la vida comunitaria, trajo consigo las agresiones f\u00edsicas que ten\u00edan como objetivo acallar su aliento y su voz.<\/p>\n\n\n\n<p class=\"wp-block-paragraph\">Este pr\u00f3ximo 14 de diciembre&nbsp; se cumplen 7 a\u00f1os de los delitos cometidos, sin embargo, a 2,572 d\u00edas de los tr\u00e1gicos hechos que rompieron con la paz de la comunidad, a\u00fan no ha sido garantizado el acceso a la justicia, la reparaci\u00f3n del da\u00f1o y mucho menos garant\u00edas para la no repetici\u00f3n.<\/p>\n\n\n\n<p class=\"wp-block-paragraph\">Contrario a ello, las personas responsables de los homicidios y de las tentativas de feminicidio, hoy intentan sorprender la buena voluntad de personas buscando aliados y aliadas queriendo ser reivindicados como presos pol\u00edticos, buscando obtener su libertad.<\/p>\n\n\n\n<p class=\"wp-block-paragraph\">Existe tambi\u00e9n la idea de hacer creer que la defensora ha buscado hacer uso de su investidura para lograr que los homicidas contin\u00faen y permanezcan presos; sin tomar en consideraci\u00f3n los delitos cometidos contra su hermano y en general sobre la comunidad de Eloxochitl\u00e1n.<\/p>\n\n\n\n<p class=\"wp-block-paragraph\">El nivel del discurso que presentan las familias de las personas presas, contribuye a la normalizaci\u00f3n de la violencia comunitaria. La defensa de homicidas evidencia el nivel de descomposici\u00f3n social no solo a nivel estatal sino nacional.<\/p>\n\n\n\n<p class=\"wp-block-paragraph\">Cada d\u00eda 10 mujeres son asesinadas en M\u00e9xico. La sa\u00f1a y brutalidad se agudiza cuando se trata de mujeres lideresas y defensoras, con el fin de acallar su voz, por lo que desde el Colectivo por la Ciudadan\u00eda de las Mujeres, organizaci\u00f3n de la sociedad civil que defiende y promueve los derechos de las mujeres, particularmente su derecho a la participaci\u00f3n pol\u00edtica, y desde las organizaciones que nos encontramos presentes, respaldamos a la defensora Elisa Zepeda Lagunas, a su familia y nos unimos en la exigencia de que:<\/p>\n\n\n\n<ul class=\"wp-block-list\"><li>El Gobierno Federal priorice la resoluci\u00f3n del conflicto comunitario en Eloxochitl\u00e1n en donde se garantice la participaci\u00f3n pol\u00edtica de las mujeres en condiciones de igualdad y seguridad.<\/li><\/ul>\n\n\n\n<ul class=\"wp-block-list\"><li>La Secretar\u00eda de Gobernaci\u00f3n, a trav\u00e9s del Mecanismo de Protecci\u00f3n para Personas Defensoras de Derechos Humanos y Periodistas, brinde las medidas de protecci\u00f3n necesarias para salvaguardar la vida e integridad f\u00edsica y psicoemocional de la defensora y su familia.<\/li><\/ul>\n\n\n\n<ul class=\"wp-block-list\"><li>La Fiscal\u00eda General del Estado de Oaxaca garantice el conocimiento de la verdad y acceso a la justicia para la defensora y su familia.<\/li><\/ul>\n\n\n\n<ul class=\"wp-block-list\"><li>Exista una reparaci\u00f3n integral del da\u00f1o que contemple las afectaciones comunitarias, impactos psicosociales y las garant\u00edas de no repetici\u00f3n.<\/li><\/ul>\n\n\n\n<p class=\"wp-block-paragraph\">Como defensoras de los derechos de las mujeres, estamos convencidas de que participar en la vida p\u00fablica y comunitaria de nuestra sociedad no deber\u00eda costarnos la vida por lo que el acceso a la justicia ser\u00e1 la \u00fanica respuesta que contribuir\u00e1 a erradicar la violencia de g\u00e9nero que cada d\u00eda cobra la vida de decenas de mujeres en nuestro pa\u00eds.<\/p>\n","protected":false},"excerpt":{"rendered":"<p>Garant\u00edas de seguridad y protecci\u00f3n, exige defensora v\u00edctima de tentativa de feminicidio<\/p>\n","protected":false},"author":3,"featured_media":42784,"comment_status":"open","ping_status":"open","sticky":false,"template":"","format":"standard","meta":{"_monsterinsights_skip_tracking":false,"footnotes":""},"categories":[692,47,48],"tags":[146,142],"class_list":["post-42783","post","type-post","status-publish","format-standard","has-post-thumbnail","category-692","category-no-mas-impunidad","category-no-mas-impunidad-no-mas-impunidad","tag-oaxaca","tag-violencia"],"_links":{"self":[{"href":"https:\/\/redsemlac.com\/semmexico\/wp-json\/wp\/v2\/posts\/42783","targetHints":{"allow":["GET"]}}],"collection":[{"href":"https:\/\/redsemlac.com\/semmexico\/wp-json\/wp\/v2\/posts"}],"about":[{"href":"https:\/\/redsemlac.com\/semmexico\/wp-json\/wp\/v2\/types\/post"}],"author":[{"embeddable":true,"href":"https:\/\/redsemlac.com\/semmexico\/wp-json\/wp\/v2\/users\/3"}],"replies":[{"embeddable":true,"href":"https:\/\/redsemlac.com\/semmexico\/wp-json\/wp\/v2\/comments?post=42783"}],"version-history":[{"count":0,"href":"https:\/\/redsemlac.com\/semmexico\/wp-json\/wp\/v2\/posts\/42783\/revisions"}],"wp:featuredmedia":[{"embeddable":true,"href":"https:\/\/redsemlac.com\/semmexico\/wp-json\/wp\/v2\/media\/42784"}],"wp:attachment":[{"href":"https:\/\/redsemlac.com\/semmexico\/wp-json\/wp\/v2\/media?parent=42783"}],"wp:term":[{"taxonomy":"category","embeddable":true,"href":"https:\/\/redsemlac.com\/semmexico\/wp-json\/wp\/v2\/categories?post=42783"},{"taxonomy":"post_tag","embeddable":true,"href":"https:\/\/redsemlac.com\/semmexico\/wp-json\/wp\/v2\/tags?post=42783"}],"curies":[{"name":"wp","href":"https:\/\/api.w.org\/{rel}","templated":true}]}}