{"id":42777,"date":"2021-11-29T16:04:05","date_gmt":"2021-11-29T22:04:05","guid":{"rendered":"https:\/\/redsemlac.com\/semmexico\/?p=42777"},"modified":"2023-07-21T18:52:51","modified_gmt":"2023-07-21T23:52:51","slug":"cuba-articular-miradas-para-una-atencion-integral-a-las-violencias","status":"publish","type":"post","link":"https:\/\/redsemlac.com\/semmexico\/cuba-articular-miradas-para-una-atencion-integral-a-las-violencias\/","title":{"rendered":"Cuba: Articular miradas para una atenci\u00f3n integral a las violencias"},"content":{"rendered":"\n<p class=\"wp-block-paragraph\"><strong>Redacci\u00f3n<\/strong><\/p>\n\n\n\n<p class=\"wp-block-paragraph\">SemM\u00e9xico\/SEMlac. Matanzas, noviembre. 29 de noviembre de 2021.- La respuesta integral a la violencia basada en g\u00e9nero requiere pasar de la atenci\u00f3n de los episodios violentos, a transformar las causas y condiciones que los generan, se\u00f1alaron especialistas en la IV Reuni\u00f3n de Investigadores\/as \u201cConstruyendo pol\u00edticas basadas en evidencias cient\u00edficas\u201d, realizada del 22 al 26 de noviembre en Matanzas, a unos 100 kil\u00f3metros de la capital.<\/p>\n\n\n\n<p class=\"wp-block-paragraph\">Tambi\u00e9n abogaron por colocar la mirada en la prevenci\u00f3n, con especial \u00e9nfasis en la educaci\u00f3n de ni\u00f1os, ni\u00f1as, adolescentes y j\u00f3venes, y articular esfuerzos en los entornos comunitarios.<\/p>\n\n\n\n<p class=\"wp-block-paragraph\">Tanto las investigaciones como las experiencias sistematizadas de proyectos comunitarios y de servicios presentados en el encuentro, destacaron la prevalencia y la permanencia de la violencia de g\u00e9nero en los diferentes \u00e1mbitos de la vida.<\/p>\n\n\n\n<p class=\"wp-block-paragraph\">Participantes en el intercambio identificaron como nodos cr\u00edticos la necesidad de llegar a consensos relacionados con las principales conceptualizaciones de violencia de g\u00e9nero.<\/p>\n\n\n\n<p class=\"wp-block-paragraph\">\u201cSe impone que en Cuba arribemos, o al menos nos aproximemos, a consensos epist\u00e9micos de qu\u00e9 estamos entendiendo por violencia basada en g\u00e9nero\u201d, consider\u00f3 el jurista Manuel V\u00e1zquez Seijido, subdirector del Centro Nacional de Educaci\u00f3n Sexual (Cenesex), una de las instituciones convocantes a la cita, junto al Centro Oscar Arnulfo Romero y la Sociedad Cubana Multidisciplinaria para el Estudio de la Sexualidad (Socumes).<\/p>\n\n\n\n<figure class=\"wp-block-gallery columns-2 is-cropped wp-block-gallery-1 is-layout-flex wp-block-gallery-is-layout-flex\"><ul class=\"blocks-gallery-grid\"><li class=\"blocks-gallery-item\"><figure><a href=\"https:\/\/redsemlac.com\/semmexico\/wp-content\/uploads\/2021\/11\/iya.jpg\"><img decoding=\"async\" src=\"https:\/\/redsemlac.com\/semmexico\/wp-content\/uploads\/2021\/11\/iya-1024x1024.jpg\" alt=\"\" data-id=\"42779\" data-full-url=\"https:\/\/redsemlac.com\/semmexico\/wp-content\/uploads\/2021\/11\/iya.jpg\" data-link=\"https:\/\/redsemlac.com\/semmexico\/?attachment_id=42779\" class=\"wp-image-42779\"\/><\/a><\/figure><\/li><li class=\"blocks-gallery-item\"><figure><a href=\"https:\/\/redsemlac.com\/semmexico\/wp-content\/uploads\/2021\/11\/manuel.png\"><img decoding=\"async\" src=\"https:\/\/redsemlac.com\/semmexico\/wp-content\/uploads\/2021\/11\/manuel-1024x1024.png\" alt=\"\" data-id=\"42780\" data-full-url=\"https:\/\/redsemlac.com\/semmexico\/wp-content\/uploads\/2021\/11\/manuel.png\" data-link=\"https:\/\/redsemlac.com\/semmexico\/?attachment_id=42780\" class=\"wp-image-42780\"\/><\/a><\/figure><\/li><\/ul><\/figure>\n\n\n\n<p class=\"wp-block-paragraph\">\u201cEste no es un tema eminentemente acad\u00e9mico, porque va a depender de c\u00f3mo dibujemos el fen\u00f3meno y las estrategias de atenci\u00f3n. Si yo tengo una visi\u00f3n limitada, voy a impulsar una respuesta limitada a la problem\u00e1tica\u201d, precis\u00f3 V\u00e1zquez Seijido<\/p>\n\n\n\n<p class=\"wp-block-paragraph\">Para la soci\u00f3loga Clotilde Proveyer Cerates, si bien aproximarse a definiciones m\u00e1s integrales del fen\u00f3meno es un reto, \u201cno hay duda de que la violencia de g\u00e9nero es una violencia patriarcal, sexista y que se ejerce hacia todo aquello que atenta contra esa dominaci\u00f3n patriarcal\u201d, dijo.<\/p>\n\n\n\n<p class=\"wp-block-paragraph\">De acuerdo con la experta, es necesario profundizar en los enfoques intersectoriales e interseccionales, para lograr an\u00e1lisis propicios sobre las desigualdades como origen de estas violencias basadas en g\u00e9nero.<\/p>\n\n\n\n<p class=\"wp-block-paragraph\">\u201cEstamos hablando de un fen\u00f3meno que tiene que ver, sobre todo, con las desigualdades de poder. Por lo tanto, es importante tener en cuenta&nbsp; la violencia estructural y la simb\u00f3lica, que es la que objetiviza esa violencia estructural, para poder identificar las diferentes desigualdades y los sistemas de opresi\u00f3n que transversalizan el ejercicio de la violencia basada en g\u00e9nero\u201d, consider\u00f3 la soci\u00f3loga Iyamira Hern\u00e1ndez Pita.<\/p>\n\n\n\n<p class=\"wp-block-paragraph\">Igualmente, dijo, no se pueden perder de vista todos los elementos que est\u00e1n alrededor del control -sobre los cuerpos- y en particular los aspectos que tienen que ver con la interseccionalidad, un enfoque que nos ayuda tambi\u00e9n a ubicar esos sistemas de desigualdades y las capas de vulnerabilidades que ellos generan, asociadas al color de la piel, la territorialidad, el sexo, la edad, las migraciones, la feminizaci\u00f3n de la pobreza, entre otros determinantes, dijo la especialista.<\/p>\n\n\n\n<h2 class=\"wp-block-heading\"><strong>Conocer la realidad para cambiarla<\/strong><\/h2>\n\n\n\n<p class=\"wp-block-paragraph\">A juicio de la pedagoga Yoanka Rodney Rodr\u00edguez, \u201cvisibilizar el fen\u00f3meno de manera consciente y activa es un desaf\u00edo. Hay una brecha entre los altos decisores y la voluntad pol\u00edtica, y la base, pues en el intermedio hay otro grupo que no es consciente de la necesidad de la transformaci\u00f3n y de aceptar que es una realidad que existe.<\/p>\n\n\n\n<p class=\"wp-block-paragraph\">La integraci\u00f3n de aristas y miradas que permitan conocer mejor el fen\u00f3meno desde las diferentes \u00e1reas de investigaci\u00f3n es todav\u00eda una deuda en la investigaci\u00f3n de esta tem\u00e1tica, consider\u00f3.<\/p>\n\n\n\n<p class=\"wp-block-paragraph\">Para la jurista Iv\u00f3n Cala\u00f1a P\u00e9rez, la carencia de estad\u00edsticas oficiales sobre esta problem\u00e1tica contribuye a que no se advierta toda su magnitud y que los an\u00e1lisis sean limitados.<\/p>\n\n\n\n<div class=\"wp-block-image\"><figure class=\"alignright size-full is-resized\"><a href=\"https:\/\/redsemlac.com\/semmexico\/wp-content\/uploads\/2021\/11\/raida.jpg\"><img loading=\"lazy\" decoding=\"async\" src=\"https:\/\/redsemlac.com\/semmexico\/wp-content\/uploads\/2021\/11\/raida.jpg\" alt=\"\" class=\"wp-image-42778\" width=\"176\" height=\"179\"\/><\/a><\/figure><\/div>\n\n\n\n<p class=\"wp-block-paragraph\">La soci\u00f3loga Raida Semanat Truti\u00e9 llam\u00f3 la atenci\u00f3n sobre la urgencia de miradas intencionadas al tema desde las poblaciones infantiles, de adolescentes y j\u00f3venes como v\u00edctimas, pero tambi\u00e9n como potenciales reproductores de conductas aprendidas y aprehendidas en las interacciones que establecen con figuras adultas, que reproducen estereotipos y violencia.<\/p>\n\n\n\n<p class=\"wp-block-paragraph\">\u201cSe debe poner \u00e9nfasis en la significaci\u00f3n de las familias en la educaci\u00f3n de sus integrantes y tambi\u00e9n en las din\u00e1micas que tienen lugar en las relaciones de pareja que establecen adolescentes y j\u00f3venes en la actualidad, en las que se reproducen interacciones violentas\u201d, sostuvo.<\/p>\n\n\n\n<p class=\"wp-block-paragraph\">Las y los especialistas concordaron en que los servicios de orientaci\u00f3n jur\u00eddica son escenarios y propicios para el asesoramiento y acompa\u00f1amiento de las v\u00edctimas de violencia de g\u00e9nero; en tanto la articulaci\u00f3n de los actores acad\u00e9micos y de la sociedad civil es una buena pr\u00e1ctica en la formaci\u00f3n de recursos humanos locales y comunitarios, y en el dise\u00f1o e implementaci\u00f3n de metodolog\u00edas para el diagn\u00f3stico, atenci\u00f3n y acompa\u00f1amiento de las v\u00edctimas de violencia de g\u00e9nero.<\/p>\n\n\n\n<p class=\"wp-block-paragraph\">Yailyn Rosales, soci\u00f3loga del Cenesex, insisti\u00f3 en velar por la calidad de los servicios que se brindan en este acompa\u00f1amiento y la inclusi\u00f3n de otras poblaciones o grupos sociales, como es el caso de los hombres, ni\u00f1as, ni\u00f1os y adolescentes y personas con sexualidades no heteronormativas.<\/p>\n\n\n\n<p class=\"wp-block-paragraph\">De igual modo, explic\u00f3 la jurista Iv\u00f3n Cala\u00f1a, las rutas hacia la atenci\u00f3n integral de la violencia de g\u00e9nero tienen que pasar por la sensibilizaci\u00f3n y capacitaci\u00f3n de operadores del Derecho, agentes del orden p\u00fablico, personal de salud, trabajadores sociales y dem\u00e1s actores sociales que deben formar parte del engranaje necesario para la atenci\u00f3n y acompa\u00f1amiento a las v\u00edctimas, y que redunde en la reivindicaci\u00f3n de sus derechos.<\/p>\n\n\n\n<p class=\"wp-block-paragraph\">\u201cEs preciso potenciar en las personas patrones generadores de bienestar e incentivar debates en torno al cuidado de los cuerpos desde edades tempranas\u201d, a\u00f1adi\u00f3.<\/p>\n\n\n\n<p class=\"wp-block-paragraph\">En el encuentro se habl\u00f3 de la relevancia de actualizar y perfeccionar las normas jur\u00eddicas para el tratamiento efectivo de las violencias y formas de violencias en los escenarios donde se producen y reproducen.<\/p>\n\n\n\n<p class=\"wp-block-paragraph\">\u201cLos procesos que se est\u00e1n realizando en torno al nuevo C\u00f3digo de las Familias, las leyes de proceso penal y la ejecuci\u00f3n de sanciones van a ayudar a prevenir la violencia y a atender no solo a las v\u00edctimas y sobrevivientes, sino tambi\u00e9n a los hombres, otro reto grande que tenemos\u201d, apunt\u00f3 Hern\u00e1ndez Pita.<\/p>\n","protected":false},"excerpt":{"rendered":"<p> La respuesta integral a la violencia basada en g\u00e9nero requiere pasar de la atenci\u00f3n de los episodios violentos, a transformar las causas y condiciones que los generan<\/p>\n","protected":false},"author":3,"featured_media":42781,"comment_status":"open","ping_status":"open","sticky":false,"template":"","format":"standard","meta":{"_monsterinsights_skip_tracking":false,"footnotes":""},"categories":[626,692],"tags":[],"class_list":["post-42777","post","type-post","status-publish","format-standard","has-post-thumbnail","category-16-dias","category-692"],"_links":{"self":[{"href":"https:\/\/redsemlac.com\/semmexico\/wp-json\/wp\/v2\/posts\/42777","targetHints":{"allow":["GET"]}}],"collection":[{"href":"https:\/\/redsemlac.com\/semmexico\/wp-json\/wp\/v2\/posts"}],"about":[{"href":"https:\/\/redsemlac.com\/semmexico\/wp-json\/wp\/v2\/types\/post"}],"author":[{"embeddable":true,"href":"https:\/\/redsemlac.com\/semmexico\/wp-json\/wp\/v2\/users\/3"}],"replies":[{"embeddable":true,"href":"https:\/\/redsemlac.com\/semmexico\/wp-json\/wp\/v2\/comments?post=42777"}],"version-history":[{"count":0,"href":"https:\/\/redsemlac.com\/semmexico\/wp-json\/wp\/v2\/posts\/42777\/revisions"}],"wp:featuredmedia":[{"embeddable":true,"href":"https:\/\/redsemlac.com\/semmexico\/wp-json\/wp\/v2\/media\/42781"}],"wp:attachment":[{"href":"https:\/\/redsemlac.com\/semmexico\/wp-json\/wp\/v2\/media?parent=42777"}],"wp:term":[{"taxonomy":"category","embeddable":true,"href":"https:\/\/redsemlac.com\/semmexico\/wp-json\/wp\/v2\/categories?post=42777"},{"taxonomy":"post_tag","embeddable":true,"href":"https:\/\/redsemlac.com\/semmexico\/wp-json\/wp\/v2\/tags?post=42777"}],"curies":[{"name":"wp","href":"https:\/\/api.w.org\/{rel}","templated":true}]}}