{"id":42769,"date":"2021-11-29T15:55:33","date_gmt":"2021-11-29T21:55:33","guid":{"rendered":"https:\/\/redsemlac.com\/semmexico\/?p=42769"},"modified":"2023-07-21T18:52:52","modified_gmt":"2023-07-21T23:52:52","slug":"eleccion-extraordinaria-en-illiatenco-sin-incidentes-iepc-gro","status":"publish","type":"post","link":"https:\/\/redsemlac.com\/semmexico\/eleccion-extraordinaria-en-illiatenco-sin-incidentes-iepc-gro\/","title":{"rendered":"Elecci\u00f3n extraordinaria en Illiatenco sin incidentes: IEPC- GRO"},"content":{"rendered":"\n<p class=\"wp-block-paragraph\">Redacci\u00f3n<br><br>SemM\u00e9xico\/ Ceprovysa.Tlapa de Comonfort, Guerrero. 29 de noviembre de 2021.- La Presidenta del Instituto Electoral y de Participaci\u00f3n Ciudadana de Guerrero, Luz Fabiola Matildes Gama, en la 48 Sesi\u00f3n del Consejo del \u00f3rgano electoral, se\u00f1al\u00f3 que la elecci\u00f3n extraordinaria de Illiatenco se realiz\u00f3 \u201csin incidentes, hasta el momento\u201d.<br><br>Luego de que el Tribunal Electoral del Poder Judicial de la Federaci\u00f3n anulara la elecci\u00f3n por violencia politica de g\u00e9nero, \u00e9ste domingo se realiz\u00f3 la elecci\u00f3n extraordinaria, cuyos resultados hasta el corte de las 19 horas con 50 minutos ten\u00eda computado dos casillas de 14 instaladas.<br><br>De acuerdo a los datos del Consejero Presidente del Instituto Nacional Electoral, Dagoberto Santos Trigo, la lista nominal en Illiatenco est\u00e1 conformada por 7 Mil 108 ciudadanos, de los cuales 3 Mil 870 son mujeres y 3 mil 238 hombres.<br><br>Se instalaron 14 mesas receptoras de las cuales 6 son b\u00e1sicas, 7 contiguas y 1 extraordinaria, atendidas por 98 funcionari@s electorales.<br><br>Las localidades donde se instalaron las casillas son: Alchipahuac, Cruztom\u00e1huac, Arroyo San Pedro, Aserradero, San Jos\u00e9 Vista Hermosa, as\u00ed como la propia cabecera municipal de Illiatenco.<br><br>La jornada electoral fue resguardada por elementos de seguridad p\u00fablica.<br><br>Participaron en la contienda por MC Ruperta Nicol\u00e1s Hilario; por el PT, Eric Sandro Leal Cant\u00fa;<br><br>por el PAN, Florina Sim\u00f3n Rojas; por el PRI, Sof\u00eda Sim\u00f3n Rojas.<br><br>Eugenia Pacheco Cant\u00fa; Como Candidata de los partidos Verde Ecologista de M\u00e9xico y Movimiento de Regeneraci\u00f3n Nacional, MORENA.<\/p>\n","protected":false},"excerpt":{"rendered":"<p>De acuerdo a los datos del Consejero Presidente del Instituto Nacional Electoral, Dagoberto Santos Trigo, la lista nominal en Illiatenco est\u00e1 conformada por 7 Mil 108 ciudadanos, de los cuales 3 Mil 870 son mujeres y 3 mil 238 hombres.<\/p>\n","protected":false},"author":3,"featured_media":42770,"comment_status":"open","ping_status":"open","sticky":false,"template":"","format":"standard","meta":{"_monsterinsights_skip_tracking":false,"footnotes":""},"categories":[692,141],"tags":[228,144],"class_list":["post-42769","post","type-post","status-publish","format-standard","has-post-thumbnail","category-692","category-elecciones-2020-2021","tag-elecciones","tag-guerrero"],"_links":{"self":[{"href":"https:\/\/redsemlac.com\/semmexico\/wp-json\/wp\/v2\/posts\/42769","targetHints":{"allow":["GET"]}}],"collection":[{"href":"https:\/\/redsemlac.com\/semmexico\/wp-json\/wp\/v2\/posts"}],"about":[{"href":"https:\/\/redsemlac.com\/semmexico\/wp-json\/wp\/v2\/types\/post"}],"author":[{"embeddable":true,"href":"https:\/\/redsemlac.com\/semmexico\/wp-json\/wp\/v2\/users\/3"}],"replies":[{"embeddable":true,"href":"https:\/\/redsemlac.com\/semmexico\/wp-json\/wp\/v2\/comments?post=42769"}],"version-history":[{"count":0,"href":"https:\/\/redsemlac.com\/semmexico\/wp-json\/wp\/v2\/posts\/42769\/revisions"}],"wp:featuredmedia":[{"embeddable":true,"href":"https:\/\/redsemlac.com\/semmexico\/wp-json\/wp\/v2\/media\/42770"}],"wp:attachment":[{"href":"https:\/\/redsemlac.com\/semmexico\/wp-json\/wp\/v2\/media?parent=42769"}],"wp:term":[{"taxonomy":"category","embeddable":true,"href":"https:\/\/redsemlac.com\/semmexico\/wp-json\/wp\/v2\/categories?post=42769"},{"taxonomy":"post_tag","embeddable":true,"href":"https:\/\/redsemlac.com\/semmexico\/wp-json\/wp\/v2\/tags?post=42769"}],"curies":[{"name":"wp","href":"https:\/\/api.w.org\/{rel}","templated":true}]}}