{"id":4274,"date":"2019-04-10T21:08:49","date_gmt":"2019-04-10T21:08:49","guid":{"rendered":"https:\/\/redsemlac.com\/semmexico\/?p=4274"},"modified":"2023-07-21T14:48:13","modified_gmt":"2023-07-21T19:48:13","slug":"la-guerra-y-rencillas","status":"publish","type":"post","link":"https:\/\/redsemlac.com\/semmexico\/la-guerra-y-rencillas\/","title":{"rendered":"La guerra y rencillas"},"content":{"rendered":"\n<p class=\"wp-block-paragraph\">Mujeres y Pol\u00edtica<\/p>\n\n\n\n<p class=\"wp-block-paragraph\"><a href=\"https:\/\/semmexico.com\/gallery-post.php?id=1448#\">Soledad Jarqu\u00edn Edgar<\/a><\/p>\n\n\n\n<p class=\"wp-block-paragraph\">SemM\u00e9xico, 10 abril 2019.- Y en tanto una guerra pone en riesgo al mundo, en M\u00e9xico, en Oaxaca libramos todas las batallas y somos una especie de sobrevivientes.<br>Lo sucedido en Siria, el ataque qu\u00edmico y luego la respuesta b\u00e9lica de Estados Unidos de Norteam\u00e9rica, l\u00e9ase Mr. Trump, nos revelan la gravedad de una buena parte de la humanidad, la parte que sostiene el sart\u00e9n por el mango, el poder real, el poder que decide quien vive y quien muere.<br>Simplemente no se entiende. Las v\u00edctimas de todas las edades, nos ponen en el m\u00e1s arcaico de los momentos, como cuando no hab\u00eda derechos humanos (al menos declarados), cuando la fuerza era (pero sigue siendo) la \u201craz\u00f3n\u201d. Como la raz\u00f3n impuesta por las religiones y la sangre corri\u00f3 (y sigue corriendo) por cada continente, en el nombre de Dios se produjeron (y se siguen produciendo) todas las atrocidades.&nbsp;<br>Crueldad sin l\u00edmite, ocurri\u00f3 y sigue ocurriendo por el color de piel, del exterminio a la esclavitud, vergonzosos aprendizajes, hasta el holocausto nazi, incomprensible por siempre.<br>La guerra es una industria que produce miles, millones de personas asesinadas, v\u00edctimas de la ambici\u00f3n desmedida, del fanatismo y, peor a\u00fan, de la ignorancia.<br>De todas esas guerras, hay una que se ha mantenido por los siglos, basada en fundamentalismos igualmente arcaicos, una guerra sutil tan cruenta como las otras, donde el campo de batalla es la vida diaria, el espacio com\u00fan, el lugar de convivencia diaria, la gota que cae sobre la piedra y la horada. La guerra contra las mujeres porque se piensa en ellas como seres a las que se ordena, se mandata y se les designa, seres inferiores, a las que se debe mantener fuera del poder.<br>La bit\u00e1cora de la misoginia es brutal y avasalladora. La liebre salta por cualquier lado, en cualquier lugar, a cualquier hora. Cuando no es un honorable juez, es un funcionario de cualquier espacio de gobierno o un presidente municipal, un expresidente de M\u00e9xico, un religioso, un maestro frente a la clase o un ex dirigente del movimiento estudiantil del 68 con un micr\u00f3fono en mano, o un esposo enojado que roc\u00eda gasolina y prende fuego a su pareja, cada uno desde su espacio de poder. No importa qui\u00e9n sea o qui\u00e9n haya sido, el odio hacia las mujeres brota porque la semilla la tienen sembrada en lo profundo o apenas bajo la piel y brota, cualquier d\u00eda, sin raz\u00f3n, sin nada, solo brota.<br>As\u00ed la guerra, la guerra que ensombrece la vida y produce muerte. Y puede ser la guerra como ahora sucede en Siria, donde vemos el ataque con misiles al mismo tiempo en que ocurre, como si observamos la guerra de las galaxias. Y luego los ni\u00f1os y ni\u00f1as muertas, las mujeres muertas, los hombres muertos, la desesperaci\u00f3n, la crueldad\u2026pero tenemos que seguir y apagamos el televisor y nos vamos. Igual que hacemos cuando vemos a mujeres rascando la tierra para encontrar los cad\u00e1veres de sus hijos \u00bfen Siria? No, en M\u00e9xico. Como cuando sabemos de las mujeres asesinadas cada d\u00eda, seis, dicen unos, siete, afirman otros \u00bfEn Siria? No, en M\u00e9xico y observamos que nos han vacunado contra esa y todas las violencias, que la indignaci\u00f3n nos dura poco, poqu\u00edsimo. No es para menos, llevamos al menos un decenio sobreviviendo a una guerra no declarada \u00bfen Siria? No, por supuesto que no, en M\u00e9xico.<br>Rencillas pol\u00edticas&nbsp;<br>En Oaxaca la omisi\u00f3n hacia los hechos que afectan a las mujeres por parte de los gobiernos es cosa grave. Las instituciones responsables de las pol\u00edticas p\u00fablicas desde una perspectiva feminista o de g\u00e9nero y su transversalizaci\u00f3n en todos los quehaceres de gobierno han quedado rezagados desde hace varios a\u00f1os. Con Gabino Cu\u00e9 el sexenio completo se perdi\u00f3 y con Alejandro Murat hay tiempo para no repetir la historia, historia que por cierto cuesta vidas y esas vidas son de mujeres. Ese es el peque\u00f1o detalle, la violencia desmedida, que en s\u00f3lo cuatro meses ha dejado 36 asesinatos, 11 de ellos considerados feminicidios, aunado a la falta de pol\u00edticas p\u00fablicas desde esa perspectiva para brindar servicios calidad, en programas de educaci\u00f3n desde la igualdad, presupuestos gordos para resolver la problem\u00e1tica, campa\u00f1as contra la misoginia machista que se refleja cotidiana en todos los \u00e1mbitos y a cada ratito. Es voluntad pol\u00edtica la que se requiere.<br>Por otro lado, un conflicto entre el ex presidente municipal y hoy Secretario de Administraci\u00f3n, Javier Villaca\u00f1a, y el actual mun\u00edcipe Jos\u00e9 Antonio Hern\u00e1ndez, tienen al garete las pol\u00edticas p\u00fablicas para contrarrestar la desigualdad de g\u00e9nero y atender a las mujeres que sufren violencia. La manzana de la discordia son los intereses de un tercero, un pol\u00edtico de malas intenciones llamado Hugo Jarqu\u00edn (su nombre real es Hugo L\u00f3pez Mart\u00ednez, pero decidi\u00f3 adoptar el apellido materno de su mam\u00e1 Oralia Mart\u00ednez Jarqu\u00edn). Este pol\u00edtico se apropi\u00f3 en el trienio pasado del Instituto Municipal de las Mujeres y claro del Refugio municipal. Digo se apropi\u00f3, pero fue en realidad una especie de concesi\u00f3n.<br>No s\u00e9 a ciencia cierta qu\u00e9 favor pag\u00f3 el hoy funcionario estatal al militante del PRD, pero la acci\u00f3n equivocada fue \u201cpagarle\u201d con los asuntos de las mujeres y ah\u00ed empez\u00f3 la debacle del Inmujeres de Oaxaca de Ju\u00e1rez que termin\u00f3 convirti\u00e9ndose en escuelita para hacer collares y pulseras. Hoy la historia se repite en todos los sentidos. Hace tres a\u00f1os, la entonces titular del Inmujeres municipal, Eva Patricia Bravo Espinosa, realiz\u00f3 una persecuci\u00f3n al personal del llamado Refugio o Cavi. Hoy, la actual directora del Inmujeres, Elia P\u00e9rez Mart\u00ednez, irrumpe en el lugar, junto con otras funcionarias por instrucciones de su jefe y pariente.<br>Hace tres a\u00f1os, pues, Jarqu\u00edn se apoder\u00f3 del Inmujeres de Oaxaca de Ju\u00e1rez y del refugio. Hoy, Hern\u00e1ndez Fraguas busca deshacerse del Refugio y de todo lo que huela a obra villaca\u00f1ezca, en medio de todos estos intereses est\u00e1 un nuevo inmueble construido en el trienio anterior, con dinero p\u00fablico que gestion\u00f3 el entonces diputado federal Hugo Jarqu\u00edn, unos ocho millones de pesos, pero no por buena gente sino porque ese lugar ser\u00eda su coto de poder municipal, as\u00ed de simple.&nbsp;<br>Hern\u00e1ndez Fraguas no quiere broncas con Jarqu\u00edn, quien solo basta con que haga \u00a1Bu! Para que todo el mundo tiemble y la forma de deshacerse \u201cdel problema\u201d es que el refugio pase a manos del gobierno estatal, pero de acuerdo con la Secretaria de la Mujer Oaxaque\u00f1a, Miriam Liborio, lo que le falta es dinero o sea no tiene presupuesto.&nbsp;<br>Mientras son peras o son manzanas, el viejo refugio, construido en el trienio de Gabino Cu\u00e9 (2002-2004), sigue en manos de gente de Hugo Jarqu\u00edn, por lo que Hern\u00e1ndez Fraguas decidi\u00f3 cerrarle la llave, el dinero se acaba y el lugar est\u00e1 en malas condiciones. Total ah\u00ed atienden a mujeres pobres y maltratadas, eso no les importan, es lo \u00faltimo que les viene a su memoria.<br>Por eso hay que recordarles que, a ese lugar, hoy en condiciones deplorables, han llegado mujeres con historias terribles de violencia y en esas paredes han encontrado un refugio que les ha permitido salvar sus vidas y a veces la de sus hijos e hijas.<br>Es una l\u00e1stima que las rencillas pol\u00edticas, las ambiciones de un tercero y la omisi\u00f3n de quien hoy gobierna, le den al traste a una pol\u00edtica p\u00fablica a favor de las mujeres. Ojal\u00e1 el Instituto Nacional de la Mujeres o la Red Nacional de Refugios puedan poner en su lugar a estos tres mosqueteros que quieren la guerra y no la paz. A ver qu\u00e9 dice el gobernador Alejandro Murat a quien con estas acciones le echan a perder sus bonitos discursos.<\/p>\n","protected":false},"excerpt":{"rendered":"<p>Mujeres y Pol\u00edtica Soledad Jarqu\u00edn Edgar SemM\u00e9xico, 10 abril 2019.- Y en tanto una guerra pone en riesgo al mundo, en M\u00e9xico, en Oaxaca libramos todas las batallas y somos una especie de sobrevivientes.Lo sucedido en Siria, el ataque qu\u00edmico y luego la respuesta b\u00e9lica de Estados Unidos de Norteam\u00e9rica, l\u00e9ase Mr. Trump, nos revelan [&hellip;]<\/p>\n","protected":false},"author":3,"featured_media":4108,"comment_status":"open","ping_status":"open","sticky":false,"template":"","format":"standard","meta":{"_monsterinsights_skip_tracking":false,"footnotes":""},"categories":[690,96,75],"tags":[],"class_list":["post-4274","post","type-post","status-publish","format-standard","has-post-thumbnail","category-690","category-mujeres-y-politica","category-soledad-jarquin-edgar"],"_links":{"self":[{"href":"https:\/\/redsemlac.com\/semmexico\/wp-json\/wp\/v2\/posts\/4274","targetHints":{"allow":["GET"]}}],"collection":[{"href":"https:\/\/redsemlac.com\/semmexico\/wp-json\/wp\/v2\/posts"}],"about":[{"href":"https:\/\/redsemlac.com\/semmexico\/wp-json\/wp\/v2\/types\/post"}],"author":[{"embeddable":true,"href":"https:\/\/redsemlac.com\/semmexico\/wp-json\/wp\/v2\/users\/3"}],"replies":[{"embeddable":true,"href":"https:\/\/redsemlac.com\/semmexico\/wp-json\/wp\/v2\/comments?post=4274"}],"version-history":[{"count":0,"href":"https:\/\/redsemlac.com\/semmexico\/wp-json\/wp\/v2\/posts\/4274\/revisions"}],"wp:featuredmedia":[{"embeddable":true,"href":"https:\/\/redsemlac.com\/semmexico\/wp-json\/wp\/v2\/media\/4108"}],"wp:attachment":[{"href":"https:\/\/redsemlac.com\/semmexico\/wp-json\/wp\/v2\/media?parent=4274"}],"wp:term":[{"taxonomy":"category","embeddable":true,"href":"https:\/\/redsemlac.com\/semmexico\/wp-json\/wp\/v2\/categories?post=4274"},{"taxonomy":"post_tag","embeddable":true,"href":"https:\/\/redsemlac.com\/semmexico\/wp-json\/wp\/v2\/tags?post=4274"}],"curies":[{"name":"wp","href":"https:\/\/api.w.org\/{rel}","templated":true}]}}