{"id":42738,"date":"2021-11-29T10:24:34","date_gmt":"2021-11-29T16:24:34","guid":{"rendered":"https:\/\/redsemlac.com\/semmexico\/?p=42738"},"modified":"2023-07-21T18:52:53","modified_gmt":"2023-07-21T23:52:53","slug":"botella-al-mar-nosotras-seguimos-y-seguiremos","status":"publish","type":"post","link":"https:\/\/redsemlac.com\/semmexico\/botella-al-mar-nosotras-seguimos-y-seguiremos\/","title":{"rendered":"Botella al Mar|  Nosotras seguimos y seguiremos"},"content":{"rendered":"\n<p class=\"wp-block-paragraph\">Martha Canseco Gonz\u00e1lez<\/p>\n\n\n\n<p class=\"wp-block-paragraph\">SemM\u00e9xico, Pachuca, Hidalgo, 29 de noviembre, 2021.- El feminismo se mide en olas porque cada vez que logramos avances, la mezquindad del patriarcado y sus hijos sanos nos echan para atr\u00e1s, pero el movimiento de mujeres es tan resiliente que cuando lo hacen, nosotras lo tomamos como impulso, as\u00ed ha sido los \u00faltimos 300 a\u00f1os.<\/p>\n\n\n\n<p class=\"wp-block-paragraph\"><br>A eso le llamamos backlash, en espa\u00f1ol ser\u00eda reacci\u00f3n violenta. Ya sabemos que ocurre, y luego de la aprobaci\u00f3n en el Congreso de Hidalgo de la Interrupci\u00f3n Legal del Embarazo, lo esper\u00e1bamos y se dio de la manera m\u00e1s rid\u00edcula.<\/p>\n\n\n\n<p class=\"wp-block-paragraph\"><br>Somos el hazmerre\u00edr de la naci\u00f3n, tenemos a un hombre gay encabezando la Comisi\u00f3n de Equidad e Igualdad y lleg\u00f3 del brazo de MORENA. Ya nos reunimos con \u00e9l un grupo de feministas, s\u00f3lo decir que una de las cosas que m\u00e1s me sorprendi\u00f3 fue su tibieza y por supuesto cero argumentos para justificar su asalto a un lugar que tanto hemos peleado las mujeres y que nos cost\u00f3 mucho trabajo. \u00a1Qu\u00e9 rico montarse en el trabajo que otras hicieron!<br>De hecho, algo pasa en el Congreso su presidente el diputado, as\u00ed con min\u00fasculas, Francisco Javier Berganza con qui\u00e9n nos reunimos antes de que la Comisi\u00f3n fuera instalada, nos asegur\u00f3 que \u00e9l sigue \u00f3rdenes. \u00a1Por favor! que alguien le explique la divisi\u00f3n de poderes a este hombre, que \u00a1arriba de \u00e9l no hay nadie!<\/p>\n\n\n\n<p class=\"wp-block-paragraph\"><br>Y que si alguien le dio \u00f3rdenes por fuerza tuvieron que venir del ejecutivo. As\u00ed va a pasar a la historia la administraci\u00f3n de Omar Fayad Meneses con respecto al avance de las hidalguenses, si no fuera por esto, habr\u00eda sido reconocida por las mujeres de Hidalgo.<br>\u00a1L\u00e1stima querido Omar!<\/p>\n\n\n\n<p class=\"wp-block-paragraph\"><br>En otra joya que nos dej\u00f3 caer el diputado Berganza, nos platic\u00f3 \u201caqu\u00ed entre cuatas\u201d, que fue su esposa quien eligi\u00f3 a Carmen Arias para estar al frente de la Unidad de G\u00e9nero en el Congreso, quien, por cierto, no tiene el perfil para ocuparla.<\/p>\n\n\n\n<p class=\"wp-block-paragraph\"><br>Y esto qued\u00f3 patente, luego de conocer las actividades que organiz\u00f3 por los 16 d\u00edas de activismo con motivo del 25 de noviembre d\u00eda internacional contra todas las violencias hacia mujeres, adolescentes y ni\u00f1as.<\/p>\n\n\n\n<p class=\"wp-block-paragraph\"><br>Se salvan algunas conferencias que abonan al objetivo original, pero por lo dem\u00e1s, s\u00f3lo falt\u00f3 el taller para hacer u\u00f1as.<\/p>\n\n\n\n<p class=\"wp-block-paragraph\"><br>\u00a1Se imaginan a Francisco Javier como gobernador!, aqu\u00ed s\u00ed que Dios nos agarre confesadas y confesados, no ser\u00e1 \u00e9l quien gobierne sino su atm\u00f3sfera de cari\u00f1o y en consecuencia dejar\u00eda a las y los hidalguenses en manos de cualquier persona.<\/p>\n\n\n\n<p class=\"wp-block-paragraph\"><br>En esa misma reuni\u00f3n que tuvimos con \u00e9l, nos prometi\u00f3 que no se instalar\u00eda la Comisi\u00f3n de Equidad e Igualdad, hasta que nos reuni\u00e9ramos con las diputadas de MORENA quienes hasta la fecha no han levantado la mano para encabezar la Comisi\u00f3n, ellas tambi\u00e9n siguen \u00f3rdenes, a pesar de eso se instal\u00f3 al d\u00eda siguiente.<\/p>\n\n\n\n<p class=\"wp-block-paragraph\"><br>\u00a1Francisco Javier Berganza, es un hombre sin palabra!<br>Saben que es lo mejor de todo, que todos estos personajes dejar\u00e1n de estar en el poder, tendr\u00e1n que dejar en cualquier momento sus cargos. Las feministas por nuestra parte, vamos a seguir y seguiremos, porque nuestro objetivo es y seguir\u00e1 siendo s\u00f3lo uno: El avance en los derechos de las hidalguenses.<\/p>\n\n\n\n<p class=\"wp-block-paragraph\"><br>As\u00ed nos comportamos, reconocemos lo que nuestras ancestras hicieron por nosotras, sabemos que otras seguir\u00e1n cuando nosotras ya no estemos.<br>\u00a1Larga vida al feminismo de Hidalgo!<\/p>\n","protected":false},"excerpt":{"rendered":"<p>Martha Canseco Gonz\u00e1lez SemM\u00e9xico, Pachuca, Hidalgo, 29 de noviembre, 2021.- El feminismo se mide en olas porque cada vez que logramos avances, la mezquindad del patriarcado y sus hijos sanos nos echan para atr\u00e1s, pero el movimiento de mujeres es tan resiliente que cuando lo hacen, nosotras lo tomamos como impulso, as\u00ed ha sido los [&hellip;]<\/p>\n","protected":false},"author":3,"featured_media":38582,"comment_status":"open","ping_status":"open","sticky":false,"template":"","format":"standard","meta":{"_monsterinsights_skip_tracking":false,"footnotes":""},"categories":[692,98,84,35],"tags":[],"class_list":["post-42738","post","type-post","status-publish","format-standard","has-post-thumbnail","category-692","category-botella-al-mar","category-martha-canseco","category-opinion"],"_links":{"self":[{"href":"https:\/\/redsemlac.com\/semmexico\/wp-json\/wp\/v2\/posts\/42738","targetHints":{"allow":["GET"]}}],"collection":[{"href":"https:\/\/redsemlac.com\/semmexico\/wp-json\/wp\/v2\/posts"}],"about":[{"href":"https:\/\/redsemlac.com\/semmexico\/wp-json\/wp\/v2\/types\/post"}],"author":[{"embeddable":true,"href":"https:\/\/redsemlac.com\/semmexico\/wp-json\/wp\/v2\/users\/3"}],"replies":[{"embeddable":true,"href":"https:\/\/redsemlac.com\/semmexico\/wp-json\/wp\/v2\/comments?post=42738"}],"version-history":[{"count":0,"href":"https:\/\/redsemlac.com\/semmexico\/wp-json\/wp\/v2\/posts\/42738\/revisions"}],"wp:featuredmedia":[{"embeddable":true,"href":"https:\/\/redsemlac.com\/semmexico\/wp-json\/wp\/v2\/media\/38582"}],"wp:attachment":[{"href":"https:\/\/redsemlac.com\/semmexico\/wp-json\/wp\/v2\/media?parent=42738"}],"wp:term":[{"taxonomy":"category","embeddable":true,"href":"https:\/\/redsemlac.com\/semmexico\/wp-json\/wp\/v2\/categories?post=42738"},{"taxonomy":"post_tag","embeddable":true,"href":"https:\/\/redsemlac.com\/semmexico\/wp-json\/wp\/v2\/tags?post=42738"}],"curies":[{"name":"wp","href":"https:\/\/api.w.org\/{rel}","templated":true}]}}