{"id":42714,"date":"2021-11-28T14:05:04","date_gmt":"2021-11-28T20:05:04","guid":{"rendered":"https:\/\/redsemlac.com\/semmexico\/?p=42714"},"modified":"2023-07-21T18:52:53","modified_gmt":"2023-07-21T23:52:53","slug":"miradas-de-reportero-primavera-de-la-politica-en-mexico-felicitemos-a-quienes-saben-hacerla","status":"publish","type":"post","link":"https:\/\/redsemlac.com\/semmexico\/miradas-de-reportero-primavera-de-la-politica-en-mexico-felicitemos-a-quienes-saben-hacerla\/","title":{"rendered":"Miradas de reportero| Primavera de la pol\u00edtica en M\u00e9xico. Felicitemos a quienes saben hacerla"},"content":{"rendered":"\n<p class=\"wp-block-paragraph\">Por Rogelio Hern\u00e1ndez L\u00f3pez<\/p>\n\n\n\n<p class=\"wp-block-paragraph\">SemM\u00e9xico, Cd. de M\u00e9xico, 28 de noviembre, 2021.- El Z\u00f3calo de la Ciudad de M\u00e9xico y sus alrededores bullir\u00e1n nuevamente el pr\u00f3ximo mi\u00e9rcoles 1 de diciembre. La plaza pol\u00edtica m\u00e1s grande del pa\u00eds se te\u00f1ir\u00e1 de guinda cuando se rinda el tercer informe institucional del gobierno de la federaci\u00f3n. Y tras ese informe vendr\u00e1n nuevos temas para provocar \u00e1lgidos debates p\u00fablicos, como los vemos desde 2018.<\/p>\n\n\n\n<p class=\"wp-block-paragraph\">M\u00e9xico ya cumple tres a\u00f1os como si estuviera en permanente campa\u00f1a electoral por un pol\u00edtico que hace pol\u00edtica todos los d\u00edas y provoca cambios sin perder el consenso mayoritario, y por pol\u00edticos que decidieron colocarse en la oposici\u00f3n. Todos haciendo pol\u00edtica y sin violencia f\u00edsica.<\/p>\n\n\n\n<p class=\"wp-block-paragraph\">Estoy seguro que sinn\u00famero de colegas del periodismo pol\u00edtico de mente fr\u00eda est\u00e1n felices, como yo, de testificar y documentar los tiempos pol\u00edticos que se viven en M\u00e9xico. Nos sobran temas para trabajar: diario hay novedades en este \u00e1mbito, diario se abren pol\u00e9micas y debates. Poca gente es ajena a lo que ocurre en la pol\u00edtica. Alegra ver que ahora hay muchos m\u00e1s cauces para opinar y participar a diferencia de los ciclos sexenales anteriores. Anima observar que, a pesar de resistencias y enojos, s\u00ed se logran acuerdos pol\u00edticos entre la corriente pol\u00edtica mayoritaria y entre sus adversarios a favor o en contra de los cambios de r\u00e9gimen y sin violencia f\u00edsica, hay que resaltarlo.<\/p>\n\n\n\n<h4 class=\"wp-block-heading\"><strong>Reivindicar la pol\u00edtica y a los pol\u00edticos<\/strong><\/h4>\n\n\n\n<p class=\"wp-block-paragraph\">La prevalencia de la pol\u00edtica en el M\u00e9xico de 2021 es el tema que comenc\u00e9 a tratar en el curso de <em>Periodismo Pol\u00edtico<\/em> en la <em>Especialidad de Periodismo<\/em> de la <em>Universidad Aut\u00f3noma de Coahuila<\/em>. Estas percepciones tambi\u00e9n las comparto con colegas coincidentes en que la pol\u00edtica en nuestro pa\u00eds muestra muchas e interesantes facetas que no ve\u00edamos en d\u00e9cadas porque suceden aceleradamente y en relativa paz ciudadana.<\/p>\n\n\n\n<p class=\"wp-block-paragraph\">Quienes reporteamos la pol\u00edtica sabemos que, a pesar del extendido inter\u00e9s en ella, todav\u00eda hay mucha gente que mantiene expresiones negativas cuando se habla en abstracto de los pol\u00edticos en general. Incluso hay demasiadas personas con niveles altos acad\u00e9micos que refieren a la pol\u00edtica como el territorio dominado por vivales para enriquecerse f\u00e1cil y r\u00e1pidamente.<\/p>\n\n\n\n<p class=\"wp-block-paragraph\">Es deseable que seamos muchos los que podamos convencer a m\u00e1s gente de recuperar los conceptos b\u00e1sicos y reivindicar la pol\u00edtica y a los pol\u00edticos. Recordemos en frases sencillas, quiz\u00e1 hasta simplonas, las ideas generales de ambas categor\u00edas sociol\u00f3gicas:<\/p>\n\n\n\n<p class=\"wp-block-paragraph\">Cito a Rosa Mar\u00eda Lince Campillo, Doctora en Ciencias Pol\u00edticas y Sociales por la UNAM en su ensayo p\u00fablico de t\u00edtulo: <em>La Pol\u00edtica o el arte de generar y mantener el espacio dial\u00f3gico. Consideraciones para mejorar la calidad democr\u00e1tica en M\u00e9xico<\/em><\/p>\n\n\n\n<p class=\"wp-block-paragraph\"><em>\u201c\u2026 entiendo a la pol\u00edtica como el arte de generar y mantener el espacio donde a trav\u00e9s del di\u00e1logo y el debate se logran consensos y acuerdos sobre lo que es de inter\u00e9s com\u00fan (vital para nuestra actividad diaria) para hacerlo valer, en algunos casos, generar igualdad de oportunidades y en otras equidades para la participaci\u00f3n en la vida p\u00fablica y lograr la inclusi\u00f3n.\u201d<\/em><\/p>\n\n\n\n<p class=\"wp-block-paragraph\">O para lograr ambas cosas, agrego yo, c\u00f3mo est\u00e1 ocurriendo en nuestro pa\u00eds.<\/p>\n\n\n\n<p class=\"wp-block-paragraph\">Y sobre la gente que hace pol\u00edtica, las y los pol\u00edticos, es muy aceptable la conclusi\u00f3n que le escuch\u00e9 hace muchos a\u00f1os a un pol\u00edtico muy cre\u00edble, entonces militante del PRI: Manuel Aguilera G\u00f3mez.<\/p>\n\n\n\n<p class=\"wp-block-paragraph\">Un buen pol\u00edtico (lo parafraseo) es quien re\u00fane tres caracter\u00edsticas:<\/p>\n\n\n\n<p class=\"wp-block-paragraph\">UNA. Sensibilidad suficiente para percibir y entender los problemas sociales de la gente com\u00fan:<\/p>\n\n\n\n<p class=\"wp-block-paragraph\">DOS.&nbsp; Capacidad organizativa, para planear y ejecutar pol\u00edticas p\u00fablicas y las obras necesarias para resolver los problemas sociales; y<\/p>\n\n\n\n<p class=\"wp-block-paragraph\">TRES. Visi\u00f3n de Estado; esto es la capacidad de observar en perspectiva las acciones de gobierno para resolver lo de urgencia y simult\u00e1neamente sentar bases para que los problemas sociales se resuelvan estructuralmente, sin violencia y que no se repitan.<\/p>\n\n\n\n<p class=\"wp-block-paragraph\">S\u00ed hay pol\u00edticos de ese tipo en M\u00e9xico en todos los partidos, en puestos de gobierno y fuera de ellos. Yo he podido conocer y tratar a decenas mujeres y hombres con esas caracter\u00edsticas. Alg\u00fan d\u00eda podremos hacer una lista aproximada de ellas y ellos, especialmente de quienes han labrado credibilidad con sus actuaciones.<\/p>\n\n\n\n<h4 class=\"wp-block-heading\"><strong>AMLO, un motor<\/strong><\/h4>\n\n\n\n<p class=\"wp-block-paragraph\">Por todo lo anterior hay que insistir en las significancias que arrojar\u00e1 la concentraci\u00f3n de personas el pr\u00f3ximo mi\u00e9rcoles 1 de diciembre en el Z\u00f3calo de la Ciudad de M\u00e9xico. Manifestaciones as\u00ed no se miran desde diciembre de 2019 cuando el Primer Informe formal. El protagonista central de la alta politizaci\u00f3n pac\u00edfica de M\u00e9xico es la persona que se convirti\u00f3 en uno de los motores de esta reivindicaci\u00f3n de la pol\u00edtica.<\/p>\n\n\n\n<p class=\"wp-block-paragraph\">Ese d\u00eda, muchos periodistas testificaremos &#8211;otra vez&#8211; lo que propios y extra\u00f1os sinceros reconocen de L\u00f3pez Obrador, como el m\u00e1s habilidoso pol\u00edtico que M\u00e9xico ha visto en un sitial privilegiado en muchas a\u00f1os y causante de sacudimientos en todos los \u00e1mbitos de la pol\u00edtica. Es imaginativo, reiterativo, punzante e hiriente con sus adversarios. Todos los d\u00edas marca agenda para pol\u00e9micas, debates y movimientos de pol\u00edticos, pero sin causar violencias m\u00e1s que verbales porque opt\u00f3, como presidente, hacer pol\u00edtica en cada paso y en todas sus frases.<\/p>\n\n\n\n<p class=\"wp-block-paragraph\">Hay ejemplos claros de que sin violencias f\u00edsicas y en poco tiempo, desde la presidencia de la Rep\u00fablica, se han modificado las relaciones con instituciones e instancias pol\u00edticas del Estado mexicano que, desde los tiempos de cardenismo, eran las fuentes de poder del Ejecutivo Federal.<\/p>\n\n\n\n<p class=\"wp-block-paragraph\">Por ejemplo, L\u00f3pez Obrador se ha alejado de los anteriores centros de decisi\u00f3n que se hab\u00edan convertido en cupulas distanciadas de la opini\u00f3n popular: el PRI y su nomenklatura que eran dominantes; un tanto del sindicalismo y organismos campesinos corporativos; de muchos organismos civiles y sociales demasiado clientelares, de cientos de grupos de presi\u00f3n; de una parte de las elites empresariales e intelectuales y adem\u00e1s, muy marcadamente expone la decadencia del r\u00e9gimen tripartidista, en el cual, peque\u00f1os grupos dirigentes se hab\u00edan apropiado de buena parte de los cargos p\u00fablicos e imped\u00edan mayor participaci\u00f3n ciudadana.<\/p>\n\n\n\n<h4 class=\"wp-block-heading\"><strong>Dos fuentes de poder<\/strong><\/h4>\n\n\n\n<p class=\"wp-block-paragraph\">Otro ejemplo de los cambios es que L\u00f3pez Obrador ha conseguido, no solo alejarse de las anteriores fuentes de poder sino ampliar dos que le dan mayor fuerza de decisi\u00f3n y de negociaci\u00f3n:<\/p>\n\n\n\n<p class=\"wp-block-paragraph\">Primero, el consenso que logr\u00f3 en julio de 2018 y que mantiene entre millones de ciudadanos empobrecidos, m\u00e1s otra poblaci\u00f3n \u00e1vida de cambios, consenso construido con sus nuevas formas de comunicaci\u00f3n pol\u00edtica. El promedio de las encuestas m\u00e1s serias en octubre de 2021 lo manten\u00edan con el 62 por ciento de aprobaci\u00f3n ciudadana (Oraculus) y para la tercera semana de noviembre, se registraban \u00edndices del 64 por ciento (Consulta Mitovsky \u201cla m\u00e1s alta en dos a\u00f1os\u201d) y del 68 por ciento (El Universal y Buend\u00eda&amp;M\u00e1rquez).<\/p>\n\n\n\n<p class=\"wp-block-paragraph\">Y la segunda fuente son, sin duda alguna, las fuerzas armadas (Ej\u00e9rcito, Marina, Guardia Nacional), como lo eval\u00faan, analizan periodistas, acad\u00e9micos y opositores, muchos de ellos con alarma por lo que llaman militarizaci\u00f3n del gobierno.<\/p>\n\n\n\n<h4 class=\"wp-block-heading\"><strong>Y m\u00e1s pol\u00edtica<\/strong><\/h4>\n\n\n\n<p class=\"wp-block-paragraph\">Todos los pol\u00edticos desplazados y otros igual o peor de enojados buscan otras formas para recuperar consensos populares para sus visiones de pa\u00eds o para recuperar aquella fuerza que les permit\u00eda usufructuar \u00e1reas del Estado.<\/p>\n\n\n\n<p class=\"wp-block-paragraph\">Es agradecible para la paz social que las y los pol\u00edticos opositores traten de encontrar alternativas con acciones de pol\u00edtica de la buena, como el intento m\u00e1s nuevo de personajes con posiciones socialdem\u00f3cratas, aun instalados en todos los partidos o fuera de ellos que presentaron el 27 de noviembre un nuevo organismo opositor al que llaman <em>Frente C\u00edvico Nacional<\/em>, distinto al pacto de acci\u00f3n com\u00fan anti-L\u00f3pez Obrador que antes firmaron empresarios y partidos desplazados con el nombre de <em>S\u00ed por M\u00e9xico.<\/em><\/p>\n\n\n\n<p class=\"wp-block-paragraph\">Y frente a todo esto es indispensable contrastar el otro fen\u00f3meno relacionado, pero de la anti pol\u00edtica: la violencia. Propongo una hip\u00f3tesis: por falta de visi\u00f3n pol\u00edtica y de pol\u00edticos en otros gobiernos se fue generando ese fen\u00f3meno que flagela a demasiados mexicanos y no parece tener soluci\u00f3n en el corto plazo: los cr\u00edmenes y violencia proveniente de la delincuencia organizada y las afectaciones por la otra delincuencia. Ninguna mengua, tanto por la debilidad de las pol\u00edticas p\u00fablicas y por el caos que impera en los espacios de procuraci\u00f3n de justicia que permiten los altos \u00edndices de impunidad.<\/p>\n\n\n\n<p class=\"wp-block-paragraph\">Ese es el invierno negro de M\u00e9xico por la inseguridad que convive con la primavera de la pol\u00edtica y sus cambios alcanzados. Miradas de un veterano reportero de pol\u00edtica.<\/p>\n","protected":false},"excerpt":{"rendered":"<p>El Z\u00f3calo de la Ciudad de M\u00e9xico y sus alrededores bullir\u00e1n nuevamente el pr\u00f3ximo mi\u00e9rcoles 1 de diciembre. La plaza pol\u00edtica m\u00e1s grande del pa\u00eds se te\u00f1ir\u00e1 de guinda cuando se rinda el tercer informe institucional del gobierno de la federaci\u00f3n.<\/p>\n","protected":false},"author":3,"featured_media":38348,"comment_status":"open","ping_status":"open","sticky":false,"template":"","format":"standard","meta":{"_monsterinsights_skip_tracking":false,"footnotes":""},"categories":[692,106,35,85],"tags":[],"class_list":["post-42714","post","type-post","status-publish","format-standard","has-post-thumbnail","category-692","category-mirada-de-reportero","category-opinion","category-rogelio-hernandez-lopez"],"_links":{"self":[{"href":"https:\/\/redsemlac.com\/semmexico\/wp-json\/wp\/v2\/posts\/42714","targetHints":{"allow":["GET"]}}],"collection":[{"href":"https:\/\/redsemlac.com\/semmexico\/wp-json\/wp\/v2\/posts"}],"about":[{"href":"https:\/\/redsemlac.com\/semmexico\/wp-json\/wp\/v2\/types\/post"}],"author":[{"embeddable":true,"href":"https:\/\/redsemlac.com\/semmexico\/wp-json\/wp\/v2\/users\/3"}],"replies":[{"embeddable":true,"href":"https:\/\/redsemlac.com\/semmexico\/wp-json\/wp\/v2\/comments?post=42714"}],"version-history":[{"count":0,"href":"https:\/\/redsemlac.com\/semmexico\/wp-json\/wp\/v2\/posts\/42714\/revisions"}],"wp:featuredmedia":[{"embeddable":true,"href":"https:\/\/redsemlac.com\/semmexico\/wp-json\/wp\/v2\/media\/38348"}],"wp:attachment":[{"href":"https:\/\/redsemlac.com\/semmexico\/wp-json\/wp\/v2\/media?parent=42714"}],"wp:term":[{"taxonomy":"category","embeddable":true,"href":"https:\/\/redsemlac.com\/semmexico\/wp-json\/wp\/v2\/categories?post=42714"},{"taxonomy":"post_tag","embeddable":true,"href":"https:\/\/redsemlac.com\/semmexico\/wp-json\/wp\/v2\/tags?post=42714"}],"curies":[{"name":"wp","href":"https:\/\/api.w.org\/{rel}","templated":true}]}}