{"id":42712,"date":"2021-11-28T13:54:11","date_gmt":"2021-11-28T19:54:11","guid":{"rendered":"https:\/\/redsemlac.com\/semmexico\/?p=42712"},"modified":"2023-07-21T18:52:53","modified_gmt":"2023-07-21T23:52:53","slug":"rafaga-demetrio-vallejo-othon-salazar-rosario-y-elba-esther","status":"publish","type":"post","link":"https:\/\/redsemlac.com\/semmexico\/rafaga-demetrio-vallejo-othon-salazar-rosario-y-elba-esther\/","title":{"rendered":"R\u00e1faga| Demetrio Vallejo, Oth\u00f3n Salazar, Rosario y Elba Esther"},"content":{"rendered":"\n<p class=\"wp-block-paragraph\"><strong>Jorge Herrera Valenzuela<\/strong><\/p>\n\n\n\n<p class=\"wp-block-paragraph\">SemM\u00e9xico, Cd. de M\u00e9xico,28 de noviembre, 2021.- En el final del sexenio ruizcortinista, 1958, y en 1959 al principiar el lopezmate\u00edsmo, el pa\u00eds fue sacudido por movimientos gremiales en demandas de incrementos salariales, mejoras en las prestaciones laborales, libertad y respeto a la voluntad de los trabajadores para elegir a sus dirigentes sindicales. Diez a\u00f1os despu\u00e9s, de julio a octubre de 1968, naci\u00f3, creci\u00f3 y termin\u00f3 sangrientamente el Movimiento Estudiantil de 1968.<\/p>\n\n\n\n<p class=\"wp-block-paragraph\">En el desarrollo de los sucesos estuvieron involucrados hombres clasificados como izquierdistas, comunistas, enemigos del gobierno y mujeres activistas universitarias y de los dem\u00e1s sectores sociales. Circularon versiones de la intromisi\u00f3n de agentes de la estadounidense CIA, la<strong> Agencia Central de Investigaciones<\/strong>, incrustados entre los estudiantes y los obreros.<\/p>\n\n\n\n<p class=\"wp-block-paragraph\">&nbsp;Comenzaron los ferrocarrileros de las 29 secciones sindicales. &nbsp;Paulatinamente se adhirieron telegrafistas, petroleros, telefonistas y el grueso del Movimiento Revolucionario Magisterial. Las cabezas visibles, el ferrocarrilero oaxaque\u00f1o <strong>Demetrio Vallejo Mart\u00ednez <\/strong>y el profesor normalista guerrerense <strong>Oth\u00f3n Salazar Ram\u00edrez<\/strong>.<\/p>\n\n\n\n<p class=\"wp-block-paragraph\">A cinco meses de concluir su sexenio, el presidente <strong>Adolfo Ruiz Cortines <\/strong>se enfrent\u00f3 a un grave problema porque los ferrocarrileros iniciaron un movimiento demandando un incremento salarial de 350 pesos mensuales. El director de Ferrocarriles Nacionales de M\u00e9xico, <strong>Roberto G. Amor\u00f3s, <\/strong>y el dirigente sindical <strong>Samuel Ortega <\/strong>Hern\u00e1ndez, subestimaron a los inconformes y no atendieron el asunto. Ortega dec\u00eda: \u201ctodo est\u00e1 bajo control\u201d<\/p>\n\n\n\n<p class=\"wp-block-paragraph\">&nbsp;Los meses de julio y agosto de 1958 marcaron la pauta y el movimiento de los inconformes se fue expandiendo hasta llegar a la secci\u00f3n de Mat\u00edas Romero, Oaxaca, donde el l\u00edder local era <strong>Demetrio Vallejo Mart\u00ednez. <\/strong>Este oaxaque\u00f1o, chaparrito, carism\u00e1tico y buen orador, izquierdista y con poder de convocatoria, en corto tiempo era l\u00edder nacional que cont\u00f3 con el apoyo del secretario general de la Secci\u00f3n IX del Sindicato Nacional de Trabajadores de la Educaci\u00f3n, <strong>Oth\u00f3n Salazar <\/strong>que ten\u00eda el respaldo de la mayor\u00eda de los profesores del Distrito Federal.<\/p>\n\n\n\n<p class=\"wp-block-paragraph\">Paralelo a la demanda inicial, sin recibir respuesta del gobierno y el rechazo del l\u00edder Samuel Ortega, los trabajadores de oficinas, de talleres y los que cubr\u00edan las corridas de trenes, decidieron hacer paros. Primero paralizaron la actividad dos horas, luego cuatro y ampliaron a 10. Se realiz\u00f3 el cambio de estafeta en la Presidencia de la Rep\u00fablica y el licenciado <strong>Adolfo L\u00f3pez Mateos<\/strong> con su equipo tom\u00f3 cartas en el asunto.<\/p>\n\n\n\n<p class=\"wp-block-paragraph\">L\u00f3pez Mateos como secretario del Trabajo y Previsi\u00f3n Social, en los d\u00edas del ruizcortinismo, conoc\u00eda bien el problema. Sin embargo, no hubo arreglo con los dirigentes sindicales del vallejismo. Se rompi\u00f3 el di\u00e1logo y procedi\u00f3 a cerrar este cap\u00edtulo, enviando a prisi\u00f3n a todos los vallejistas. <strong>Demetrio Vallejo <\/strong>pas\u00f3 once a\u00f1os en la prisi\u00f3n de Lecumberri y \u00e9l junto con sus compa\u00f1eros eran <strong>pol\u00edticos presos <\/strong>como lo fueron los profesores encabezados por <strong>Oth\u00f3n Salazar. <\/strong>Todos acusados de sedici\u00f3n.<\/p>\n\n\n\n<p class=\"wp-block-paragraph\">La historia de estos acontecimientos es muy amplia y de ella recuerdo la informaci\u00f3n period\u00edstica de mi amigo y colega <strong>Edmundo Jard\u00f3n Arzate, <\/strong>reportero del diario ABC, que horas antes de la aprehensi\u00f3n de Vallejo, lo entrevist\u00f3 en un caf\u00e9 ubicado en la calle de Doctor Mora, frente al costado poniente de la Alameda Central. Igual suerte corri\u00f3 el l\u00edder del Movimiento Revolucionario del Magisterio, detenido en otro lugar de la capital.<\/p>\n\n\n\n<h4 class=\"wp-block-heading\"><strong>EL DOS OCTUBRE DEL 68<\/strong><\/h4>\n\n\n\n<p class=\"wp-block-paragraph\">Del mediod\u00eda del lunes 22 de julio al 2 de octubre de 1968, las calles del Distrito Federal, la Capital de la Rep\u00fablica, fueron escenario de manifestaciones y acciones violentas. Enfrentamientos de grupos estudiantiles con las fuerzas polic\u00edacas, Un bazucazo destruy\u00f3 la milenaria puerta de madera de la Escuela Nacional Preparatoria 1, en la calle San Ildefonso, en el Barrio Universitario. M\u00e1s adelante proceder\u00eda la detenci\u00f3n de dirigentes estudiantiles, a los que se proces\u00f3 &nbsp;&nbsp;imput\u00e1ndoles delitos del orden com\u00fan.<\/p>\n\n\n\n<p class=\"wp-block-paragraph\">Como sucedi\u00f3 10 atr\u00e1s, el Movimiento Estudiantil se convirti\u00f3 en un campo f\u00e9rtil para lanzarse contra el gobierno del presidente <strong>Gustavo D\u00edaz Ordaz. El 2 de agosto del 68 se constituy\u00f3 <\/strong>el <strong>Consejo Nacional de Huelga y<\/strong> surgieron, entre otros, el Comit\u00e9 de Lucha de la Facultad de Ciencias y el Comit\u00e9 68 Pro Libertades Democr\u00e1ticas. Adem\u00e1s, en algunas universidades e institutos superiores del pa\u00eds, alumnos y profesores, hicieron suyas las demandas. Se prodigaron los cierres de planteles, huelgas, manifestaciones y disturbios.<\/p>\n\n\n\n<p class=\"wp-block-paragraph\">La tarde noche del 2 de octubre la Plaza de las Tres Culturas, en Tlatelolco, fue el punto de reuni\u00f3n de los estudiantes, a los que, para ese d\u00eda, se sumaron profesores, intelectuales, obreros, amas de casa, as\u00ed como los curiosos que nunca faltan. El sitio estaba resguardado por polic\u00edas uniformados y civiles (Servicio Secreto, Direcci\u00f3n Federal de Seguridad, Judiciales Federales y del D.F.) y el Batall\u00f3n Olimpia comandado por el general <strong>Jos\u00e9 Hern\u00e1ndez Toledo<\/strong> que result\u00f3 herido en la batalla.<\/p>\n\n\n\n<p class=\"wp-block-paragraph\">Esa misma noche se habl\u00f3 de decenas de muertos, de un alto n\u00famero de personas desaparecidas y detenci\u00f3n de l\u00edderes estudiantiles y de varias organizaciones. La lista de quienes fueron llevados a las instalaciones del Campo Militar n\u00famero 1, en la Ciudad de M\u00e9xico, fue conocida tiempo despu\u00e9s. Recuerdo algunos nombres de quienes quedaron presos en la C\u00e1rcel Preventiva, en Lecumberri: <strong>S\u00f3crates Campos Lemus,<\/strong> <strong>Luis Tom\u00e1s Cervantes de Vaca, Luis Gonz\u00e1lez de Alba, Salvador Mart\u00ednez de la Roca, Ra\u00fal \u00c1lvarez Gar\u00edn, Marcelino Perell\u00f3 Valls, Eduardo \u201cEl Buho\u201d Valle Espinoza<\/strong> y de las mujeres viene mi memoria el nombre de <strong>Ignacia \u201cNacha\u201d Rodr\u00edguez<\/strong> que estuvo dos a\u00f1os en el penal de Santa Martha Acatitla.<\/p>\n\n\n\n<p class=\"wp-block-paragraph\"><strong>Jos\u00e9 Revueltas S\u00e1nchez, Heberto Castillo Mart\u00ednez, Pablo G\u00f3mez \u00c1lvarez, Gilberto Guevara Niebla, El\u00ed de Gortari<\/strong>, tambi\u00e9n fueron procesados por su participaci\u00f3n en el Movimiento del 68. Por supuesto que fueron muchos m\u00e1s los llevados a prisi\u00f3n y todos quedaron como \u201c<strong>presos pol\u00edticos<\/strong>\u201d.<\/p>\n\n\n\n<p class=\"wp-block-paragraph\">Si llegan a conseguir en las librer\u00edas de \u201clibros viejos\u201d el que escribi\u00f3 Edmundo Jard\u00f3n Arzate, titulado \u201c<strong>De la Ciudadela a Tlatelolco<\/strong>\u201d da a conocer, al detalle, la evoluci\u00f3n del movimiento y quienes fueron los verdaderos autores del mismo y de quienes impusieron su ideolog\u00eda. La mejor cr\u00f3nica de lo ocurrido en la noche del 2 de octubre, la redact\u00f3 <strong>F\u00e9lix Fuentes Medina<\/strong>, reportero de La Prensa.<\/p>\n\n\n\n<h4 class=\"wp-block-heading\"><strong>2 MUJERES EN LA HOGUERA<\/strong><\/h4>\n\n\n\n<p class=\"wp-block-paragraph\">El t\u00edtulo intermedio es bueno para telenovela. Las protagonistas son la profesora, lideresa y pol\u00edtica chiapaneca <strong>Elba Esther Gordillo Morales<\/strong>, que sigue en la pasarela a sus 76 a\u00f1os de edad. Surgi\u00f3 en el sindicalismo magisterial en 1989 con el apoyo del presidente <strong>carlos salinas de gortari<\/strong>, al ser depuesto el potosino <strong>Carlos Jonguitud Barrios<\/strong>, de la secretar\u00eda general del Sindicato Nacional de Trabajadores de la Educaci\u00f3n.<\/p>\n\n\n\n<p class=\"wp-block-paragraph\">&nbsp;Elba Esther se mantuvo como superpoderosa dirigente del SNTE hasta el 26 de febrero de 2013. Tres veces diputada federal y una, senadora. Fungi\u00f3 como secretaria general del comit\u00e9 nacional del PRI, primero renunci\u00f3 y despu\u00e9s, expulsada. Fund\u00f3 el Partido Nueva Alianza. Por su poderosa influencia lleg\u00f3 a colocar, dijeron en esos d\u00edas, a gobernadores como el coahuilense <strong>Humberto Moreira Vald\u00e9s<\/strong> y al director del ISSSTE <strong>Miguel \u00c1ngel Yunes<\/strong> y otros pol\u00edticos como <strong>Roberto Campa Cifri\u00e1n<\/strong>, candidato presidencial de Nueva Alianza.<\/p>\n\n\n\n<p class=\"wp-block-paragraph\">&nbsp;La Procuradur\u00eda General de la Rep\u00fablica le imput\u00f3 los delitos de lavado de dinero y delincuencia organizada, imputaci\u00f3n oficial de moda desde el sexenio anterior. Se divulg\u00f3 que la profesora Gordillo Morales sal\u00eda del reclusorio de Santa Martha Acatitla. Lo que fue cierto es que le autorizaron ser atendida en un hospital particular.<\/p>\n\n\n\n<p class=\"wp-block-paragraph\">A la economista y pol\u00edtica <strong>Mar\u00eda del Rosario Robles Berlanga <\/strong>la tienen presa y bajo proceso desde el 13 de agosto de 2019. El gobierno la responsabiliza de ser la cabeza del caso conocido o bautizado como \u201c<strong>La Estafa Maestra<\/strong>\u201d, consistente en la desviaci\u00f3n de m\u00e1s de tres mil millones de pesos cuando fue titular de las secretar\u00edas de Desarrollo Social (Sedesol) y de Desarrollo Agrario, Territorial y Urbano (Sedatu).<\/p>\n\n\n\n<p class=\"wp-block-paragraph\">Su detenci\u00f3n sent\u00f3 un precedente en cuanto a que fue citada a comparecer ante el juez y ya no pudo regresar a su domicilio particular, lo mismo hicieron con un exsenador PANista y recientemente con <strong>Emilio Lozoya Austin<\/strong> y as\u00ed quieren encarcelar al excandidato presidencial <strong>Ricardo Anata Cort\u00e9s.<\/strong><\/p>\n\n\n\n<p class=\"wp-block-paragraph\">La situaci\u00f3n de Rosario Robles es considerada como el cobro de cuentas por parte del pol\u00edtico tabasque\u00f1o que vive en Palacio Nacional, influenciado por Dolores Padierna y su marido, el exreo Ren\u00e9 Bejarano, \u201cEl Se\u00f1or de las Ligas\u201d. Esa es una versi\u00f3n que ha circulado desde hace tiempo y cada quien aplique su criterio. La exmilitante del PRD, a sus 65 a\u00f1os de edad, ha mantenido con firmeza el no revelar nombres de otros participantes en la comisi\u00f3n del delito por el que ella inclusive desde septiembre de 2019 fue inhabilitada para trabajar en el gobierno, por diez a\u00f1os, por la secretaria de la Funci\u00f3n P\u00fablica.<\/p>\n\n\n\n<p class=\"wp-block-paragraph\">Rosario Robles en entrevista con un reportero del diario espa\u00f1ol <strong>El Pa\u00eds<\/strong>, ratific\u00f3 \u201c<strong>yo voy a salir de aqu\u00ed <\/strong>(el penal de Santa Acatitla)<strong> como soy, \u00a1inocente! no estoy dispuesta a mentir, no tengo ninguna prueba que involucre a alguien\u2026no estoy acusada de haber robado\u2026no se ha demostrado que exista una red de esa naturaleza\u201d<\/strong>. Esto \u00faltimo referente a la llamada \u201cEstafa Maestra\u201d.<\/p>\n\n\n\n<p class=\"wp-block-paragraph\">Bueno, pues ah\u00ed tienen dos casos t\u00edpicos y cl\u00e1sicos de \u201c<strong>presas pol\u00edticas\u201d <\/strong>que, comento, tambi\u00e9n quedan en el grupo de \u201c<strong>pol\u00edticas presas<\/strong>\u201d.<\/p>\n\n\n\n<p class=\"wp-block-paragraph\"><strong>jherrerav@live.com.mx<\/strong><\/p>\n","protected":false},"excerpt":{"rendered":"<p>En el final del sexenio ruizcortinista, 1958, y en 1959 al principiar el lopezmate\u00edsmo, el pa\u00eds fue sacudido por movimientos gremiales en demandas de incrementos salariales, mejoras en las prestaciones laborales, libertad y respeto a la voluntad de los trabajadores para elegir a sus dirigentes sindicales<\/p>\n","protected":false},"author":3,"featured_media":38023,"comment_status":"open","ping_status":"open","sticky":false,"template":"","format":"standard","meta":{"_monsterinsights_skip_tracking":false,"footnotes":""},"categories":[692,94,35,107],"tags":[],"class_list":["post-42712","post","type-post","status-publish","format-standard","has-post-thumbnail","category-692","category-jorge-herrera-valenzuela","category-opinion","category-rafaga"],"_links":{"self":[{"href":"https:\/\/redsemlac.com\/semmexico\/wp-json\/wp\/v2\/posts\/42712","targetHints":{"allow":["GET"]}}],"collection":[{"href":"https:\/\/redsemlac.com\/semmexico\/wp-json\/wp\/v2\/posts"}],"about":[{"href":"https:\/\/redsemlac.com\/semmexico\/wp-json\/wp\/v2\/types\/post"}],"author":[{"embeddable":true,"href":"https:\/\/redsemlac.com\/semmexico\/wp-json\/wp\/v2\/users\/3"}],"replies":[{"embeddable":true,"href":"https:\/\/redsemlac.com\/semmexico\/wp-json\/wp\/v2\/comments?post=42712"}],"version-history":[{"count":0,"href":"https:\/\/redsemlac.com\/semmexico\/wp-json\/wp\/v2\/posts\/42712\/revisions"}],"wp:featuredmedia":[{"embeddable":true,"href":"https:\/\/redsemlac.com\/semmexico\/wp-json\/wp\/v2\/media\/38023"}],"wp:attachment":[{"href":"https:\/\/redsemlac.com\/semmexico\/wp-json\/wp\/v2\/media?parent=42712"}],"wp:term":[{"taxonomy":"category","embeddable":true,"href":"https:\/\/redsemlac.com\/semmexico\/wp-json\/wp\/v2\/categories?post=42712"},{"taxonomy":"post_tag","embeddable":true,"href":"https:\/\/redsemlac.com\/semmexico\/wp-json\/wp\/v2\/tags?post=42712"}],"curies":[{"name":"wp","href":"https:\/\/api.w.org\/{rel}","templated":true}]}}