{"id":42709,"date":"2021-11-28T13:48:52","date_gmt":"2021-11-28T19:48:52","guid":{"rendered":"https:\/\/redsemlac.com\/semmexico\/?p=42709"},"modified":"2023-07-21T18:52:54","modified_gmt":"2023-07-21T23:52:54","slug":"ameco-presenta-el-libro-la-formacion-de-genero-como-garantia-de-calidad-informativa","status":"publish","type":"post","link":"https:\/\/redsemlac.com\/semmexico\/ameco-presenta-el-libro-la-formacion-de-genero-como-garantia-de-calidad-informativa\/","title":{"rendered":"AMECO presenta el libro: \u201cLa formaci\u00f3n de g\u00e9nero como garant\u00eda de calidad informativa\u201d"},"content":{"rendered":"\n<p class=\"wp-block-paragraph\">La presentaci\u00f3n se llevar\u00e1 a cabo el 30 de noviembre en el Instituto Internacional Americano\u00a0de 18 horas a 20:30 horas en Madrid<\/p>\n\n\n\n<p class=\"wp-block-paragraph\">Textos de especialistas y periodistas, ah\u00ed un texto de la directora de SemM\u00e9xico, Sara Lovera L\u00f3pez<\/p>\n\n\n\n<p class=\"wp-block-paragraph\">Redacci\u00f3n<\/p>\n\n\n\n<p class=\"wp-block-paragraph\">SemM\u00e9xico\/Amecopres, Madrid, 28 de noviembre, 2021.- \u00a0<em>La Asociaci\u00f3n Espa\u00f1ola de Mujeres Profesionales de los Medios de Comunicaci\u00f3n (AMECO) presenta el libro \u201cLa formaci\u00f3n de g\u00e9nero como garant\u00eda de calidad informativa\u201d, una recopilaci\u00f3n de art\u00edculos en los que mujeres especialistas en diversas \u00e1reas analizan en detalle aspectos importantes a la hora de comunicar.<\/em><\/p>\n\n\n\n<p class=\"wp-block-paragraph\">La obra cuestiona la relaci\u00f3n existente entre comunicaci\u00f3n y mujeres con el objetivo de definir y aclarar determinados conceptos que pueden resultar confusos en la formaci\u00f3n de las nuevas generaciones de periodistas y el tratamiento informativo. Las autoras destacan la necesidad de una formaci\u00f3n de g\u00e9nero para alcanzar el buen periodismo.<\/p>\n\n\n\n<p class=\"wp-block-paragraph\">Asimismo el libro aborda la importancia de los medios especializados y de la libertad de expresi\u00f3n y medita sobre c\u00f3mo los mecanismos de dominaci\u00f3n son cada vez m\u00e1s dif\u00edciles de detectar.<\/p>\n\n\n\n<p class=\"wp-block-paragraph\">En el estudio participan&nbsp;Asunci\u00f3n Bern\u00e1rdez, catedr\u00e1tica en la Facultad de Ciencias de la Informaci\u00f3n de la Universidad Complutense de Madrid;&nbsp;Juana Gallego, profesora titular de la Universidad Aut\u00f3noma de Barcelona;&nbsp;Angustias Bertomeu, docente y licenciada en Historia;&nbsp;Mar\u00eda Pazos, licenciada en Matem\u00e1ticas e investigadora, y las periodistas&nbsp;Elena Tarifa,&nbsp;Ana Gaitero,&nbsp;Cruz Morcillo&nbsp;y&nbsp;Sara Lovera L\u00f3pez.<\/p>\n\n\n\n<p class=\"wp-block-paragraph\">Los medios de comunicaci\u00f3n son una ventana abierta a la sociedad a trav\u00e9s de la cual discurre la realidad, pero esta nunca es simple, sino que est\u00e1 llena de multitud de matices. Cuanto mayor sea el conocimiento, rigor y pluralidad mejor ser\u00e1 la forma de entender y dar participaci\u00f3n a un mayor n\u00famero de personas.<\/p>\n\n\n\n<p class=\"wp-block-paragraph\">El libro se presentar\u00e1 el martes 30 de noviembre y la entrada ser\u00e1 libre hasta completar aforo. Se ruega confirmaci\u00f3n en el correo redaccion@amecopress.net<\/p>\n\n\n\n<p class=\"wp-block-paragraph\">Foto: archivo AmecoPress.&nbsp;<\/p>\n","protected":false},"excerpt":{"rendered":"<p>La AMECO presenta el libro \u201cLa formaci\u00f3n de g\u00e9nero como garant\u00eda de calidad informativa\u201d, una recopilaci\u00f3n de art\u00edculos en los que mujeres especialistas en diversas \u00e1reas analizan en detalle aspectos importantes a la hora de comunicar.<\/p>\n","protected":false},"author":3,"featured_media":42710,"comment_status":"open","ping_status":"open","sticky":false,"template":"","format":"standard","meta":{"_monsterinsights_skip_tracking":false,"footnotes":""},"categories":[692,53],"tags":[],"class_list":["post-42709","post","type-post","status-publish","format-standard","has-post-thumbnail","category-692","category-internacional"],"_links":{"self":[{"href":"https:\/\/redsemlac.com\/semmexico\/wp-json\/wp\/v2\/posts\/42709","targetHints":{"allow":["GET"]}}],"collection":[{"href":"https:\/\/redsemlac.com\/semmexico\/wp-json\/wp\/v2\/posts"}],"about":[{"href":"https:\/\/redsemlac.com\/semmexico\/wp-json\/wp\/v2\/types\/post"}],"author":[{"embeddable":true,"href":"https:\/\/redsemlac.com\/semmexico\/wp-json\/wp\/v2\/users\/3"}],"replies":[{"embeddable":true,"href":"https:\/\/redsemlac.com\/semmexico\/wp-json\/wp\/v2\/comments?post=42709"}],"version-history":[{"count":0,"href":"https:\/\/redsemlac.com\/semmexico\/wp-json\/wp\/v2\/posts\/42709\/revisions"}],"wp:featuredmedia":[{"embeddable":true,"href":"https:\/\/redsemlac.com\/semmexico\/wp-json\/wp\/v2\/media\/42710"}],"wp:attachment":[{"href":"https:\/\/redsemlac.com\/semmexico\/wp-json\/wp\/v2\/media?parent=42709"}],"wp:term":[{"taxonomy":"category","embeddable":true,"href":"https:\/\/redsemlac.com\/semmexico\/wp-json\/wp\/v2\/categories?post=42709"},{"taxonomy":"post_tag","embeddable":true,"href":"https:\/\/redsemlac.com\/semmexico\/wp-json\/wp\/v2\/tags?post=42709"}],"curies":[{"name":"wp","href":"https:\/\/api.w.org\/{rel}","templated":true}]}}