{"id":42705,"date":"2021-11-28T13:30:11","date_gmt":"2021-11-28T19:30:11","guid":{"rendered":"https:\/\/redsemlac.com\/semmexico\/?p=42705"},"modified":"2023-07-21T18:52:54","modified_gmt":"2023-07-21T23:52:54","slug":"fiscalia-salvadorena-allana-sede-de-la-organizacion-feminista-las-melidas","status":"publish","type":"post","link":"https:\/\/redsemlac.com\/semmexico\/fiscalia-salvadorena-allana-sede-de-la-organizacion-feminista-las-melidas\/","title":{"rendered":"Fiscal\u00eda Salvadore\u00f1a allana sede de la organizaci\u00f3n feminista \u201cLas Melidas\u201d"},"content":{"rendered":"\n<p class=\"wp-block-paragraph\"><strong>Persecuci\u00f3n pol\u00edtica a organismos feministas y de derechos humanos<\/strong><\/p>\n\n\n\n<p class=\"wp-block-paragraph\">Elda Montiel<\/p>\n\n\n\n<p class=\"wp-block-paragraph\">SemM\u00e9xico, Cd. De M\u00e9xico, 28 de noviembre 2021.-\u00a0 La Asociaci\u00f3n Movimiento de Mujeres M\u00e9lida Anaya Montes, \u201cLas M\u00e9lidas\u201d hicieron un llamado a la opini\u00f3n p\u00fablica salvadore\u00f1a y a la comunidad internacional de la persecuci\u00f3n pol\u00edtica de que son objeto las organizaciones no gubernamentales, feministas y defensoras de derechos humanos.<\/p>\n\n\n\n<p class=\"wp-block-paragraph\">Agentes de la Polic\u00eda Nacional Civil y la Fiscal\u00eda General de la Republica allanaron las oficinas centrales de Las M\u00e9lidas e intervinieron el sistema informativo y archivos f\u00edsicos bajo el pretexto de investigar actos il\u00edcitos.<\/p>\n\n\n\n<p class=\"wp-block-paragraph\">Denuncian que esta investigaci\u00f3n es injustificada ya que como organizaci\u00f3n civil cuentan con toda la documentaci\u00f3n legal con auditor\u00edas internas, externas y del gobierno.&nbsp;<\/p>\n\n\n\n<p class=\"wp-block-paragraph\">Denuncian que m\u00e1s de 20 mujeres se encuentra encerradas por la polic\u00eda nacional y la fiscal\u00eda general en \u201cnuestra casa nacional\u201d.<\/p>\n\n\n\n<p class=\"wp-block-paragraph\">Tambi\u00e9n se\u00f1alan que la Procuradur\u00eda para la Defensa de los Derechos Humanos (PDDH) no ha acompa\u00f1ado ni observado estos hechos ilegales, por lo que piden la solidaridad y alerta ante posibles intentos de paralizaci\u00f3n de las actividades de esta organizaci\u00f3n que es referente en la defensa de las mujeres por m\u00e1s de 29 a\u00f1os.<\/p>\n\n\n\n<p class=\"wp-block-paragraph\">Asimismo, reiteran su compromiso por seguir luchando por alcanzar el pleno ejercicio de los derechos humanos y la erradicaci\u00f3n de todo tipo de violencia contra las mujeres y por la igualdad de oportunidades entre hombres y mujeres.<\/p>\n\n\n\n<p class=\"wp-block-paragraph\">De acuerdo a informaciones dadas a conocer por la agencia EFE el pasado 22 de noviembre la Fiscal\u00eda General de El Salvador allano al menos siete organismos no gubernamentales en una supuesta investigaci\u00f3n por corrupci\u00f3n.&nbsp; Adem\u00e1s de las M\u00e9lidas entre las organizaciones allanadas se encuentra la Asociaci\u00f3n Salvadore\u00f1a de Ayuda Humanitaria PRO-VIDA, Fundaci\u00f3n Salvadore\u00f1a de Apoyo para las V\u00edctimas y Afectados por las Pandillas \u00abUna Mano Amiga\u00bb.<\/p>\n\n\n\n<p class=\"wp-block-paragraph\">Organismos internacionales como Amnist\u00eda Internacional (AI) han se\u00f1alado que la previsible aprobaci\u00f3n de una ley de agentes extranjeros en el Congreso, de mayor\u00eda oficialista, reforzar\u00eda el \u00abhostigamiento y estigmatizaci\u00f3n\u00bb a organizaciones humanitarias y a la prensa. La propuesta, que ha sumado cr\u00edticas de Human Rights Watch (HRW) y de relatores de la ONU, fue enviada por el presidente Nayib Bukele pocos d\u00edas despu\u00e9s de se\u00f1alar a Estados Unidos de financiar a organizaciones sociales que a su juicio son la \u00aboposici\u00f3n pol\u00edtica\u00bb, cita la Agencia EFE.<\/p>\n","protected":false},"excerpt":{"rendered":"<p>La Asociaci\u00f3n Movimiento de Mujeres M\u00e9lida Anaya Montes, \u201cLas M\u00e9lidas\u201d hicieron un llamado a la opini\u00f3n p\u00fablica salvadore\u00f1a y a la comunidad internacional de la persecuci\u00f3n pol\u00edtica de que son objeto las organizaciones no gubernamentales, feministas y defensoras de derechos humanos.<\/p>\n","protected":false},"author":3,"featured_media":42706,"comment_status":"open","ping_status":"open","sticky":false,"template":"","format":"standard","meta":{"_monsterinsights_skip_tracking":false,"footnotes":""},"categories":[692,53,54],"tags":[],"class_list":["post-42705","post","type-post","status-publish","format-standard","has-post-thumbnail","category-692","category-internacional","category-mujeres"],"_links":{"self":[{"href":"https:\/\/redsemlac.com\/semmexico\/wp-json\/wp\/v2\/posts\/42705","targetHints":{"allow":["GET"]}}],"collection":[{"href":"https:\/\/redsemlac.com\/semmexico\/wp-json\/wp\/v2\/posts"}],"about":[{"href":"https:\/\/redsemlac.com\/semmexico\/wp-json\/wp\/v2\/types\/post"}],"author":[{"embeddable":true,"href":"https:\/\/redsemlac.com\/semmexico\/wp-json\/wp\/v2\/users\/3"}],"replies":[{"embeddable":true,"href":"https:\/\/redsemlac.com\/semmexico\/wp-json\/wp\/v2\/comments?post=42705"}],"version-history":[{"count":0,"href":"https:\/\/redsemlac.com\/semmexico\/wp-json\/wp\/v2\/posts\/42705\/revisions"}],"wp:featuredmedia":[{"embeddable":true,"href":"https:\/\/redsemlac.com\/semmexico\/wp-json\/wp\/v2\/media\/42706"}],"wp:attachment":[{"href":"https:\/\/redsemlac.com\/semmexico\/wp-json\/wp\/v2\/media?parent=42705"}],"wp:term":[{"taxonomy":"category","embeddable":true,"href":"https:\/\/redsemlac.com\/semmexico\/wp-json\/wp\/v2\/categories?post=42705"},{"taxonomy":"post_tag","embeddable":true,"href":"https:\/\/redsemlac.com\/semmexico\/wp-json\/wp\/v2\/tags?post=42705"}],"curies":[{"name":"wp","href":"https:\/\/api.w.org\/{rel}","templated":true}]}}