{"id":42698,"date":"2021-11-28T13:20:42","date_gmt":"2021-11-28T19:20:42","guid":{"rendered":"https:\/\/redsemlac.com\/semmexico\/?p=42698"},"modified":"2023-07-21T18:52:54","modified_gmt":"2023-07-21T23:52:54","slug":"susana-jimenez-una-poeta-denunciante-de-la-violencia-machista-en-san-juan-chamula","status":"publish","type":"post","link":"https:\/\/redsemlac.com\/semmexico\/susana-jimenez-una-poeta-denunciante-de-la-violencia-machista-en-san-juan-chamula\/","title":{"rendered":"Susana Jim\u00e9nez, una poeta denunciante de la violencia machista en San Juan Chamula"},"content":{"rendered":"\n<p class=\"wp-block-paragraph\">Susana Jim\u00e9nez, la poeta rebelde feminista<\/p>\n\n\n\n<p class=\"wp-block-paragraph\"><em><strong>La poeta chiapaneca denuncia los estereotipos y la cultura machista a trav\u00e9s de sus versos<\/strong><\/em><\/p>\n\n\n\n<h4 class=\"wp-block-heading\"><em><strong>El premio es un reconocimiento a mi pueblo, principalmente para las mujeres tsotsiles, a nuestras luchas y resistencias. Refleja mi compromiso pol\u00edtico con mi cultura a trav\u00e9s de la poes\u00eda rebelde, denunciando las injusticias que vivimos&nbsp;en&nbsp;San Juan Chamula\u201d, expres\u00f3 Jim\u00e9nez. &nbsp;<\/strong><\/em><\/h4>\n\n\n\n<p class=\"wp-block-paragraph\">Redacci\u00f3n<\/p>\n\n\n\n<p class=\"wp-block-paragraph\">SemM\u00e9xico\/Chiapas Paralelo, San Juan Chamula, 28 de noviembre, 2021.- La escritora Susana Jim\u00e9nez, en una conferencia, reafirm\u00f3 su lucha a favor de sus compa\u00f1eras tsotsiles, para no continuar normalizando las violencias machistas en sus entornos. Del mismo modo, continuar\u00e1 con su&nbsp;rescate, la difusi\u00f3n y la pr\u00e1ctica de las lenguas originarias&nbsp;por medio de la&nbsp;traducci\u00f3n, poes\u00eda y&nbsp;talleres de lecto-escritura.<\/p>\n\n\n\n<p class=\"wp-block-paragraph\">El fortalecimiento de la cultura no dejar\u00e1 morir la cosmovisi\u00f3n de los pueblos. La lengua es una forma de ver y percibir el mundo, si se pierden, tambi\u00e9n lo har\u00e1 una sabidur\u00eda milenaria, coment\u00f3. En su obra, Jim\u00e9nez ha reflexionado sobre las&nbsp;violencias f\u00edsicas, sexuales y feminicidas&nbsp;que sufren las mujeres tsotsiles. Adem\u00e1s, remarca la continua discriminaci\u00f3n hacia las personas pertenecientes a pueblos ind\u00edgenas.&nbsp;<\/p>\n\n\n\n<h4 class=\"wp-block-heading\"><em><strong>La juventud est\u00e1 trabajando en pro de las culturas ind\u00edgenas, sobre todo a trav\u00e9s del arte. Hay especialistas en la pintura, actuaci\u00f3n, escritura, cine y traducci\u00f3n, quienes reivindican sus ra\u00edces. Nos falta mucho por hacer, el camino a\u00fan es largo,&nbsp;a\u00f1adi\u00f3.&nbsp;<\/strong><\/em><\/h4>\n\n\n\n<p class=\"wp-block-paragraph\">Su Trayectoria<\/p>\n\n\n\n<div class=\"wp-block-image\"><figure class=\"aligncenter size-full\"><a href=\"https:\/\/redsemlac.com\/semmexico\/wp-content\/uploads\/2021\/11\/Susana-Jimenez-02.jpg\"><img loading=\"lazy\" decoding=\"async\" width=\"333\" height=\"250\" src=\"https:\/\/redsemlac.com\/semmexico\/wp-content\/uploads\/2021\/11\/Susana-Jimenez-02.jpg\" alt=\"\" class=\"wp-image-42701\"\/><\/a><figcaption> Cortes\u00eda: Susana Jim\u00e9nez P\u00e9rez<\/figcaption><\/figure><\/div>\n\n\n\n<p class=\"wp-block-paragraph\">Susana Mercedes Jim\u00e9nez P\u00e9rez, naci\u00f3 el 12 de julio de 1995 en San Crist\u00f3bal de las Casas Chiapas, sus ra\u00edces provienen del municipio de San Juan Chamula y es hablante de la lengua maya tsotsil. Su nombre art\u00edstico es&nbsp;Susi Bentzulul.<\/p>\n\n\n\n<p class=\"wp-block-paragraph\">En el a\u00f1o 2014, realiz\u00f3 talleres para concientizar hacia las mujeres tsotsiles sobre las dificultades de un mundo machista, patriarcal y capitalista.&nbsp;<\/p>\n\n\n\n<div class=\"wp-block-image\"><figure class=\"aligncenter size-full\"><a href=\"https:\/\/redsemlac.com\/semmexico\/wp-content\/uploads\/2021\/11\/Susana-Jimenez-03.jpg\"><img loading=\"lazy\" decoding=\"async\" width=\"375\" height=\"250\" src=\"https:\/\/redsemlac.com\/semmexico\/wp-content\/uploads\/2021\/11\/Susana-Jimenez-03.jpg\" alt=\"\" class=\"wp-image-42702\"\/><\/a><figcaption>Cortes\u00eda: Susana Jim\u00e9nez P\u00e9rez<\/figcaption><\/figure><\/div>\n\n\n\n<p class=\"wp-block-paragraph\">De 2014 a 2016, trabaj\u00f3 en un proyecto de lecto-escritura en tsotsil, con ni\u00f1as y ni\u00f1os de la zona norte de San Crist\u00f3bal de las Casas. Al mismo tiempo,&nbsp;comenz\u00f3 a escribir poes\u00eda en su lengua materna&nbsp;como&nbsp;una manera de resistir ante la hegemon\u00eda ling\u00fc\u00edstica.&nbsp;En ese sentido tiene un poemario titulado&nbsp;antsetik ch\u2019aybilik ta o\u2019ontonal mujeres olvidadas,&nbsp;cuyo contenido hace notar las&nbsp;violencias f\u00edsicas, sexuales y feminicidas que sufren las mujeres tsotsiles.<\/p>\n\n\n\n<p class=\"wp-block-paragraph\">En el 2017 trabaj\u00f3 como educadora de calle en el \u00e1rea de infancia trabajadora en Melel Xojobal A. C., impartiendo talleres en tsotsil con ni\u00f1as y ni\u00f1os trabajadores ind\u00edgenas para la promoci\u00f3n y defensa de sus derechos.&nbsp;En ese mismo a\u00f1o,&nbsp;fue coordinadora del proyecto acci\u00f3n po\u00e9tica, para&nbsp;recuperar espacios p\u00fablicos a trav\u00e9s de murales escritos en tsotsil.&nbsp;<\/p>\n\n\n\n<p class=\"wp-block-paragraph\">En 2017 y 2018, fue integrante del colectivo \u201csnichimal vayuchil\u201d sue\u00f1o florido,&nbsp;proyecto de poes\u00eda libre.&nbsp;En 2019, fue facilitadora en lengua tsotsil del tema con el tema \u201cFortaleciendo voces y liderazgos pol\u00edticos de mujeres en Chiapas\u201d, ponencia parte de las acciones para mitigar la Alerta de Violencia de G\u00e9nero.&nbsp;<\/p>\n\n\n\n<p class=\"wp-block-paragraph\">Para 2020,&nbsp;fue coordinadora, traductora y correctora de estilo en tsotsil de dos libros: &nbsp;Investigaci\u00f3n sobre la participaci\u00f3n y violencia pol\u00edtica contra mujeres ind\u00edgenas en raz\u00f3n de g\u00e9nero en Chiapas y Aproximaciones al an\u00e1lisis de la violencia pol\u00edtica contra las mujeres en raz\u00f3n de g\u00e9nero.<\/p>\n\n\n\n<p class=\"wp-block-paragraph\">En su trayectoria, ha publicado en libros colectivos y medios como C\u00edrculo de Poes\u00eda, Bajo otros cielos, Revista Duvalier, la Revista Estr\u00e9pito y el suplemento Hojarasca de La Jornada.<\/p>\n\n\n\n<div class=\"wp-block-image\"><figure class=\"aligncenter size-full\"><a href=\"https:\/\/redsemlac.com\/semmexico\/wp-content\/uploads\/2021\/11\/Susana-Jimenez-04.jpg\"><img loading=\"lazy\" decoding=\"async\" width=\"378\" height=\"250\" src=\"https:\/\/redsemlac.com\/semmexico\/wp-content\/uploads\/2021\/11\/Susana-Jimenez-04.jpg\" alt=\"\" class=\"wp-image-42703\"\/><\/a><figcaption>Cortes\u00eda: Susana Jim\u00e9nez P\u00e9rez<\/figcaption><\/figure><\/div>\n\n\n\n<p class=\"wp-block-paragraph\">*Es licenciada en lengua y cultura por la Universidad Intercultural de Chiapas (UNICH) generaci\u00f3n 2013-2017; en 2016 curs\u00f3 el Programa de Liderazgo para j\u00f3venes ind\u00edgenas en la Universidad de las Am\u00e9ricas Puebla (UDLAP); en ese mismo a\u00f1o curs\u00f3 el programa de mentorado por la Embajada de los Estados Unidos.<\/p>\n\n\n\n<p class=\"wp-block-paragraph\">En 2017 obtuvo una pbeca&nbsp;otorgada a cinco estudiantes ind\u00edgenas de M\u00e9xico para cursar el Seminario de liderazgo sobre historia y Gobierno de los EE.UU. en la Universidad de Arizona Tucson. Posteriormente en 2021 curs\u00f3 el Programa de Escritura Creativa del Programa Internacional de Escritura de la Universidad de Iowa.<\/p>\n\n\n\n<p class=\"wp-block-paragraph\">Actualmente estudia la maestr\u00eda en Estudios e Intervenci\u00f3n Feminista en el Centro de Estudios Superiores de M\u00e9xico y Centroam\u00e9rica CESMECA-UNICACH 2020-2022. &nbsp;<\/p>\n\n\n\n<ul class=\"wp-block-list\"><li>Susana Jim\u00e9nez P\u00e9rez*, escritora, traductora y tallerista tsotsil, ha sido galardonada con el&nbsp;Premio Estatal de la Juventud 2021 en la categor\u00eda Fortalecimiento a la Cultura Ind\u00edgena, en reconocimiento a su trabajo en pro de la&nbsp;preservaci\u00f3n, bienestar y desarrollo integral de su cultura<\/li><\/ul>\n","protected":false},"excerpt":{"rendered":"<p>Susana Jim\u00e9nez, la poeta rebelde feminista La poeta chiapaneca denuncia los estereotipos y la cultura machista a trav\u00e9s de sus versos El premio es un reconocimiento a mi pueblo, principalmente para las mujeres tsotsiles, a nuestras luchas y resistencias. Refleja mi compromiso pol\u00edtico con mi cultura a trav\u00e9s de la poes\u00eda rebelde, denunciando las injusticias [&hellip;]<\/p>\n","protected":false},"author":3,"featured_media":42700,"comment_status":"open","ping_status":"open","sticky":false,"template":"","format":"standard","meta":{"_monsterinsights_skip_tracking":false,"footnotes":""},"categories":[692,45,46],"tags":[],"class_list":["post-42698","post","type-post","status-publish","format-standard","has-post-thumbnail","category-692","category-cultura","category-cultura-cultura"],"_links":{"self":[{"href":"https:\/\/redsemlac.com\/semmexico\/wp-json\/wp\/v2\/posts\/42698","targetHints":{"allow":["GET"]}}],"collection":[{"href":"https:\/\/redsemlac.com\/semmexico\/wp-json\/wp\/v2\/posts"}],"about":[{"href":"https:\/\/redsemlac.com\/semmexico\/wp-json\/wp\/v2\/types\/post"}],"author":[{"embeddable":true,"href":"https:\/\/redsemlac.com\/semmexico\/wp-json\/wp\/v2\/users\/3"}],"replies":[{"embeddable":true,"href":"https:\/\/redsemlac.com\/semmexico\/wp-json\/wp\/v2\/comments?post=42698"}],"version-history":[{"count":0,"href":"https:\/\/redsemlac.com\/semmexico\/wp-json\/wp\/v2\/posts\/42698\/revisions"}],"wp:featuredmedia":[{"embeddable":true,"href":"https:\/\/redsemlac.com\/semmexico\/wp-json\/wp\/v2\/media\/42700"}],"wp:attachment":[{"href":"https:\/\/redsemlac.com\/semmexico\/wp-json\/wp\/v2\/media?parent=42698"}],"wp:term":[{"taxonomy":"category","embeddable":true,"href":"https:\/\/redsemlac.com\/semmexico\/wp-json\/wp\/v2\/categories?post=42698"},{"taxonomy":"post_tag","embeddable":true,"href":"https:\/\/redsemlac.com\/semmexico\/wp-json\/wp\/v2\/tags?post=42698"}],"curies":[{"name":"wp","href":"https:\/\/api.w.org\/{rel}","templated":true}]}}