{"id":42695,"date":"2021-11-28T11:45:39","date_gmt":"2021-11-28T17:45:39","guid":{"rendered":"https:\/\/redsemlac.com\/semmexico\/?p=42695"},"modified":"2023-07-21T18:52:54","modified_gmt":"2023-07-21T23:52:54","slug":"acoso-en-canada-a-periodistas-que-informaban-de-protestas-indigenas-en-canada","status":"publish","type":"post","link":"https:\/\/redsemlac.com\/semmexico\/acoso-en-canada-a-periodistas-que-informaban-de-protestas-indigenas-en-canada\/","title":{"rendered":"Acoso en Canad\u00e1 a periodistas que informaban de protestas ind\u00edgenas en Canad\u00e1"},"content":{"rendered":"\n<p class=\"wp-block-paragraph\">Redacci\u00f3n<\/p>\n\n\n\n<p class=\"wp-block-paragraph\">SemM\u00e9xico\/PeriodistasenEspa\u00f1ol, Madrid, 28 de noviembre, 2021.- La Federaci\u00f3n Internacional de Periodistas ha respaldado a sus asociaciones afiliadas CWA Canad\u00e1, la F\u00e9d\u00e9ration Nationale des Communications et de la Culture (FNCC) y Unifor para que se retiren los cargos contra dos periodistas, un hombre y una mujer en arresto y retenci\u00f3n durante tres d\u00edas. mientras informaba sobre una protesta en Columbia Brit\u00e1nica, Canad\u00e1.<\/p>\n\n\n\n<p class=\"wp-block-paragraph\">La fotoperiodista&nbsp;<strong>Amber Bracken<\/strong>&nbsp;y el documentalista&nbsp;<strong>Michael Toledano<\/strong>&nbsp;estaban integrados con grupos ind\u00edgenas cuando fueron arrestados el 19 de noviembre 2021 mientras cubr\u00edan una protesta contra un gasoducto en Wet\u2019suwet\u2019en, al norte de la Columbia Brit\u00e1nica. Fueron puestos en libertad el 22 de noviembre y comparecer\u00e1n ante el tribunal en febrero de 2022, acusados \u200b\u200bde desacato.<\/p>\n\n\n\n<p class=\"wp-block-paragraph\">Amber Bracken recibi\u00f3 el premio Charles Bury en 2020 y trabajaba para el diario The Narwhal durante la protesta. Tambi\u00e9n hab\u00eda trabajado para The Guardian. Michael Toledano hab\u00eda trabajado para Al Jazeera y Vice News.<\/p>\n\n\n\n<p class=\"wp-block-paragraph\">El presidente de CWA Canad\u00e1,&nbsp;<strong>Martin O\u2019Hanlon<\/strong>, calific\u00f3 los cargos de \u00abuna grave violaci\u00f3n de la libertad de prensa\u00bb.<\/p>\n\n\n\n<p class=\"wp-block-paragraph\">\u00abEl arresto de un solo periodista es un asalto a la libertad de prensa y a la democracia. Este lamentable incidente da\u00f1a la reputaci\u00f3n de Canad\u00e1 y envalentona a los d\u00e9spotas en el extranjero que lo usar\u00e1n para justificar sus acciones. Se deben retirar los cargos y emitirse una disculpa\u00bb, dijo.<\/p>\n\n\n\n<p class=\"wp-block-paragraph\">El 22 de noviembre, The Narwhal public\u00f3 un art\u00edculo en el que afirmaba que la RCMP (Real Polic\u00eda Montada de Canad\u00e1) tambi\u00e9n estaba rastreando a los periodistas.<\/p>\n\n\n\n<p class=\"wp-block-paragraph\"><strong>Jennifer Moreau<\/strong>, presidenta del Unifor Media Council y miembro del ejecutivo de la FIP dijo: \u00abEste caso es extremadamente perturbador, y ahora nos enteramos de que la RCMP tambi\u00e9n estaba recopilando informaci\u00f3n sobre estos dos periodistas antes de que fueran arrestados. Es un ataque a libertad de prensa cuando la polic\u00eda encarcela a periodistas por cubrir una historia. No es un delito estar incrustado en las fuentes, ni es un delito informar desde una zona de interdicto. La RCMP lo sabe, y no ha dado una raz\u00f3n v\u00e1lida para los arrestos\u00bb.<\/p>\n\n\n\n<p class=\"wp-block-paragraph\">El secretario general de la FIP,&nbsp;<strong>Anthony Bellanger<\/strong>, sostiene que \u00abesto no es aceptable, estos periodistas no solo han sido arrestados mientras hac\u00edan su trabajo y cubr\u00edan un asunto de inter\u00e9s p\u00fablico en Canad\u00e1, sino que estuvieron detenidos durante tres d\u00edas y ahora tienen que comparecer ante el tribunal. Los cargos deben retirarse de inmediato. La RCMP debe dejar de arrestar a periodistas y restringir sus movimientos\u00bb.<\/p>\n","protected":false},"excerpt":{"rendered":"<p>La fotoperiodista\u00a0Amber Bracken\u00a0y el documentalista\u00a0Michael Toledano\u00a0estaban integrados con grupos ind\u00edgenas cuando fueron arrestados el 19 de noviembre 2021 mientras cubr\u00edan una protesta contra un gasoducto en Wet\u2019suwet\u2019en, al norte de la Columbia Brit\u00e1nica. Fueron puestos en libertad el 22 de noviembre y comparecer\u00e1n ante el tribunal en febrero de 2022, acusados \u200b\u200bde desacato.<\/p>\n","protected":false},"author":3,"featured_media":42696,"comment_status":"open","ping_status":"open","sticky":false,"template":"","format":"standard","meta":{"_monsterinsights_skip_tracking":false,"footnotes":""},"categories":[692,55],"tags":[],"class_list":["post-42695","post","type-post","status-publish","format-standard","has-post-thumbnail","category-692","category-periodistas"],"_links":{"self":[{"href":"https:\/\/redsemlac.com\/semmexico\/wp-json\/wp\/v2\/posts\/42695","targetHints":{"allow":["GET"]}}],"collection":[{"href":"https:\/\/redsemlac.com\/semmexico\/wp-json\/wp\/v2\/posts"}],"about":[{"href":"https:\/\/redsemlac.com\/semmexico\/wp-json\/wp\/v2\/types\/post"}],"author":[{"embeddable":true,"href":"https:\/\/redsemlac.com\/semmexico\/wp-json\/wp\/v2\/users\/3"}],"replies":[{"embeddable":true,"href":"https:\/\/redsemlac.com\/semmexico\/wp-json\/wp\/v2\/comments?post=42695"}],"version-history":[{"count":0,"href":"https:\/\/redsemlac.com\/semmexico\/wp-json\/wp\/v2\/posts\/42695\/revisions"}],"wp:featuredmedia":[{"embeddable":true,"href":"https:\/\/redsemlac.com\/semmexico\/wp-json\/wp\/v2\/media\/42696"}],"wp:attachment":[{"href":"https:\/\/redsemlac.com\/semmexico\/wp-json\/wp\/v2\/media?parent=42695"}],"wp:term":[{"taxonomy":"category","embeddable":true,"href":"https:\/\/redsemlac.com\/semmexico\/wp-json\/wp\/v2\/categories?post=42695"},{"taxonomy":"post_tag","embeddable":true,"href":"https:\/\/redsemlac.com\/semmexico\/wp-json\/wp\/v2\/tags?post=42695"}],"curies":[{"name":"wp","href":"https:\/\/api.w.org\/{rel}","templated":true}]}}