{"id":42689,"date":"2021-11-28T11:35:20","date_gmt":"2021-11-28T17:35:20","guid":{"rendered":"https:\/\/redsemlac.com\/semmexico\/?p=42689"},"modified":"2023-07-21T18:52:54","modified_gmt":"2023-07-21T23:52:54","slug":"decision-de-la-scjn-para-no-criminalizar-el-aborto-abre-la-puerta-a-las-empresas-de-vientres-de-alquiler","status":"publish","type":"post","link":"https:\/\/redsemlac.com\/semmexico\/decision-de-la-scjn-para-no-criminalizar-el-aborto-abre-la-puerta-a-las-empresas-de-vientres-de-alquiler\/","title":{"rendered":"Decisi\u00f3n de la SCJN para no criminalizar el aborto abre la puerta a las empresas de \u201cvientres de alquiler\u201d"},"content":{"rendered":"\n<p class=\"wp-block-paragraph\"><em><strong>Acad\u00e9mica catalana presenta libro como parte de las actividades del D\u00eda de la No Violencia contra las Mujeres, organizadas por el CUCSH y la organizaci\u00f3n Parit\u00e9<\/strong><\/em><\/p>\n\n\n\n<p class=\"wp-block-paragraph\">Redacci\u00f3n<\/p>\n\n\n\n<p class=\"wp-block-paragraph\">SemM\u00e9xico, Guadalajara, Jalisco, 28 de noviembre, 2021.- La sentencia de la Suprema Corte de Justicia de la Naci\u00f3n (SCJN) para declarar&nbsp;inconstitucional la criminalizaci\u00f3n de las mujeres que se practican un aborto en M\u00e9xico es un arma de doble filo, sentenci\u00f3 la catalana N\u00faria Gonz\u00e1lez L\u00f3pez.<\/p>\n\n\n\n<p class=\"wp-block-paragraph\">Consider\u00f3 que, si bien en la pr\u00e1ctica este acuerdo da el derecho a las mujeres para decidir sobre su cuerpo, tambi\u00e9n abre la puerta para que las empresas dedicadas a la gestaci\u00f3n subrogada, conocida como&nbsp;\u201cvientres de alquiler\u201d, puedan establecerse de manera legal en el pa\u00eds, afirm\u00f3.<\/p>\n\n\n\n<p class=\"wp-block-paragraph\">As\u00ed lo dijo en la presentaci\u00f3n de su libro&nbsp;<em>Vientres de alquiler. La mala gente<\/em>, organizada por acad\u00e9micas del Centro Universitario de Ciencias Sociales y Humanidades (CUCSH) y de la organizaci\u00f3n Parit\u00e9. Observatorio Ciudadano de la Participaci\u00f3n Pol\u00edtica de las Mujeres.<\/p>\n\n\n\n<p class=\"wp-block-paragraph\">La acad\u00e9mica y asesora declar\u00f3 que,&nbsp;aunque la decisi\u00f3n del m\u00e1ximo \u00f3rgano de justicia es acertada y responde a las demandas de grupos feministas, tambi\u00e9n podr\u00eda ser aprovechada para otros intereses&nbsp;que van en contra de los derechos promovidos por ese movimiento.<\/p>\n\n\n\n<p class=\"wp-block-paragraph\">\u201cLa decisi\u00f3n de&nbsp;la Suprema Corte no s\u00f3lo da la raz\u00f3n a la no criminalizaci\u00f3n del aborto, sino que insta a las entidades federativas a legislar en la materia, m\u00e1s claro que el agua. Es un arma de doble filo: est\u00e1 bien y ya es hora de que en M\u00e9xico deje de haber mujeres en la c\u00e1rcel por abortar; el derecho al aborto es un derecho humano, pero hay que tener muy claro de d\u00f3nde viene el tiro, que si ha sido ahora no es casual, porque si no hay aborto no puede haber industria de los \u2018vientres de alquiler\u2019, porque de otra manera no se pueden terminar los contratos\u201d, explic\u00f3.<\/p>\n\n\n\n<p class=\"wp-block-paragraph\">Gonz\u00e1lez L\u00f3pez, quien ha sido Jueza del Tribunal de Derechos Humanos de Mujeres Ind\u00edgenas en la Conferencia Mundial de los Pueblos Ind\u00edgenas de la ONU, explic\u00f3 que estas empresas funcionan en pa\u00edses desarrollados y en los m\u00e1s pobres bajo un esquema en el que&nbsp;conectan a parejas heterosexuales u homosexuales con mujeres por lo general precarizadas que rentan su cuerpo para parir un hijo.<\/p>\n\n\n\n<p class=\"wp-block-paragraph\">La manera de hacerlo&nbsp;es mediante contratos en los que la mujer debe firmar desde antes de embarazarse, lo que la obliga a aceptar ingerir todo tipo de medicamentos para favorecer la fertilizaci\u00f3n, as\u00ed como someterse a todo tipo de procedimientos para lograr un embarazo en el que los contratantes est\u00e9n satisfechos con el producto, lo que incluye la posibilidad de practicar abortos selectivos si el feto viene con alguna malformaci\u00f3n o defecto.<\/p>\n\n\n\n<p class=\"wp-block-paragraph\">Detall\u00f3 que\u00a0en estos contratos la mujer no tiene posibilidad de arrepentimiento\u00a0y debe de seguir las indicaciones de los contratantes y de la empresa que la reclut\u00f3 hasta que se desprenda del beb\u00e9.<\/p>\n\n\n\n<figure class=\"wp-block-image size-large\"><a href=\"https:\/\/redsemlac.com\/semmexico\/wp-content\/uploads\/2021\/11\/28-11-21-alquiler-02.jpg\"><img decoding=\"async\" src=\"https:\/\/redsemlac.com\/semmexico\/wp-content\/uploads\/2021\/11\/28-11-21-alquiler-02-1024x693.jpg\" alt=\"\" class=\"wp-image-42691\"\/><\/a><figcaption>Foto: Abraham Ar\u00e9chiga<\/figcaption><\/figure>\n\n\n\n<p class=\"wp-block-paragraph\">\u201cSon contratos que versan sobre una materia que no deber\u00edan versar \u2013abund\u00f3\u2013, porque las personas est\u00e1n fuera de contratos mercantiles. Adem\u00e1s de eso, para que un contrato sea v\u00e1lido es que haya posibilidad de arrepentimiento en alguna de las dos partes, y en \u00e9ste no lo hay, s\u00f3lo con eso lo har\u00eda nulo ante cualquier tribunal. Es decir,&nbsp;estamos ante una serie de fraudes de ley, de antijuricidad, que se aplican y se manejan porque hay inter\u00e9s de empresas que quieren que sea as\u00ed\u201d.<\/p>\n\n\n\n<p class=\"wp-block-paragraph\">Dijo que en Espa\u00f1a este tema es reprobado por la opini\u00f3n p\u00fablica porque involucra no s\u00f3lo la vulneraci\u00f3n de los derechos de las mujeres, sino tambi\u00e9n los de las ni\u00f1as y ni\u00f1os; por ello,&nbsp;es importante que la sociedad mexicana conozca el tema antes de que los intereses de las empresas impulsen una legislaci\u00f3n&nbsp;para favorecer esta forma de maternidad.<\/p>\n\n\n\n<p class=\"wp-block-paragraph\">Mar\u00eda Antonia Ch\u00e1vez Guti\u00e9rrez, acad\u00e9mica del CUCSH y miembro del Observatorio Latinoamericano de Trata de Personas, subray\u00f3 que&nbsp;esta forma de reproducci\u00f3n asistida es una de las modalidades de trata de personas&nbsp;que, sin embargo, no est\u00e1 identificada ni reconocida por el gobierno mexicano.<\/p>\n\n\n\n<p class=\"wp-block-paragraph\">\u201cEn el caso de M\u00e9xico no est\u00e1 reconocido dentro de esas once modalidades de trata de personas. La pregunta es qu\u00e9 tendr\u00eda que replantearse jur\u00eddicamente, desde los diferentes escenarios, para garantizar la visibilizaci\u00f3n de que\u00a0los vientres de alquiler es una forma m\u00e1s de la explotaci\u00f3n de los cuerpos humanos sumados al trabajo forzado y a la explotaci\u00f3n sexual\u201d, denunci\u00f3.<\/p>\n\n\n\n<figure class=\"wp-block-image size-large\"><a href=\"https:\/\/redsemlac.com\/semmexico\/wp-content\/uploads\/2021\/11\/28-11-21-alquiler-03.jpg\"><img decoding=\"async\" src=\"https:\/\/redsemlac.com\/semmexico\/wp-content\/uploads\/2021\/11\/28-11-21-alquiler-03-1024x715.jpg\" alt=\"\" class=\"wp-image-42692\"\/><\/a><\/figure>\n","protected":false},"excerpt":{"rendered":"<p>La catalana N\u00faria Gonz\u00e1lez L\u00f3pez menciono que la sentencia de la Suprema Corte de Justicia de la Naci\u00f3n (SCJN) para declarar\u00a0inconstitucional la criminalizaci\u00f3n de las mujeres que se practican un aborto en M\u00e9xico es un arma de doble filo.<\/p>\n","protected":false},"author":3,"featured_media":42690,"comment_status":"open","ping_status":"open","sticky":false,"template":"","format":"standard","meta":{"_monsterinsights_skip_tracking":false,"footnotes":""},"categories":[692,54],"tags":[],"class_list":["post-42689","post","type-post","status-publish","format-standard","has-post-thumbnail","category-692","category-mujeres"],"_links":{"self":[{"href":"https:\/\/redsemlac.com\/semmexico\/wp-json\/wp\/v2\/posts\/42689","targetHints":{"allow":["GET"]}}],"collection":[{"href":"https:\/\/redsemlac.com\/semmexico\/wp-json\/wp\/v2\/posts"}],"about":[{"href":"https:\/\/redsemlac.com\/semmexico\/wp-json\/wp\/v2\/types\/post"}],"author":[{"embeddable":true,"href":"https:\/\/redsemlac.com\/semmexico\/wp-json\/wp\/v2\/users\/3"}],"replies":[{"embeddable":true,"href":"https:\/\/redsemlac.com\/semmexico\/wp-json\/wp\/v2\/comments?post=42689"}],"version-history":[{"count":0,"href":"https:\/\/redsemlac.com\/semmexico\/wp-json\/wp\/v2\/posts\/42689\/revisions"}],"wp:featuredmedia":[{"embeddable":true,"href":"https:\/\/redsemlac.com\/semmexico\/wp-json\/wp\/v2\/media\/42690"}],"wp:attachment":[{"href":"https:\/\/redsemlac.com\/semmexico\/wp-json\/wp\/v2\/media?parent=42689"}],"wp:term":[{"taxonomy":"category","embeddable":true,"href":"https:\/\/redsemlac.com\/semmexico\/wp-json\/wp\/v2\/categories?post=42689"},{"taxonomy":"post_tag","embeddable":true,"href":"https:\/\/redsemlac.com\/semmexico\/wp-json\/wp\/v2\/tags?post=42689"}],"curies":[{"name":"wp","href":"https:\/\/api.w.org\/{rel}","templated":true}]}}