{"id":42686,"date":"2021-11-28T11:17:38","date_gmt":"2021-11-28T17:17:38","guid":{"rendered":"https:\/\/redsemlac.com\/semmexico\/?p=42686"},"modified":"2023-07-21T18:52:54","modified_gmt":"2023-07-21T23:52:54","slug":"senadora-pide-reforzar-las-acciones-para-proteger-a-ninas-y-mujeres-a-la-secretaria-de-seguridad-y-a-la-fiscalia-general","status":"publish","type":"post","link":"https:\/\/redsemlac.com\/semmexico\/senadora-pide-reforzar-las-acciones-para-proteger-a-ninas-y-mujeres-a-la-secretaria-de-seguridad-y-a-la-fiscalia-general\/","title":{"rendered":"Senadora pide reforzar las acciones para proteger a ni\u00f1as y mujeres a la Secretaria de Seguridad y a la Fiscal\u00eda General."},"content":{"rendered":"\n<p class=\"wp-block-paragraph\"><strong>8 de 10 mujeres se sienten inseguras en su hogar<\/strong><\/p>\n\n\n\n<p class=\"wp-block-paragraph\">Micaela M\u00e1rquez<\/p>\n\n\n\n<p class=\"wp-block-paragraph\">SemM\u00e9xico, Cd. de M\u00e9xico, 28 de noviembre 2021.-&nbsp; Un punto de acuerdo para solicitar a la Secretar\u00eda de Seguridad P\u00fablica y Protecci\u00f3n Ciudadana y a la Fiscal\u00eda General de la Rep\u00fablica reforzar las acciones de prevenci\u00f3n, investigaci\u00f3n y procuraci\u00f3n de justicia para los delitos de violencia en contra de las ni\u00f1as, adolescentes y mujeres fue presentado por la senadora Geovanna Ba\u00f1uelos, coordinadora del Grupo Parlamentario del PT en el Senado.<\/p>\n\n\n\n<p class=\"wp-block-paragraph\">En el marco del D\u00eda Internacional para la Eliminaci\u00f3n de la Violencia contra la Mujer.<\/p>\n\n\n\n<p class=\"wp-block-paragraph\">En el punto de acuerdo que se turn\u00f3 a la Comisi\u00f3n de Seguridad Publica se expone que las mujeres mexicanas sufren las consecuencias de un sistema patriarcal que limita la esfera de derechos humanos de las mujeres. Donde 8 de 10 mujeres se sienten inseguras y el 20 por ciento se sientan amedrentadas en su hogar.<\/p>\n\n\n\n<p class=\"wp-block-paragraph\">De acuerdo con la Encuesta Nacional de Victimizaci\u00f3n y Percepci\u00f3n sobre Seguridad P\u00fablica 2021 (Envipe), en los \u00faltimos a\u00f1os se ha observado que la diferencia en la percepci\u00f3n de inseguridad entre hombres y mujeres se ha incrementado, alcanzando hasta siete puntos porcentuales en 2020 (81.7% en mujeres contra 74.7% en hombres).&nbsp;<\/p>\n\n\n\n<p class=\"wp-block-paragraph\">De enero a agosto de 2021, la principal violencia en los hogares fueron las ofensas o humillaciones, las cuales presentaron un descenso respecto a 2020 en ambos sexos, aunque prevalece un nivel mayor en las mujeres, con 4.9 por ciento de ellas que vivieron estas situaciones contra un 3.2 por ciento en los hombres, en comparaci\u00f3n con 6.6 por ciento y 4.0 por ciento, respectivamente, en 2020.<\/p>\n\n\n\n<p class=\"wp-block-paragraph\">La coordinadora del Grupo Parlamentario del Partido del Trabajo llama al Instituto Nacional de las Mujeres (INMUJERES) coordinar acciones para garantizar el cumplimiento de la pol\u00edtica nacional en materia de igualdad sustantiva entre mujeres y hombres y para erradicar todas las formas de violencia contra las mujeres, as\u00ed como fortalecer las campa\u00f1as de informaci\u00f3n y comunicaci\u00f3n sobre la materia a la poblaci\u00f3n.<\/p>\n\n\n\n<p class=\"wp-block-paragraph\">\u201cLos datos demuestran que, pese a los avances en la materia, la violencia de g\u00e9nero sigue presente en el acontecer cotidiano de millones de mexicanas. La violencia contra la mujer es un obst\u00e1culo para alcanzar igualdad, desarrollo, paz, al igual que el respeto de los derechos humanos de todas las mujeres y ni\u00f1as. &nbsp;<\/p>\n\n\n\n<p class=\"wp-block-paragraph\">&nbsp;Como legisladora y mujer hizo un llamado a las autoridades para combatir la violencia que se ejerce de distintas formas contra todas las mujeres en la sociedad. Sostiene que es indispensable dise\u00f1ar e implementar pol\u00edticas transversales tendientes a combatir la violencia contra las mujeres.&nbsp;<\/p>\n","protected":false},"excerpt":{"rendered":"<p>La senadora Geovanna Ba\u00f1uelos presento un punto de acuerdo para solicitar a la Secretar\u00eda de Seguridad P\u00fablica y Protecci\u00f3n Ciudadana y a la Fiscal\u00eda General de la Rep\u00fablica reforzar las acciones de prevenci\u00f3n, investigaci\u00f3n y procuraci\u00f3n de justicia para los delitos de violencia en contra de las ni\u00f1as, adolescentes y mujeres.<\/p>\n","protected":false},"author":3,"featured_media":42687,"comment_status":"open","ping_status":"open","sticky":false,"template":"","format":"standard","meta":{"_monsterinsights_skip_tracking":false,"footnotes":""},"categories":[692,50],"tags":[],"class_list":["post-42686","post","type-post","status-publish","format-standard","has-post-thumbnail","category-692","category-congreso"],"_links":{"self":[{"href":"https:\/\/redsemlac.com\/semmexico\/wp-json\/wp\/v2\/posts\/42686","targetHints":{"allow":["GET"]}}],"collection":[{"href":"https:\/\/redsemlac.com\/semmexico\/wp-json\/wp\/v2\/posts"}],"about":[{"href":"https:\/\/redsemlac.com\/semmexico\/wp-json\/wp\/v2\/types\/post"}],"author":[{"embeddable":true,"href":"https:\/\/redsemlac.com\/semmexico\/wp-json\/wp\/v2\/users\/3"}],"replies":[{"embeddable":true,"href":"https:\/\/redsemlac.com\/semmexico\/wp-json\/wp\/v2\/comments?post=42686"}],"version-history":[{"count":0,"href":"https:\/\/redsemlac.com\/semmexico\/wp-json\/wp\/v2\/posts\/42686\/revisions"}],"wp:featuredmedia":[{"embeddable":true,"href":"https:\/\/redsemlac.com\/semmexico\/wp-json\/wp\/v2\/media\/42687"}],"wp:attachment":[{"href":"https:\/\/redsemlac.com\/semmexico\/wp-json\/wp\/v2\/media?parent=42686"}],"wp:term":[{"taxonomy":"category","embeddable":true,"href":"https:\/\/redsemlac.com\/semmexico\/wp-json\/wp\/v2\/categories?post=42686"},{"taxonomy":"post_tag","embeddable":true,"href":"https:\/\/redsemlac.com\/semmexico\/wp-json\/wp\/v2\/tags?post=42686"}],"curies":[{"name":"wp","href":"https:\/\/api.w.org\/{rel}","templated":true}]}}