{"id":42680,"date":"2021-11-27T15:21:57","date_gmt":"2021-11-27T21:21:57","guid":{"rendered":"https:\/\/redsemlac.com\/semmexico\/?p=42680"},"modified":"2023-07-21T18:52:54","modified_gmt":"2023-07-21T23:52:54","slug":"hitos-en-la-ruta-para-erradicar-la-violencia-de-genero","status":"publish","type":"post","link":"https:\/\/redsemlac.com\/semmexico\/hitos-en-la-ruta-para-erradicar-la-violencia-de-genero\/","title":{"rendered":"Hitos en la ruta para erradicar la violencia de g\u00e9nero"},"content":{"rendered":"\n<p class=\"wp-block-paragraph\">SemM\u00e9xico\/Cim,\u00a0 Washington, 27 de noviembre, 2021.-,\u00a0 La lucha de los movimientos de mujeres en la regi\u00f3n ha avanzado con una fuerza transformadora, logrando que muchas de sus demandas formen parte de la agenda p\u00fablica y pol\u00edtica. En el marco de la conmemoraci\u00f3n del 25 de noviembre, <strong>D\u00eda Internacional\u00a0de la Eliminaci\u00f3n de la Violencia Contra la Mujer<\/strong>, <a href=\"https:\/\/oas.us7.list-manage.com\/track\/click?u=f4f9c21ffdd25a4e4ef06e3c2&amp;id=a0233cf76d&amp;e=42b12efb59\" target=\"_blank\" rel=\"noreferrer noopener\">la Comisi\u00f3n Interamericana de Mujeres<\/a> (CIM) las y los invita a recordar una parte de la historia de lucha contra de la violencia de g\u00e9nero, y la resiliencia de las valientes mujeres que la han protagonizado.<\/p>\n\n\n\n<figure class=\"wp-block-image size-large\"><a href=\"https:\/\/redsemlac.com\/semmexico\/wp-content\/uploads\/2021\/11\/oea-cim-02.jpg\"><img decoding=\"async\" src=\"https:\/\/redsemlac.com\/semmexico\/wp-content\/uploads\/2021\/11\/oea-cim-02-614x1024.jpg\" alt=\"\" class=\"wp-image-42681\"\/><\/a><\/figure>\n\n\n\n<p class=\"wp-block-paragraph\">Hay muchos otros hitos que han marcado la historia. Hemos llegado lejos, pero a\u00fan falta mucho por recorrer. Acomp\u00e1\u00f1ennos durante estos 16 d\u00edas de activismo y sigamos luchando juntas para vivir libres de violencia.<\/p>\n\n\n\n<p class=\"wp-block-paragraph\">#25N #16d\u00edas #Herstory #TodasSomosCIM<\/p>\n","protected":false},"excerpt":{"rendered":"<p>En conmemoraci\u00f3n del 25 de noviembre, la Comisi\u00f3n Interamericana de Mujeres (CIM) invita a recordar una parte de la historia de lucha contra de la violencia de g\u00e9nero, y la resiliencia de las valientes mujeres que la han protagonizado.<\/p>\n","protected":false},"author":3,"featured_media":42682,"comment_status":"open","ping_status":"open","sticky":false,"template":"","format":"standard","meta":{"_monsterinsights_skip_tracking":false,"footnotes":""},"categories":[626,692],"tags":[],"class_list":["post-42680","post","type-post","status-publish","format-standard","has-post-thumbnail","category-16-dias","category-692"],"_links":{"self":[{"href":"https:\/\/redsemlac.com\/semmexico\/wp-json\/wp\/v2\/posts\/42680","targetHints":{"allow":["GET"]}}],"collection":[{"href":"https:\/\/redsemlac.com\/semmexico\/wp-json\/wp\/v2\/posts"}],"about":[{"href":"https:\/\/redsemlac.com\/semmexico\/wp-json\/wp\/v2\/types\/post"}],"author":[{"embeddable":true,"href":"https:\/\/redsemlac.com\/semmexico\/wp-json\/wp\/v2\/users\/3"}],"replies":[{"embeddable":true,"href":"https:\/\/redsemlac.com\/semmexico\/wp-json\/wp\/v2\/comments?post=42680"}],"version-history":[{"count":0,"href":"https:\/\/redsemlac.com\/semmexico\/wp-json\/wp\/v2\/posts\/42680\/revisions"}],"wp:featuredmedia":[{"embeddable":true,"href":"https:\/\/redsemlac.com\/semmexico\/wp-json\/wp\/v2\/media\/42682"}],"wp:attachment":[{"href":"https:\/\/redsemlac.com\/semmexico\/wp-json\/wp\/v2\/media?parent=42680"}],"wp:term":[{"taxonomy":"category","embeddable":true,"href":"https:\/\/redsemlac.com\/semmexico\/wp-json\/wp\/v2\/categories?post=42680"},{"taxonomy":"post_tag","embeddable":true,"href":"https:\/\/redsemlac.com\/semmexico\/wp-json\/wp\/v2\/tags?post=42680"}],"curies":[{"name":"wp","href":"https:\/\/api.w.org\/{rel}","templated":true}]}}