{"id":42653,"date":"2021-11-26T13:10:35","date_gmt":"2021-11-26T19:10:35","guid":{"rendered":"https:\/\/redsemlac.com\/semmexico\/?p=42653"},"modified":"2023-07-21T18:52:55","modified_gmt":"2023-07-21T23:52:55","slug":"a-los-hombres-nos-toca-dejar-de-ser-reproductores-de-actitudes-machistas-sergio-gutierrez-luna","status":"publish","type":"post","link":"https:\/\/redsemlac.com\/semmexico\/a-los-hombres-nos-toca-dejar-de-ser-reproductores-de-actitudes-machistas-sergio-gutierrez-luna\/","title":{"rendered":"A los hombres nos toca dejar de ser reproductores de actitudes machistas: Sergio Guti\u00e9rrez Luna"},"content":{"rendered":"\n<ul class=\"wp-block-list\"><li><strong>M\u00e1s de 2 mil 400 mujeres asesinadas por raz\u00f3n de g\u00e9nero y 7 mil 100 por homicidio doloso en este gobierno, PRD<\/strong><\/li><li><strong>Sesi\u00f3n Solemne en la C\u00e1mara Baja por el 25N<\/strong><\/li><\/ul>\n\n\n\n<p class=\"wp-block-paragraph\"><strong>Elda Montiel<\/strong><\/p>\n\n\n\n<p class=\"wp-block-paragraph\">SemM\u00e9xico, Cd. de M\u00e9xico, 26 de noviembre 2021.- La C\u00e1mara de Diputados se uni\u00f3 a los d\u00edas de activismo en contra de la violencia hacia las ni\u00f1as y mujeres que inicia con el D\u00eda Internacional de la Eliminaci\u00f3n de la Violencia contra la Mujer con una sesi\u00f3n Solemne con m\u00e1s de 300 diputadas y diputados.<\/p>\n\n\n\n<p class=\"wp-block-paragraph\">Coincidieron en asumir el compromiso para construir vida libre de violencia para las ni\u00f1as y mujeres, por el reconocimiento de sus derechos y que la autoridad refrende su compromiso para prevenir, atender, sancionar y erradicar cualquier tipo de violencia contra ellas.<\/p>\n\n\n\n<p class=\"wp-block-paragraph\">Desde que empez\u00f3 el gobierno m\u00e1s de 2 mil 400 mujeres han sido asesinadas por raz\u00f3n de g\u00e9nero y otras 7 mil 100 han sido v\u00edctimas de un homicidio doloso, seg\u00fan se\u00f1alo en tribuna la diputada perredista Elizabeth P\u00e9rez Valdez<\/p>\n\n\n\n<p class=\"wp-block-paragraph\">En su mensaje el presidente de la Mesa Directiva, Sergio Guti\u00e9rrez Luna subray\u00f3 que las cifras ponen de manifiesto la violencia y exhiben la desigualdad de g\u00e9nero que toca al Estado Mexicano encontrar los mecanismos erradicar la violencia contra las mujeres.<\/p>\n\n\n\n<p class=\"wp-block-paragraph\">A los hombres, dijo, nos toca seguir esforz\u00e1ndonos por cambiar nuestra perspectiva y dejar de ser los principales reproductores de las actitudes machistas y de violencia. Y llamo a reflexionar a los hombres sobre la posici\u00f3n de opresi\u00f3n en el que el sistema patriarcal los ha colocado.<\/p>\n\n\n\n<p class=\"wp-block-paragraph\">\u201cReconocer la existencia de hero\u00ednas, en su mayor\u00eda an\u00f3nimas, es reconocer tambi\u00e9n que han existido resistencias y reacciones violentas porque incomodan a quienes han querido conservar sus privilegios y se oponen a algo inevitable: abrir un mejor camino para las ni\u00f1as, j\u00f3venes y mujeres de las siguientes generaciones\u201d, se\u00f1al\u00f3.&nbsp;&nbsp;<\/p>\n\n\n\n<h2 class=\"wp-block-heading\"><strong>Hubo resistencias a la Ley Olimpia<\/strong><\/h2>\n\n\n\n<p class=\"wp-block-paragraph\">Olimpia Coral Melo, activista, expuso que el reconocimiento de los derechos de las mujeres \u201clos hemos conquistado nosotras\u201d, como fue la Ley Olimpia, relativa al reconocimiento penal de la violencia digital y la cual no solo es un conjunto de reformas sino una causa para que las ni\u00f1as y las mujeres estemos seguras en Internet.<\/p>\n\n\n\n<p class=\"wp-block-paragraph\">Al respecto dijo que en su momento tardo a\u00f1os en pelear por esta legislaci\u00f3n y hubo resistencia de muchos legisladores que prejuzgaron, agredieron y cerraron la puerta.<\/p>\n\n\n\n<p class=\"wp-block-paragraph\">Pidi\u00f3 que no utilicen las causas de las mujeres como bot\u00edn pol\u00edtico y llamo a las legisladoras y los legisladores a luchar hasta que ya no sea necesario hacerlo. Para hacer alianzas, necesitamos caminar juntas y juntos\u201d, enfatiz\u00f3.&nbsp;<\/p>\n\n\n\n<p class=\"wp-block-paragraph\">Llam\u00f3 a acabar con el sistema patriarcal, el machismo y tener conciencia sobre las formas de violencia y agresiones hacia las ni\u00f1as y mujeres, por rechazar la venta de ni\u00f1as, acabar con los matrimonios infantiles, no criminalizar la protesta, impulsar la despenalizaci\u00f3n del aborto para que las mujeres no mueran, abolir las dobles jornadas y a no criminalizar a las migrantes.<\/p>\n\n\n\n<p class=\"wp-block-paragraph\">La diputada de Movimiento Ciudadano, Jessica Ortega de la Cruz manifest\u00f3 que en M\u00e9xico ser mujer es un peligro latente y que 11 mujeres son asesinadas todos los d\u00edas al igual que se\u00f1alo la diputada Nayeli Arlen Fern\u00e1ndez Cruz del PVEM, quien dijo que las cifras de asesinatos de mujeres que se han registrado durante el primer semestre de 2020 signific\u00f3 que este periodo fuera el m\u00e1s violento de los \u00faltimos 30 a\u00f1os.<\/p>\n\n\n\n<p class=\"wp-block-paragraph\">Alma Carolina Viggiano Austria, diputada del PRI mencion\u00f3 que la pandemia est\u00e1 dando una dolorosa lecci\u00f3n, el hogar ya no es el sitio m\u00e1s seguro ni con las mujeres, las ni\u00f1as y los ni\u00f1os; la violencia contra las mujeres es la otra pandemia.&nbsp;<\/p>\n\n\n\n<p class=\"wp-block-paragraph\">La legisladora Esther Mart\u00ednez Romano del PT Coment\u00f3 que la violencia hacia las mujeres es una realidad que atenta contra los derechos humanos e impide el desarrollo de las libertades.<\/p>\n\n\n\n<p class=\"wp-block-paragraph\">Por el PAN, la diputada Joanna Alejandra Felipe Torres, mencion\u00f3 que desde el feminismo no se debe encajonar a las mujeres en roles y llam\u00f3 a rescatar el individualismo y la libertad de elegir, y que la segmentaci\u00f3n partidista no sea obst\u00e1culo para luchar por la erradicaci\u00f3n de la violencia de g\u00e9nero y formar alianzas estrat\u00e9gicas. \u201cNuestra aspiraci\u00f3n a la igualdad, paridad, libertad y justicia ha sido larga, pero siempre en el camino de la paz\u201d.<\/p>\n\n\n\n<p class=\"wp-block-paragraph\">La diputada Erika Vanessa Del Castillo Ibarra (Morena) indic\u00f3 que el hecho de que las mujeres hayan llegado aqu\u00ed \u201cno es por un acto de buena voluntad o porque se nos permiti\u00f3 o lo hayamos implorado, sino porque lo hemos conquistado\u201d. Afirm\u00f3 que no es menor tener un gobierno paritario y una C\u00e1mara de Diputados con el 50 por ciento de representaci\u00f3n de mujeres. \u201cTodo ello, no hubiera sido posible sin el movimiento feminista\u201d.<\/p>\n\n\n\n<p class=\"wp-block-paragraph\">En la sesi\u00f3n solemne estuvieron Nadine Gasman, presidenta del Instituto Nacional de las Mujeres, adem\u00e1s, el Pleno cameral dedic\u00f3 un minuto de aplausos en reconocimiento a todas las mujeres que d\u00eda a d\u00eda luchan en contra de la violencia, y guard\u00f3 un minuto de silencio por las mujeres que han sido v\u00edctimas de feminicidio.<\/p>\n","protected":false},"excerpt":{"rendered":"<p>M\u00e1s de 2 mil 400 mujeres asesinadas por raz\u00f3n de g\u00e9nero y 7 mil 100 por homicidio doloso en este gobierno, PRD<\/p>\n","protected":false},"author":3,"featured_media":42654,"comment_status":"open","ping_status":"open","sticky":false,"template":"","format":"standard","meta":{"_monsterinsights_skip_tracking":false,"footnotes":""},"categories":[626,692],"tags":[627,149],"class_list":["post-42653","post","type-post","status-publish","format-standard","has-post-thumbnail","category-16-dias","category-692","tag-16dias","tag-mujeres"],"_links":{"self":[{"href":"https:\/\/redsemlac.com\/semmexico\/wp-json\/wp\/v2\/posts\/42653","targetHints":{"allow":["GET"]}}],"collection":[{"href":"https:\/\/redsemlac.com\/semmexico\/wp-json\/wp\/v2\/posts"}],"about":[{"href":"https:\/\/redsemlac.com\/semmexico\/wp-json\/wp\/v2\/types\/post"}],"author":[{"embeddable":true,"href":"https:\/\/redsemlac.com\/semmexico\/wp-json\/wp\/v2\/users\/3"}],"replies":[{"embeddable":true,"href":"https:\/\/redsemlac.com\/semmexico\/wp-json\/wp\/v2\/comments?post=42653"}],"version-history":[{"count":0,"href":"https:\/\/redsemlac.com\/semmexico\/wp-json\/wp\/v2\/posts\/42653\/revisions"}],"wp:featuredmedia":[{"embeddable":true,"href":"https:\/\/redsemlac.com\/semmexico\/wp-json\/wp\/v2\/media\/42654"}],"wp:attachment":[{"href":"https:\/\/redsemlac.com\/semmexico\/wp-json\/wp\/v2\/media?parent=42653"}],"wp:term":[{"taxonomy":"category","embeddable":true,"href":"https:\/\/redsemlac.com\/semmexico\/wp-json\/wp\/v2\/categories?post=42653"},{"taxonomy":"post_tag","embeddable":true,"href":"https:\/\/redsemlac.com\/semmexico\/wp-json\/wp\/v2\/tags?post=42653"}],"curies":[{"name":"wp","href":"https:\/\/api.w.org\/{rel}","templated":true}]}}