{"id":42636,"date":"2021-11-26T10:05:46","date_gmt":"2021-11-26T16:05:46","guid":{"rendered":"https:\/\/redsemlac.com\/semmexico\/?p=42636"},"modified":"2023-07-21T18:52:56","modified_gmt":"2023-07-21T23:52:56","slug":"la-violencia-contra-las-mujeres-en-mexico-una-emergencia-onu-mujeres","status":"publish","type":"post","link":"https:\/\/redsemlac.com\/semmexico\/la-violencia-contra-las-mujeres-en-mexico-una-emergencia-onu-mujeres\/","title":{"rendered":"La violencia contra las mujeres en M\u00e9xico \u201cuna emergencia\u201d ONU Mujeres"},"content":{"rendered":"\n<ul class=\"wp-block-list\"><li><strong>En conmemoraci\u00f3n del 25N Gobierno Federal habla raro: \u201cviolencia multisectorial\u201d<\/strong><\/li><li><strong>Funcionarias se unen al \u201cbasta de las violencias contra las mujeres\u201d<\/strong><\/li><\/ul>\n\n\n\n<p class=\"wp-block-paragraph\"><strong>Elda Montiel<\/strong><\/p>\n\n\n\n<p class=\"wp-block-paragraph\">SemM\u00e9xico, Cd. de M\u00e9xico, 26 de noviembre 2021.-&nbsp; El 25 de noviembre y los 16 d\u00edas de activismo contra la violencia de g\u00e9nero son una jornada de car\u00e1cter mundial, necesarios para sensibilizar a la sociedad, para decir \u201cbasta de las violencias contra las mujeres y las ni\u00f1as\u201d, \u201cbasta de seguir tolerando que ellas sigan siendo abusadas, maltratadas o agredidas\u201d, dijo Nadine Gasman, al presidir el evento \u201cCompromisos para prevenir las violencias y garantizar el bienestar de las mujeres \u201c.<\/p>\n\n\n\n<p class=\"wp-block-paragraph\">La titular del Instituto Nacional de las Mujeres (INMUJERES) precis\u00f3 que las &nbsp;&nbsp;instituciones que conforman al Estado mexicano est\u00e1n profundamente comprometidas con impulsar cambios de fondo para transformar radicalmente toda situaci\u00f3n que normalice y tolere discriminaci\u00f3n, exclusi\u00f3n y violencias. \u201cPor eso nos enfocamos en la prevenci\u00f3n\u201d acot\u00f3.<\/p>\n\n\n\n<p class=\"wp-block-paragraph\">En el evento central del gobierno mexicano en el D\u00eda Internacional de la Violencia contra las Mujeres, el coordinador residente de ONU Mujeres M\u00e9xico, Peter Grohman calific\u00f3 de emergencia atender la violencia contra las mujeres y combatir la impunidad. Se requieren recursos, leyes, voluntad pol\u00edtica de los tres poderes y de los tres niveles de gobierno y presupuestos adecuados.<\/p>\n\n\n\n<p class=\"wp-block-paragraph\">Reiter\u00f3 el compromiso de ONU Mujeres en apoyar en esta emergencia al gobierno mexicano y llamo a \u201cunirnos para no dejar ninguna mujer, ninguna ni\u00f1a a la trata de personas\u201d.&nbsp;<\/p>\n\n\n\n<p class=\"wp-block-paragraph\">Dijo que este es un d\u00eda para honrar a las ni\u00f1as y mujeres cuyas vidas han sido arrebatas por la violencia y para que se haga justicia en favor de las v\u00edctimas y sus familiares.<\/p>\n\n\n\n<p class=\"wp-block-paragraph\">Por su parte, la presidente de la Mesa Directiva del Senado, Olga S\u00e1nchez Cordero de manera virtual considero que \u201cno podemos hablar de justicia mientras se sigan violando los derechos de las mujeres. Tenemos que seguir publicando los avances y las estad\u00edsticas de las realidades que no nos dejan avanzar. Hizo un llamado a trabajar juntos para que un d\u00eda el futuro sea distinto para las mujeres en nuestro pa\u00eds.&nbsp;&nbsp;&nbsp;<\/p>\n\n\n\n<h2 class=\"wp-block-heading\"><strong>La pobreza tiene cara de mujer<\/strong><\/h2>\n\n\n\n<p class=\"wp-block-paragraph\">La pobreza tiene rostro de mujer, seg\u00fan datos del CONEVAL, 24.6 millones de mexicanas se encuentran en violencia multifactorial. Lo que las vuelve m\u00e1s vulnerables por lo que es necesario saldar esta deuda hist\u00f3rica y para ello hacemos m\u00faltiples acciones aseguro durante su participaci\u00f3n, Luz Beatriz Rosales Esteva, titular del Instituto Nacional del Desarrollo Social (INDESOL).<\/p>\n\n\n\n<p class=\"wp-block-paragraph\">Mar\u00eda del Roc\u00edo Garc\u00eda P\u00e9rez titular del Sistema Nacional para el Desarrollo Integral de la Familia (DIF) dijo que la violencia contra las mujeres es reprobable e inaceptable, la magnitud cuando es contra ni\u00f1as reci\u00e9n nacidas de j\u00f3venes, por ello se cre\u00f3 el Protocolo de Protecci\u00f3n de Ni\u00f1as, Ni\u00f1os y Adolescentes. &nbsp;<\/p>\n\n\n\n<p class=\"wp-block-paragraph\">Cada feminicidio y cada agresi\u00f3n contra las mujeres y las ni\u00f1as nos impacta y nos emplaza; estamos actuando para eliminar la impunidad y para garantizar a las mujeres el acceso a la justicia dijo Fabiola Alan\u00eds S\u00e1mano, titular de la Comisi\u00f3n Nacional para Prevenir la Violencia contra las Mujeres (Conavim).<\/p>\n\n\n\n<p class=\"wp-block-paragraph\">Consider\u00f3 que es urgente revertir el escenario en donde las muertes violentas de mujeres y ni\u00f1as es de 10 casos al d\u00eda, por lo que preciso que hay que enviar el mensaje de cero impunidades. \u201ccerremos filas para garantizar una vida digna y plena a las mujeres y las ni\u00f1as del pa\u00eds; cerremos filas llegando a tiempo, atendiendo con empat\u00eda las llamadas de auxilio y leyendo entre l\u00edneas los mensajes de las ni\u00f1as y adolescentes que est\u00e1n siendo hostigadas, acosadas y violentadas sexualmente y que por miedo no denuncian\u201d.<\/p>\n\n\n\n<p class=\"wp-block-paragraph\">La secretaria de Seguridad y Protecci\u00f3n Ciudadana, Rosa Isela Rodr\u00edguez, en un mensaje enviado por video informo que pr\u00f3ximamente se publicara el modelo de protecci\u00f3n primaria contra la violencia a las mujeres dentro de un programa para recuperar la paz, restablecer la seguridad y asegurar la impartici\u00f3n de justicia que se suman a las nuevas estrategias para atender los delitos de g\u00e9nero.<\/p>\n\n\n\n<p class=\"wp-block-paragraph\">Tambi\u00e9n participo la Secretaria de Cultura, Alejandra Fraustro, quien dijo que la cultura tiene posibilidades de tejer realidades distintas, conciencias distintas. D\u00f3nde se desat\u00f3 la violencia, nosotras desatemos la paz a trav\u00e9s de la cultura, el arte que nos toca el coraz\u00f3n. Poner la cultura al servicio de una transformaci\u00f3n de conciencias.<\/p>\n","protected":false},"excerpt":{"rendered":"<p>En conmemoraci\u00f3n del 25N Gobierno Federal habla raro: \u201cviolencia multisectorial\u201d<\/p>\n","protected":false},"author":3,"featured_media":42637,"comment_status":"open","ping_status":"open","sticky":false,"template":"","format":"standard","meta":{"_monsterinsights_skip_tracking":false,"footnotes":""},"categories":[692,51],"tags":[],"class_list":["post-42636","post","type-post","status-publish","format-standard","has-post-thumbnail","category-692","category-ejecutivo"],"_links":{"self":[{"href":"https:\/\/redsemlac.com\/semmexico\/wp-json\/wp\/v2\/posts\/42636","targetHints":{"allow":["GET"]}}],"collection":[{"href":"https:\/\/redsemlac.com\/semmexico\/wp-json\/wp\/v2\/posts"}],"about":[{"href":"https:\/\/redsemlac.com\/semmexico\/wp-json\/wp\/v2\/types\/post"}],"author":[{"embeddable":true,"href":"https:\/\/redsemlac.com\/semmexico\/wp-json\/wp\/v2\/users\/3"}],"replies":[{"embeddable":true,"href":"https:\/\/redsemlac.com\/semmexico\/wp-json\/wp\/v2\/comments?post=42636"}],"version-history":[{"count":0,"href":"https:\/\/redsemlac.com\/semmexico\/wp-json\/wp\/v2\/posts\/42636\/revisions"}],"wp:featuredmedia":[{"embeddable":true,"href":"https:\/\/redsemlac.com\/semmexico\/wp-json\/wp\/v2\/media\/42637"}],"wp:attachment":[{"href":"https:\/\/redsemlac.com\/semmexico\/wp-json\/wp\/v2\/media?parent=42636"}],"wp:term":[{"taxonomy":"category","embeddable":true,"href":"https:\/\/redsemlac.com\/semmexico\/wp-json\/wp\/v2\/categories?post=42636"},{"taxonomy":"post_tag","embeddable":true,"href":"https:\/\/redsemlac.com\/semmexico\/wp-json\/wp\/v2\/tags?post=42636"}],"curies":[{"name":"wp","href":"https:\/\/api.w.org\/{rel}","templated":true}]}}